{"id":1125,"date":"2024-08-12T10:50:41","date_gmt":"2024-08-12T08:50:41","guid":{"rendered":"http:\/\/5.45.101.177\/haut-allier\/usagers-transportse\/index.php\/2024\/08\/12\/140-ans-de-l-ouest-de-la-ligne1125\/"},"modified":"2024-08-12T10:50:41","modified_gmt":"2024-08-12T08:50:41","slug":"140-ans-de-l-ouest-de-la-ligne1125","status":"publish","type":"post","link":"https:\/\/usagers-transports.haut-allier.eu\/index.php\/2024\/08\/12\/140-ans-de-l-ouest-de-la-ligne1125\/","title":{"rendered":"140 ans de l&rsquo;ouest de la ligne Transloz\u00e9rienne \u00e0 Marvejols"},"content":{"rendered":"<p>Le 11 aout 2024 avait lieu en Loz\u00e8re les c\u00e9l\u00e9brations de cet anniversaire par une chaude journ\u00e9e d&rsquo;\u00e9t\u00e9.<\/p>\n<p>L&rsquo;arriv\u00e9e du train sp\u00e9cial de l&rsquo;association AP2800 vers midi :<\/p>\n<p><a href=\"http:\/\/5.45.101.177\/haut-allier\/usagers-transportse\/wp-content\/uploads\/2024\/08\/arrivee-2800.mp4\">arrivee-2800.mp4<\/a><\/p>\n<p><em>Le barnum des stands<\/em><br \/>\n<img loading=\"lazy\" decoding=\"async\" class=\" aligncenter size-full wp-image-5233\" src=\"http:\/\/5.45.101.177\/haut-allier\/usagers-transportse\/wp-content\/uploads\/2024\/08\/okimg_20240811_105840_462.jpg\" alt=\"okimg_20240811_105840_462.jpg\" align=\"center\" width=\"2000\" height=\"1125\" srcset=\"https:\/\/usagers-transports.haut-allier.eu\/wp-content\/uploads\/2024\/08\/okimg_20240811_105840_462.jpg 2000w, https:\/\/usagers-transports.haut-allier.eu\/wp-content\/uploads\/2024\/08\/okimg_20240811_105840_462-300x169.jpg 300w, https:\/\/usagers-transports.haut-allier.eu\/wp-content\/uploads\/2024\/08\/okimg_20240811_105840_462-1024x576.jpg 1024w, https:\/\/usagers-transports.haut-allier.eu\/wp-content\/uploads\/2024\/08\/okimg_20240811_105840_462-768x432.jpg 768w, https:\/\/usagers-transports.haut-allier.eu\/wp-content\/uploads\/2024\/08\/okimg_20240811_105840_462-1536x864.jpg 1536w\" sizes=\"auto, (max-width: 2000px) 100vw, 2000px\" \/><\/p>\n<p><em>Jean-Louis Maurin y pr\u00e9sentait son dernier livre<\/em><br \/>\n<img loading=\"lazy\" decoding=\"async\" class=\" aligncenter size-full wp-image-5234\" src=\"http:\/\/5.45.101.177\/haut-allier\/usagers-transportse\/wp-content\/uploads\/2024\/08\/okimg_20240811_142640_559.jpg\" alt=\"okimg_20240811_142640_559.jpg\" align=\"center\" width=\"2000\" height=\"1125\" srcset=\"https:\/\/usagers-transports.haut-allier.eu\/wp-content\/uploads\/2024\/08\/okimg_20240811_142640_559.jpg 2000w, https:\/\/usagers-transports.haut-allier.eu\/wp-content\/uploads\/2024\/08\/okimg_20240811_142640_559-300x169.jpg 300w, https:\/\/usagers-transports.haut-allier.eu\/wp-content\/uploads\/2024\/08\/okimg_20240811_142640_559-1024x576.jpg 1024w, https:\/\/usagers-transports.haut-allier.eu\/wp-content\/uploads\/2024\/08\/okimg_20240811_142640_559-768x432.jpg 768w, https:\/\/usagers-transports.haut-allier.eu\/wp-content\/uploads\/2024\/08\/okimg_20240811_142640_559-1536x864.jpg 1536w\" sizes=\"auto, (max-width: 2000px) 100vw, 2000px\" \/><\/p>\n<p><em>Quelques p\u00e9pites<\/em><br \/>\n<img loading=\"lazy\" decoding=\"async\" class=\" aligncenter size-full wp-image-5235\" src=\"http:\/\/5.45.101.177\/haut-allier\/usagers-transportse\/wp-content\/uploads\/2024\/08\/okimg_20240811_110058_933.jpg\" alt=\"okimg_20240811_110058_933.jpg\" align=\"center\" width=\"2000\" height=\"1125\" srcset=\"https:\/\/usagers-transports.haut-allier.eu\/wp-content\/uploads\/2024\/08\/okimg_20240811_110058_933.jpg 2000w, https:\/\/usagers-transports.haut-allier.eu\/wp-content\/uploads\/2024\/08\/okimg_20240811_110058_933-300x169.jpg 300w, https:\/\/usagers-transports.haut-allier.eu\/wp-content\/uploads\/2024\/08\/okimg_20240811_110058_933-1024x576.jpg 1024w, https:\/\/usagers-transports.haut-allier.eu\/wp-content\/uploads\/2024\/08\/okimg_20240811_110058_933-768x432.jpg 768w, https:\/\/usagers-transports.haut-allier.eu\/wp-content\/uploads\/2024\/08\/okimg_20240811_110058_933-1536x864.jpg 1536w\" sizes=\"auto, (max-width: 2000px) 100vw, 2000px\" \/><br \/>\n<img loading=\"lazy\" decoding=\"async\" class=\" aligncenter size-full wp-image-5236\" src=\"http:\/\/5.45.101.177\/haut-allier\/usagers-transportse\/wp-content\/uploads\/2024\/08\/okimg_20240811_142730_431.jpg\" alt=\"okimg_20240811_142730_431.jpg\" align=\"center\" width=\"1582\" height=\"2500\" srcset=\"https:\/\/usagers-transports.haut-allier.eu\/wp-content\/uploads\/2024\/08\/okimg_20240811_142730_431.jpg 1582w, https:\/\/usagers-transports.haut-allier.eu\/wp-content\/uploads\/2024\/08\/okimg_20240811_142730_431-190x300.jpg 190w, https:\/\/usagers-transports.haut-allier.eu\/wp-content\/uploads\/2024\/08\/okimg_20240811_142730_431-648x1024.jpg 648w, https:\/\/usagers-transports.haut-allier.eu\/wp-content\/uploads\/2024\/08\/okimg_20240811_142730_431-768x1214.jpg 768w, https:\/\/usagers-transports.haut-allier.eu\/wp-content\/uploads\/2024\/08\/okimg_20240811_142730_431-972x1536.jpg 972w, https:\/\/usagers-transports.haut-allier.eu\/wp-content\/uploads\/2024\/08\/okimg_20240811_142730_431-1296x2048.jpg 1296w\" sizes=\"auto, (max-width: 1582px) 100vw, 1582px\" \/><br \/>\n<img loading=\"lazy\" decoding=\"async\" class=\" aligncenter size-full wp-image-5237\" src=\"http:\/\/5.45.101.177\/haut-allier\/usagers-transportse\/wp-content\/uploads\/2024\/08\/okimg_20240811_142741_723.jpg\" alt=\"okimg_20240811_142741_723.jpg\" align=\"center\" width=\"2000\" height=\"1723\" srcset=\"https:\/\/usagers-transports.haut-allier.eu\/wp-content\/uploads\/2024\/08\/okimg_20240811_142741_723.jpg 2000w, https:\/\/usagers-transports.haut-allier.eu\/wp-content\/uploads\/2024\/08\/okimg_20240811_142741_723-300x258.jpg 300w, https:\/\/usagers-transports.haut-allier.eu\/wp-content\/uploads\/2024\/08\/okimg_20240811_142741_723-1024x882.jpg 1024w, https:\/\/usagers-transports.haut-allier.eu\/wp-content\/uploads\/2024\/08\/okimg_20240811_142741_723-768x662.jpg 768w, https:\/\/usagers-transports.haut-allier.eu\/wp-content\/uploads\/2024\/08\/okimg_20240811_142741_723-1536x1323.jpg 1536w\" sizes=\"auto, (max-width: 2000px) 100vw, 2000px\" \/><\/p>\n<p><em>Beaucoup de maquettes<\/em><br \/>\n<img loading=\"lazy\" decoding=\"async\" class=\" aligncenter size-full wp-image-5238\" src=\"http:\/\/5.45.101.177\/haut-allier\/usagers-transportse\/wp-content\/uploads\/2024\/08\/vlcsnap-2024-08-12-09h48m21s841.png\" alt=\"vlcsnap-2024-08-12-09h48m21s841.png\" align=\"center\" width=\"1280\" height=\"720\" srcset=\"https:\/\/usagers-transports.haut-allier.eu\/wp-content\/uploads\/2024\/08\/vlcsnap-2024-08-12-09h48m21s841.png 1280w, https:\/\/usagers-transports.haut-allier.eu\/wp-content\/uploads\/2024\/08\/vlcsnap-2024-08-12-09h48m21s841-300x169.png 300w, https:\/\/usagers-transports.haut-allier.eu\/wp-content\/uploads\/2024\/08\/vlcsnap-2024-08-12-09h48m21s841-1024x576.png 1024w, https:\/\/usagers-transports.haut-allier.eu\/wp-content\/uploads\/2024\/08\/vlcsnap-2024-08-12-09h48m21s841-768x432.png 768w\" sizes=\"auto, (max-width: 1280px) 100vw, 1280px\" \/><br \/>\n<img loading=\"lazy\" decoding=\"async\" class=\" aligncenter size-full wp-image-5239\" src=\"http:\/\/5.45.101.177\/haut-allier\/usagers-transportse\/wp-content\/uploads\/2024\/08\/vlcsnap-2024-08-12-09h48m45s498.png\" alt=\"vlcsnap-2024-08-12-09h48m45s498.png\" align=\"center\" width=\"1280\" height=\"720\" srcset=\"https:\/\/usagers-transports.haut-allier.eu\/wp-content\/uploads\/2024\/08\/vlcsnap-2024-08-12-09h48m45s498.png 1280w, https:\/\/usagers-transports.haut-allier.eu\/wp-content\/uploads\/2024\/08\/vlcsnap-2024-08-12-09h48m45s498-300x169.png 300w, https:\/\/usagers-transports.haut-allier.eu\/wp-content\/uploads\/2024\/08\/vlcsnap-2024-08-12-09h48m45s498-1024x576.png 1024w, https:\/\/usagers-transports.haut-allier.eu\/wp-content\/uploads\/2024\/08\/vlcsnap-2024-08-12-09h48m45s498-768x432.png 768w\" sizes=\"auto, (max-width: 1280px) 100vw, 1280px\" \/><br \/>\n<img loading=\"lazy\" decoding=\"async\" class=\" aligncenter size-full wp-image-5240\" src=\"http:\/\/5.45.101.177\/haut-allier\/usagers-transportse\/wp-content\/uploads\/2024\/08\/vlcsnap-2024-08-12-09h46m57s235.png\" alt=\"vlcsnap-2024-08-12-09h46m57s235.png\" align=\"center\" width=\"1280\" height=\"720\" srcset=\"https:\/\/usagers-transports.haut-allier.eu\/wp-content\/uploads\/2024\/08\/vlcsnap-2024-08-12-09h46m57s235.png 1280w, https:\/\/usagers-transports.haut-allier.eu\/wp-content\/uploads\/2024\/08\/vlcsnap-2024-08-12-09h46m57s235-300x169.png 300w, https:\/\/usagers-transports.haut-allier.eu\/wp-content\/uploads\/2024\/08\/vlcsnap-2024-08-12-09h46m57s235-1024x576.png 1024w, https:\/\/usagers-transports.haut-allier.eu\/wp-content\/uploads\/2024\/08\/vlcsnap-2024-08-12-09h46m57s235-768x432.png 768w\" sizes=\"auto, (max-width: 1280px) 100vw, 1280px\" \/><\/p>\n<p>Eric Pociello de l&rsquo;association des usagers des transports de Loz\u00e8re (AUTL) fait un point sur le Transloz\u00e9rien :<\/p>\n<p><a href=\"http:\/\/5.45.101.177\/haut-allier\/usagers-transportse\/wp-content\/uploads\/2024\/08\/eric-pociello-320_edit.mp4\">eric-pociello-320_edit.mp4<\/a><\/p>\n<p>Sympathique journ\u00e9e avec la pr\u00e9sence de Jean-Luc Gibelin, Vice-pr\u00e9sident de la r\u00e9gion Occitanie en charge des mobilit\u00e9s, avec qui nous avons pu \u00e9changer longuement.<\/p>\n","protected":false},"excerpt":{"rendered":"<p>Le 11 aout 2024 avait lieu en Loz\u00e8re les c\u00e9l\u00e9brations de cet anniversaire par une chaude journ\u00e9e d&rsquo;\u00e9t\u00e9.<\/p>\n","protected":false},"author":1,"featured_media":5231,"comment_status":"closed","ping_status":"open","sticky":false,"template":"","format":"standard","meta":{"footnotes":""},"categories":[3],"tags":[],"class_list":["post-1125","post","type-post","status-publish","format-standard","has-post-thumbnail","hentry","category-en-train"],"_links":{"self":[{"href":"https:\/\/usagers-transports.haut-allier.eu\/index.php\/wp-json\/wp\/v2\/posts\/1125","targetHints":{"allow":["GET"]}}],"collection":[{"href":"https:\/\/usagers-transports.haut-allier.eu\/index.php\/wp-json\/wp\/v2\/posts"}],"about":[{"href":"https:\/\/usagers-transports.haut-allier.eu\/index.php\/wp-json\/wp\/v2\/types\/post"}],"author":[{"embeddable":true,"href":"https:\/\/usagers-transports.haut-allier.eu\/index.php\/wp-json\/wp\/v2\/users\/1"}],"replies":[{"embeddable":true,"href":"https:\/\/usagers-transports.haut-allier.eu\/index.php\/wp-json\/wp\/v2\/comments?post=1125"}],"version-history":[{"count":0,"href":"https:\/\/usagers-transports.haut-allier.eu\/index.php\/wp-json\/wp\/v2\/posts\/1125\/revisions"}],"wp:featuredmedia":[{"embeddable":true,"href":"https:\/\/usagers-transports.haut-allier.eu\/index.php\/wp-json\/wp\/v2\/media\/5231"}],"wp:attachment":[{"href":"https:\/\/usagers-transports.haut-allier.eu\/index.php\/wp-json\/wp\/v2\/media?parent=1125"}],"wp:term":[{"taxonomy":"category","embeddable":true,"href":"https:\/\/usagers-transports.haut-allier.eu\/index.php\/wp-json\/wp\/v2\/categories?post=1125"},{"taxonomy":"post_tag","embeddable":true,"href":"https:\/\/usagers-transports.haut-allier.eu\/index.php\/wp-json\/wp\/v2\/tags?post=1125"}],"curies":[{"name":"wp","href":"https:\/\/api.w.org\/{rel}","templated":true}]}}