{"id":1127,"date":"2024-09-03T09:05:27","date_gmt":"2024-09-03T07:05:27","guid":{"rendered":"http:\/\/5.45.101.177\/haut-allier\/usagers-transportse\/index.php\/2024\/09\/03\/cote-occitanie-la-rentree-avec-les1127\/"},"modified":"2024-09-03T09:05:27","modified_gmt":"2024-09-03T07:05:27","slug":"cote-occitanie-la-rentree-avec-les1127","status":"publish","type":"post","link":"https:\/\/usagers-transports.haut-allier.eu\/index.php\/2024\/09\/03\/cote-occitanie-la-rentree-avec-les1127\/","title":{"rendered":"C\u00f4t\u00e9 Occitanie : la rentr\u00e9e avec les TER \u00e0 1 euro les 7 et 8 septembre"},"content":{"rendered":"<p>On ne peut qu&rsquo;app\u00e9cier la constance de cette r\u00e9gion dans sa politique de tarification du train puisque la rentr\u00e9e de septembre s&rsquo;effectue avec les billets \u00e0 un euro sur tout le r\u00e9seau TER occitan pour tout le monde samedi et dimanche prochains.<\/p>\n<p>Les voyages ayant pour origine ou destination une gare Occitanie sont concern\u00e9s. Le ticket \u00e0 un euro sera en effet valable aussi sur les trains LIO depuis Clermont-Ferrand, Pau, Agen, Avignon Centre&#8230;<\/p>\n<p>https:\/\/www.ter.sncf.com\/occitanie\/tarifs-cartes\/bons-plans\/premier-week-end-un-euro<\/p>\n<p>mais ils sont disponibles aussi sur <\/p>\n<p>https:\/\/sncf-connect.com<\/p>\n<p><strong>Trains \u00ab\u00a0complets\u00a0\u00bb<\/strong><\/p>\n<p>Si un liO Train, un jour donn\u00e9 appara\u00eet en \u00ab complet \u00bb dans votre application, on pourra acheter un billet pour le liO Train suivant ou pr\u00e9c\u00e9dent. Les contr\u00f4leurs s&rsquo;il y a des places ne vous diront rien.<\/p>\n<p><strong>Scinder ses trajets<\/strong><\/p>\n<p>Si vous effectuez un trajet en correspondance lors de votre recherche d&rsquo;horaires, le billet 1\u20ac ne sera pas propos\u00e9 et le r\u00e9sultat vous affichera d&rsquo;autres prix, pour b\u00e9n\u00e9ficier du tarif 1\u20ac en liO Train il vous faudra effectuer votre parcours d\u2019achat en 2 fois (1 billet 1 \u20ac pour chaque liO Train utilis\u00e9).<\/p>\n<p><strong>Conditions de l&rsquo;offre<\/strong><\/p>\n<p>Offre valable uniquement en liO Train \u00e0 la date et l&rsquo;heure choisies lors de votre achat et reprises sur votre billet.<\/p>\n<p>Offre non propos\u00e9e sur les trains identifi\u00e9s dans les formules Skirail, non propos\u00e9e pour des voyages sur les TER de la r\u00e9gion Sud et Auvergne Rh\u00f4ne Alpes, non valable \u00e0 bord des Intercit\u00e9s, TGV inOui et Ouigo.<\/p>\n<p>Composez votre voyage avec la carte ci-dessous :<\/p>\n<p><img loading=\"lazy\" decoding=\"async\" class=\" aligncenter size-full wp-image-5245\" src=\"http:\/\/5.45.101.177\/haut-allier\/usagers-transportse\/wp-content\/uploads\/2024\/09\/reseau_ferroviaire_occitanie_nov_2022-scaled.jpg\" alt=\"reseau_ferroviaire_occitanie_nov_2022.jpg\" align=\"center\" width=\"2560\" height=\"2454\" srcset=\"https:\/\/usagers-transports.haut-allier.eu\/wp-content\/uploads\/2024\/09\/reseau_ferroviaire_occitanie_nov_2022-scaled.jpg 2560w, https:\/\/usagers-transports.haut-allier.eu\/wp-content\/uploads\/2024\/09\/reseau_ferroviaire_occitanie_nov_2022-300x288.jpg 300w, https:\/\/usagers-transports.haut-allier.eu\/wp-content\/uploads\/2024\/09\/reseau_ferroviaire_occitanie_nov_2022-1024x982.jpg 1024w, https:\/\/usagers-transports.haut-allier.eu\/wp-content\/uploads\/2024\/09\/reseau_ferroviaire_occitanie_nov_2022-768x736.jpg 768w, https:\/\/usagers-transports.haut-allier.eu\/wp-content\/uploads\/2024\/09\/reseau_ferroviaire_occitanie_nov_2022-1536x1473.jpg 1536w, https:\/\/usagers-transports.haut-allier.eu\/wp-content\/uploads\/2024\/09\/reseau_ferroviaire_occitanie_nov_2022-2048x1964.jpg 2048w\" sizes=\"auto, (max-width: 2560px) 100vw, 2560px\" \/><\/p>\n<p>Bon week-end \u00e0 un euro !<\/p>\n","protected":false},"excerpt":{"rendered":"<p>On ne peut qu&rsquo;app\u00e9cier la constance de cette r\u00e9gion dans sa politique de tarification du train puisque la<\/p>\n","protected":false},"author":1,"featured_media":5244,"comment_status":"closed","ping_status":"open","sticky":false,"template":"","format":"standard","meta":{"footnotes":""},"categories":[3],"tags":[],"class_list":["post-1127","post","type-post","status-publish","format-standard","has-post-thumbnail","hentry","category-en-train"],"_links":{"self":[{"href":"https:\/\/usagers-transports.haut-allier.eu\/index.php\/wp-json\/wp\/v2\/posts\/1127","targetHints":{"allow":["GET"]}}],"collection":[{"href":"https:\/\/usagers-transports.haut-allier.eu\/index.php\/wp-json\/wp\/v2\/posts"}],"about":[{"href":"https:\/\/usagers-transports.haut-allier.eu\/index.php\/wp-json\/wp\/v2\/types\/post"}],"author":[{"embeddable":true,"href":"https:\/\/usagers-transports.haut-allier.eu\/index.php\/wp-json\/wp\/v2\/users\/1"}],"replies":[{"embeddable":true,"href":"https:\/\/usagers-transports.haut-allier.eu\/index.php\/wp-json\/wp\/v2\/comments?post=1127"}],"version-history":[{"count":0,"href":"https:\/\/usagers-transports.haut-allier.eu\/index.php\/wp-json\/wp\/v2\/posts\/1127\/revisions"}],"wp:featuredmedia":[{"embeddable":true,"href":"https:\/\/usagers-transports.haut-allier.eu\/index.php\/wp-json\/wp\/v2\/media\/5244"}],"wp:attachment":[{"href":"https:\/\/usagers-transports.haut-allier.eu\/index.php\/wp-json\/wp\/v2\/media?parent=1127"}],"wp:term":[{"taxonomy":"category","embeddable":true,"href":"https:\/\/usagers-transports.haut-allier.eu\/index.php\/wp-json\/wp\/v2\/categories?post=1127"},{"taxonomy":"post_tag","embeddable":true,"href":"https:\/\/usagers-transports.haut-allier.eu\/index.php\/wp-json\/wp\/v2\/tags?post=1127"}],"curies":[{"name":"wp","href":"https:\/\/api.w.org\/{rel}","templated":true}]}}