{"id":1128,"date":"2024-09-04T08:26:02","date_gmt":"2024-09-04T06:26:02","guid":{"rendered":"http:\/\/5.45.101.177\/haut-allier\/usagers-transportse\/index.php\/2024\/09\/04\/avionisation-des-trains-sncf-le1128\/"},"modified":"2024-09-04T08:26:02","modified_gmt":"2024-09-04T06:26:02","slug":"avionisation-des-trains-sncf-le1128","status":"publish","type":"post","link":"https:\/\/usagers-transports.haut-allier.eu\/index.php\/2024\/09\/04\/avionisation-des-trains-sncf-le1128\/","title":{"rendered":"Avionisation des trains SNCF : nombre et dimensions des bagages limit\u00e9s \u00e0 partir du 15 septembre"},"content":{"rendered":"<p>Pour les TGV Inoui et les trains Intercit\u00e9s. Amende en vue de 50 euros pour bagage excessif. On y va tout droit dans le mur, et gr\u00e2ce \u00e0 de tr\u00e8s rares cas qui ont semble-t-il pos\u00e9 probl\u00e8me (surtout \u00e0 des agents de contr\u00f4le \u00e0 bord), la soci\u00e9t\u00e9 dite ferroviaire \u00e9tend ses mesures restrictives concernant les bagages \u00e0 tout le pays !<\/p>\n<p><strong>Nouvelles mesures<\/strong><\/p>\n<p>Chaque passager sera autoris\u00e9 \u00e0 emporter 2 bagages \u00e9tiquet\u00e9s, un bagage cabine et un bagage \u00e0 main. Une mesure qui n\u2019est pas sans rappeler les restrictions en vigueur dans les transports a\u00e9riens.<\/p>\n<p>La r\u00e8gle \u00e9tait d\u00e9j\u00e0 en vigueur depuis le 15 f\u00e9vrier dernier, mais elle fera maintenant l\u2019objet d\u2019une vigilance. En cas de non-respect une amende de 50 euros sera appliqu\u00e9e. Jusqu\u2019\u00e0 pr\u00e9sent, seules les offres low cost Ouigo imposaient de telles restrictions.<\/p>\n<p><a href=\"https:\/\/sncf-connect.com\"><em>SNCF Connect<\/em><\/a> indique que le bagage cabine ne devra pas exc\u00e9der des dimensions de 70 x 90 x 50 cm, et le bagage \u00e0 main 40 x 30 x 15 cm.<\/p>\n<p><strong>Exceptions pour les objets encombrants<br \/>\n<\/strong><\/p>\n<p>Comme les poussettes, les trottinettes, les instruments de musique ou les \u00e9quipements de sports nautiques et de glisse. Ils ne devront pas d\u00e9passer 90 x 130 cm et devront \u00eatre pli\u00e9s ou rang\u00e9s dans un \u00e9tui \u00e9tiquet\u00e9. Pour les skis, chaque voyageur pourra transporter une seule paire, sans restriction de taille, plac\u00e9e dans une housse \u00e9tiquet\u00e9e.<\/p>\n<p>Les cyclistes auront deux choix : ils pourront voyager avec leur v\u00e9lo pli\u00e9 ou d\u00e9mont\u00e9, sous housse \u00e9tiquet\u00e9e, et b\u00e9n\u00e9ficieront d\u2019une double sacoche \u00e9tiquet\u00e9e et d\u2019un bagage \u00e0 main \u00e9tiquet\u00e9. Ils pourront aussi acheter un billet suppl\u00e9mentaire \u00e0 10 euros pour transporter leur v\u00e9lo non pli\u00e9, avec l&rsquo;\u00e9ventualit\u00e9 d\u2019emporter un bagage \u00e9tiquet\u00e9, une double sacoche et un bagage \u00e0 main.<\/p>\n<p>Les bagages \u00e0 main devront \u00eatre rang\u00e9s aux pieds, sous son si\u00e8ge ou au-dessus. Pour les autres bagages plus volumineux, des espaces sont disponibles \u00e0 l\u2019entr\u00e9e, au centre ou au fond de chaque voiture.<\/p>\n<p><img loading=\"lazy\" decoding=\"async\" class=\" aligncenter size-full wp-image-5247\" src=\"http:\/\/5.45.101.177\/haut-allier\/usagers-transportse\/wp-content\/uploads\/2024\/09\/cyclistes.jpg\" alt=\"cyclistes.jpg\" align=\"center\" width=\"828\" height=\"552\" srcset=\"https:\/\/usagers-transports.haut-allier.eu\/wp-content\/uploads\/2024\/09\/cyclistes.jpg 828w, https:\/\/usagers-transports.haut-allier.eu\/wp-content\/uploads\/2024\/09\/cyclistes-300x200.jpg 300w, https:\/\/usagers-transports.haut-allier.eu\/wp-content\/uploads\/2024\/09\/cyclistes-768x512.jpg 768w\" sizes=\"auto, (max-width: 828px) 100vw, 828px\" \/><\/p>\n<p>La version SNCF dira que les nouvelles r\u00e8gles viseront \u00e0 limiter les abus tout en garantissant un confort accru&#8230; La direction de la SNCF soulignera que toutes ces limitations correspondent \u00e0 ce qu\u2019une personne doit raisonnablement transporter en une seule fois.<\/p>\n<p>Qui plus est, d&rsquo;une compagnie \u00e0 l&rsquo;autre, les r\u00e8gles ne sont pas les m\u00eames. Pour Trenitalia, les dimensions des bagages sont plus petites. Chez Renfe, l&rsquo;ensemble ne doit pas peser plus de 25 kg.<\/p>\n<p><strong>Perte de consid\u00e9ration de la SNCF et absence de respect pour ses clients voyageurs<\/strong><\/p>\n<p>Dans les faits on s&rsquo;aper\u00e7oit avec un peu de recul que d&rsquo;ann\u00e9es en ann\u00e9es, de d\u00e9cennies en d\u00e9cennies, on n&rsquo;acc\u00e8de plus \u00e0 un moyen de transport ouvert et libre mais \u00e0 une forteresse roulante avec de multiples pont-levis, barbel\u00e9s et autres obstacles. R\u00e9sumons ces \u00ab\u00a0\u00e9volutions\u00a0\u00bb du service rendu :<\/p>\n<p>&#8211; Suppression de nombreuses lignes<br \/>\n&#8211; Rar\u00e9faction des trains le soir tard<br \/>\n&#8211; Fermeture de la plupart des gares la nuit<br \/>\n&#8211; Fermeture des guichets<br \/>\n&#8211; Installation de portiques d&rsquo;acc\u00e8s aux quais et fermeture de ceux ci quelques minutes avant les d\u00e9parts<br \/>\n&#8211; Mise en place progressive de la r\u00e9servation obligatoire \u00e0 bord des TER<br \/>\n&#8211; Etiquetage obligatoire des bagages<br \/>\n&#8211; Diminution de la validit\u00e9 des billets \u00e0 un seul train ou \u00e0 un jour<br \/>\n&#8211; Impossibilit\u00e9 de s&rsquo;arr\u00eater en cours de trajet avec un seul billet<br \/>\n&#8211; Int\u00e9ressement financier des agents de contr\u00f4le sur les amendes \u00e9tablies<br \/>\n&#8211; Suppressions de trains sans information en derni\u00e8re minute<br \/>\n&#8211; Statistiques de retards fauss\u00e9es<br \/>\n&#8211; Statistiques de satisfaction clients invent\u00e9es<br \/>\n&#8211; Installation de brigades de police patrouillant \u00e0 bord des trains<br \/>\n&#8211; Places pour les v\u00e9los tr\u00e8s limit\u00e9es \u00e0 bord des rames<br \/>\n&#8211; Suppression de la plupart des trains du quotidien transfrontaliers<br \/>\n&#8211; Annonces sonores \u00e0 bord des trains, \u00e0 r\u00e9p\u00e9tition multiple et infantilisantes<\/p>\n<p>On vous laisse compl\u00e9ter.<\/p>\n<p>On pourra aussi consulter :<\/p>\n<p>https:\/\/www.sncf-connect.com\/aide\/transport-de-vos-bagages<\/p>\n<p>https:\/\/www.sncf-voyageurs.com\/fr\/voyagez-avec-nous\/preparez-votre-voyage\/voyagez-avec-vos-bagages-a-bord\/<\/p>\n<p>https:\/\/www.sudouest.fr\/economie\/transports\/bagages-sncf-quelles-sont-les-nouvelles-regles-les-amendes-pourraient-tomber-des-le-15-septembre-2024-21226739.php<\/p>\n<p>https:\/\/www.nordlittoral.fr\/220773\/article\/2024-09-03\/de-nouvelles-amendes-appliquees-des-le-15-septembre-pour-les-bagages-sncf<\/p>\n<p>https:\/\/www.tf1info.fr\/transports\/video-tf1-la-sncf-limite-le-nombre-de-bagages-a-bord-des-tgv-les-nouvelles-regles-2287089.html<\/p>\n","protected":false},"excerpt":{"rendered":"<p>Pour les TGV Inoui et les trains Intercit\u00e9s. Amende en vue de 50 euros pour bagage excessif. On<\/p>\n","protected":false},"author":1,"featured_media":5246,"comment_status":"open","ping_status":"open","sticky":false,"template":"","format":"standard","meta":{"footnotes":""},"categories":[3],"tags":[],"class_list":["post-1128","post","type-post","status-publish","format-standard","has-post-thumbnail","hentry","category-en-train"],"_links":{"self":[{"href":"https:\/\/usagers-transports.haut-allier.eu\/index.php\/wp-json\/wp\/v2\/posts\/1128","targetHints":{"allow":["GET"]}}],"collection":[{"href":"https:\/\/usagers-transports.haut-allier.eu\/index.php\/wp-json\/wp\/v2\/posts"}],"about":[{"href":"https:\/\/usagers-transports.haut-allier.eu\/index.php\/wp-json\/wp\/v2\/types\/post"}],"author":[{"embeddable":true,"href":"https:\/\/usagers-transports.haut-allier.eu\/index.php\/wp-json\/wp\/v2\/users\/1"}],"replies":[{"embeddable":true,"href":"https:\/\/usagers-transports.haut-allier.eu\/index.php\/wp-json\/wp\/v2\/comments?post=1128"}],"version-history":[{"count":0,"href":"https:\/\/usagers-transports.haut-allier.eu\/index.php\/wp-json\/wp\/v2\/posts\/1128\/revisions"}],"wp:featuredmedia":[{"embeddable":true,"href":"https:\/\/usagers-transports.haut-allier.eu\/index.php\/wp-json\/wp\/v2\/media\/5246"}],"wp:attachment":[{"href":"https:\/\/usagers-transports.haut-allier.eu\/index.php\/wp-json\/wp\/v2\/media?parent=1128"}],"wp:term":[{"taxonomy":"category","embeddable":true,"href":"https:\/\/usagers-transports.haut-allier.eu\/index.php\/wp-json\/wp\/v2\/categories?post=1128"},{"taxonomy":"post_tag","embeddable":true,"href":"https:\/\/usagers-transports.haut-allier.eu\/index.php\/wp-json\/wp\/v2\/tags?post=1128"}],"curies":[{"name":"wp","href":"https:\/\/api.w.org\/{rel}","templated":true}]}}