{"id":1129,"date":"2024-09-06T07:36:32","date_gmt":"2024-09-06T05:36:32","guid":{"rendered":"http:\/\/5.45.101.177\/haut-allier\/usagers-transportse\/index.php\/2024\/09\/06\/auvergne-rhone-alpes-tous-les1129\/"},"modified":"2024-09-06T07:36:32","modified_gmt":"2024-09-06T05:36:32","slug":"auvergne-rhone-alpes-tous-les1129","status":"publish","type":"post","link":"https:\/\/usagers-transports.haut-allier.eu\/index.php\/2024\/09\/06\/auvergne-rhone-alpes-tous-les1129\/","title":{"rendered":"Auvergne Rh\u00f4ne Alpes : tous les jours il manque au moins 30 trains"},"content":{"rendered":"<p>La SNCF \u00e9pingl\u00e9e pour sa politique ferroviaire dans la r\u00e9gion par un rapport de la <a href=\"https:\/\/www.ccomptes.fr\/fr\/crc-auvergne-rhone-alpes\"><em>Cour des comptes d&rsquo;Auvergne Rh\u00f4ne Alpes<\/em><\/a> paru hier. Selon elle les investissements \u00e0 venir sont colossaux : au moins 3,8 milliards d&rsquo;euros pour la r\u00e9gion, d&rsquo;ici 2035.<\/p>\n<p>Manque de rames, v\u00e9tustet\u00e9 du mat\u00e9riel, trains en surchage&#8230; elle d\u00e9plore la mauvaise politique ferroviaire du prestataire.<\/p>\n<p>Deuxi\u00e8me r\u00e9seau ferroviaire apr\u00e8s l&rsquo;Ile-de-France, la fr\u00e9quentation des TER y a progress\u00e9 depuis 2017 mais le nombre de rames n&rsquo;a lui pas boug\u00e9.<\/p>\n<p><strong>Manque d&rsquo;anticipation de la r\u00e9gion ?<\/strong><\/p>\n<p>Pas que. La Cour des comptes indique que <em>\u00ab\u00a0les retards de livraison de rames, les radiations de mat\u00e9riels, les programmes de maintenance lourde et le n\u00e9cessaire remplacement des Corail ne sont pas de nature \u00e0 am\u00e9liorer la qualit\u00e9 de service rendu\u00a0\u00bb<\/em>.<\/p>\n<p>Le rapport pointe du doigt une maintenance mal optimis\u00e9e, des technicentres mal situ\u00e9s et sous-dimensionn\u00e9s et des infrastructures dat\u00e9es et manquant d&rsquo;\u00e9quipements. <\/p>\n<p><img loading=\"lazy\" decoding=\"async\" class=\" aligncenter size-full wp-image-5249\" src=\"http:\/\/5.45.101.177\/haut-allier\/usagers-transportse\/wp-content\/uploads\/2024\/09\/800px-z55500_ter_auvergne-rhone-alpes__lyon-part-dieu__2019__2_.jpg\" alt=\"800px-z55500_ter_auvergne-rhone-alpes__lyon-part-dieu__2019__2_.jpg\" align=\"center\" width=\"800\" height=\"600\" srcset=\"https:\/\/usagers-transports.haut-allier.eu\/wp-content\/uploads\/2024\/09\/800px-z55500_ter_auvergne-rhone-alpes__lyon-part-dieu__2019__2_.jpg 800w, https:\/\/usagers-transports.haut-allier.eu\/wp-content\/uploads\/2024\/09\/800px-z55500_ter_auvergne-rhone-alpes__lyon-part-dieu__2019__2_-300x225.jpg 300w, https:\/\/usagers-transports.haut-allier.eu\/wp-content\/uploads\/2024\/09\/800px-z55500_ter_auvergne-rhone-alpes__lyon-part-dieu__2019__2_-768x576.jpg 768w\" sizes=\"auto, (max-width: 800px) 100vw, 800px\" \/><\/p>\n<p><strong>Encore de nombreuses ann\u00e9es de gal\u00e8re pour les usagers<\/strong><\/p>\n<p>\u00ab\u00a0Les cons\u00e9quences pour les voyageurs sont un accroissement des trains en surcharge (&#8230;) et un nombre significatif de trains annul\u00e9s\u00a0\u00bb, la SNCF ne pouvant remplacer les trains en panne ou accident\u00e9s ou \u00ab\u00a0n&rsquo;ayant tout simplement pas suffisamment de rames\u00a0\u00bb, souligne le rapport de la CRC.<\/p>\n<p>Aux \u00ab\u00a0concitoyens d&rsquo;Auvergne-Rh\u00f4ne-Alpes, j&rsquo;ai bien peur de dire qu&rsquo;il y a encore quelques ann\u00e9es difficiles\u00a0\u00bb a ajout\u00e9 Bernard Lejeune. Le parc ferroviaire r\u00e9gional, \u00ab\u00a0l&rsquo;un des plus vieux de France\u00a0\u00bb, n&rsquo;a pas \u00e9t\u00e9 renouvel\u00e9 dans la dur\u00e9e.<\/p>\n<p><em>Des statistiques SNCF bidons<\/em><\/p>\n<p>On \u00e9tait d\u00e9j\u00e0 au courant avec la non prise en compte des trains supprim\u00e9s. Mais l\u00e0 la cour des comptes r\u00e9gionales a lanc\u00e9 une enqu\u00eate de satisfaction des usagers : elle conclue que seulement <strong>53% des usagers sont satisfaits ou tr\u00e8s satisfaits<\/strong>, contre 87% selon les enqu\u00eates de la SNCF. <\/p>\n<p><strong>Un effort financier sans pr\u00e9c\u00e9dent doit \u00eatre fait<\/strong><\/p>\n<p>La modernisation de ses lignes et l&rsquo;extension de son parc co\u00fbteront une fortune \u00e0 la R\u00e9gion Auvergne-Rh\u00f4ne-Alpes, selon la Cour r\u00e9gionale des comptes. Elle devra investir <em>\u00ab\u00a03,8 milliards d&rsquo;euros jusqu&rsquo;en 2035\u00a0\u00bb<\/em>, indique le rapport, un effort financier <em>\u00ab\u00a0sans commune mesure avec celui men\u00e9 depuis 2017\u00a0\u00bb<\/em>.<\/p>\n<p>Souhaitons que le nouveau pr\u00e9sident de r\u00e9gion Fabrice Pannekoucke op\u00e8re un changement radical et volontariste de la politique des transports ferroviaires de la r\u00e9gion. <\/p>\n<p><em>Article r\u00e9dig\u00e9 avec le concours de celui de France TV :<br \/>\nhttps:\/\/france3-regions.francetvinfo.fr\/auvergne-rhone-alpes\/isere\/tous-les-jours-il-manque-au-moins-trente-trains-la-sncf-epinglee-pour-sa-politique-ferroviaire-dans-la-region-auvergne-rhone-alpes-3027377.html<\/em><\/p>\n","protected":false},"excerpt":{"rendered":"<p>La SNCF \u00e9pingl\u00e9e pour sa politique ferroviaire dans la r\u00e9gion par un rapport de la Cour des comptes<\/p>\n","protected":false},"author":1,"featured_media":5248,"comment_status":"open","ping_status":"open","sticky":false,"template":"","format":"standard","meta":{"footnotes":""},"categories":[3],"tags":[],"class_list":["post-1129","post","type-post","status-publish","format-standard","has-post-thumbnail","hentry","category-en-train"],"_links":{"self":[{"href":"https:\/\/usagers-transports.haut-allier.eu\/index.php\/wp-json\/wp\/v2\/posts\/1129","targetHints":{"allow":["GET"]}}],"collection":[{"href":"https:\/\/usagers-transports.haut-allier.eu\/index.php\/wp-json\/wp\/v2\/posts"}],"about":[{"href":"https:\/\/usagers-transports.haut-allier.eu\/index.php\/wp-json\/wp\/v2\/types\/post"}],"author":[{"embeddable":true,"href":"https:\/\/usagers-transports.haut-allier.eu\/index.php\/wp-json\/wp\/v2\/users\/1"}],"replies":[{"embeddable":true,"href":"https:\/\/usagers-transports.haut-allier.eu\/index.php\/wp-json\/wp\/v2\/comments?post=1129"}],"version-history":[{"count":0,"href":"https:\/\/usagers-transports.haut-allier.eu\/index.php\/wp-json\/wp\/v2\/posts\/1129\/revisions"}],"wp:featuredmedia":[{"embeddable":true,"href":"https:\/\/usagers-transports.haut-allier.eu\/index.php\/wp-json\/wp\/v2\/media\/5248"}],"wp:attachment":[{"href":"https:\/\/usagers-transports.haut-allier.eu\/index.php\/wp-json\/wp\/v2\/media?parent=1129"}],"wp:term":[{"taxonomy":"category","embeddable":true,"href":"https:\/\/usagers-transports.haut-allier.eu\/index.php\/wp-json\/wp\/v2\/categories?post=1129"},{"taxonomy":"post_tag","embeddable":true,"href":"https:\/\/usagers-transports.haut-allier.eu\/index.php\/wp-json\/wp\/v2\/tags?post=1129"}],"curies":[{"name":"wp","href":"https:\/\/api.w.org\/{rel}","templated":true}]}}