{"id":113,"date":"2014-01-27T20:46:56","date_gmt":"2014-01-27T19:46:56","guid":{"rendered":"http:\/\/5.45.101.177\/haut-allier\/usagers-transportse\/index.php\/2014\/01\/27\/le-haut-allier-en-bus-cote-haute113\/"},"modified":"2014-01-27T20:46:56","modified_gmt":"2014-01-27T19:46:56","slug":"le-haut-allier-en-bus-cote-haute113","status":"publish","type":"post","link":"https:\/\/usagers-transports.haut-allier.eu\/index.php\/2014\/01\/27\/le-haut-allier-en-bus-cote-haute113\/","title":{"rendered":"Le haut Allier en bus : c\u00f4t\u00e9 Haute-Loire"},"content":{"rendered":"<p>Les lignes d&rsquo;autocars pourraient s&rsquo;av\u00e9rer int\u00e9ressantes dans nos contr\u00e9es de montagne si l&rsquo;autorit\u00e9 organisatrice des transports, le conseil g\u00e9n\u00e9ral 43 y mettait du sien. Malheureusement face au beau tableau des lignes du d\u00e9partement, en consultant les fiches horaires on d\u00e9chante vite :<br \/>\n&nbsp;<br \/>\n&#8211; des fonctionnements souvent limit\u00e9s \u00e0 quelques jours par semaine, des fois un seul !<br \/>\n&#8211; des fonctionnements limit\u00e9s souvent \u00e0 la p\u00e9riode scolaire<br \/>\n&#8211; une lisibilit\u00e9 des horaires dans nos villes et villages laissant \u00e0 d\u00e9sirer<br \/>\n&nbsp;<br \/>\nVoici quand m\u00eame la carte des liaisons qui nous concernent le plus :<br \/>\n&nbsp;<br \/>\n<img loading=\"lazy\" decoding=\"async\" class=\" aligncenter size-full wp-image-1585\" src=\"http:\/\/5.45.101.177\/haut-allier\/usagers-transportse\/wp-content\/uploads\/2014\/01\/43carte-pdf-lignes-regul.jpg\" alt=\"43carte-pdf-lignes-regul.jpg\" align=\"center\" width=\"816\" height=\"542\" srcset=\"https:\/\/usagers-transports.haut-allier.eu\/wp-content\/uploads\/2014\/01\/43carte-pdf-lignes-regul.jpg 816w, https:\/\/usagers-transports.haut-allier.eu\/wp-content\/uploads\/2014\/01\/43carte-pdf-lignes-regul-300x199.jpg 300w, https:\/\/usagers-transports.haut-allier.eu\/wp-content\/uploads\/2014\/01\/43carte-pdf-lignes-regul-768x510.jpg 768w\" sizes=\"auto, (max-width: 816px) 100vw, 816px\" \/><br \/>\n&nbsp;<br \/>\nToutes les fiches horaires sont consultables sur le site du CG43 <a href=\"http:\/\/www.cg43.fr\/Horaires-des-lignes-regulieres.html\">ici<\/a>.<\/p>\n","protected":false},"excerpt":{"rendered":"<p>Les lignes d&rsquo;autocars pourraient s&rsquo;av\u00e9rer int\u00e9ressantes dans nos contr\u00e9es de montagne si l&rsquo;autorit\u00e9 organisatrice des transports, le conseil<\/p>\n","protected":false},"author":1,"featured_media":1584,"comment_status":"closed","ping_status":"open","sticky":false,"template":"","format":"standard","meta":{"footnotes":""},"categories":[4],"tags":[],"class_list":["post-113","post","type-post","status-publish","format-standard","has-post-thumbnail","hentry","category-en-bus"],"_links":{"self":[{"href":"https:\/\/usagers-transports.haut-allier.eu\/index.php\/wp-json\/wp\/v2\/posts\/113","targetHints":{"allow":["GET"]}}],"collection":[{"href":"https:\/\/usagers-transports.haut-allier.eu\/index.php\/wp-json\/wp\/v2\/posts"}],"about":[{"href":"https:\/\/usagers-transports.haut-allier.eu\/index.php\/wp-json\/wp\/v2\/types\/post"}],"author":[{"embeddable":true,"href":"https:\/\/usagers-transports.haut-allier.eu\/index.php\/wp-json\/wp\/v2\/users\/1"}],"replies":[{"embeddable":true,"href":"https:\/\/usagers-transports.haut-allier.eu\/index.php\/wp-json\/wp\/v2\/comments?post=113"}],"version-history":[{"count":0,"href":"https:\/\/usagers-transports.haut-allier.eu\/index.php\/wp-json\/wp\/v2\/posts\/113\/revisions"}],"wp:featuredmedia":[{"embeddable":true,"href":"https:\/\/usagers-transports.haut-allier.eu\/index.php\/wp-json\/wp\/v2\/media\/1584"}],"wp:attachment":[{"href":"https:\/\/usagers-transports.haut-allier.eu\/index.php\/wp-json\/wp\/v2\/media?parent=113"}],"wp:term":[{"taxonomy":"category","embeddable":true,"href":"https:\/\/usagers-transports.haut-allier.eu\/index.php\/wp-json\/wp\/v2\/categories?post=113"},{"taxonomy":"post_tag","embeddable":true,"href":"https:\/\/usagers-transports.haut-allier.eu\/index.php\/wp-json\/wp\/v2\/tags?post=113"}],"curies":[{"name":"wp","href":"https:\/\/api.w.org\/{rel}","templated":true}]}}