{"id":1130,"date":"2024-09-11T08:19:05","date_gmt":"2024-09-11T06:19:05","guid":{"rendered":"http:\/\/5.45.101.177\/haut-allier\/usagers-transportse\/index.php\/2024\/09\/11\/la-reservation-obligatoire-dans1130\/"},"modified":"2024-09-11T08:19:05","modified_gmt":"2024-09-11T06:19:05","slug":"la-reservation-obligatoire-dans1130","status":"publish","type":"post","link":"https:\/\/usagers-transports.haut-allier.eu\/index.php\/2024\/09\/11\/la-reservation-obligatoire-dans1130\/","title":{"rendered":"La r\u00e9servation obligatoire dans les TER est bien une r\u00e9duction de l&rsquo;offre"},"content":{"rendered":"<p>L&rsquo;article du magazine <a href=\"https:\/\/www.la-croix.com\/a-vif\/trains-l-explosion-de-la-demande-na-pas-ete-anticipee-par-la-sncf-20240910\"><em>La Croix<\/em><\/a> qui vient de para\u00eetre n&rsquo;est pas dupe lui non plus et l&rsquo;affirme. Il pointe le manque d&rsquo;anticipation de la SNCF et des r\u00e9gions pour faire face \u00e0 l&rsquo;explosion de la demande. Nous la constatons au quotidien que ce soit \u00e0 bord des TER, des Intercit\u00e9s ou des TGV.<\/p>\n<p>Mais dans cette situation, de p\u00e9nurie, la SNCF grande adepte du <em>yield management*<\/em> ne se g\u00eane pas pour l&rsquo;appliquer et faire flamber les prix des billets lorsque la demande est forte. Pareil sur les quelques TER \u00e0 r\u00e9servation obligatoire en Normandie et dans le Grand Est. Nous ajouterons qu&rsquo;elle limite encore l&rsquo;acc\u00e8s avec l&rsquo;impossibilit\u00e9 de d&rsquo;achat des billets en ligne \u00e0 l&rsquo;aide des mentions souvent mensong\u00e8res <em>\u00ab\u00a0train complet\u00a0\u00bb<\/em> ou <em>\u00ab\u00a0impossibilit\u00e9 de r\u00e9server\u00a0\u00bb<\/em> de plus en plus fr\u00e9quentes.<\/p>\n<p>L&rsquo;analyse fournie par Pierre Plaindoux dans cet article est assez compl\u00e8te, et \u00e0 part l&rsquo;erreur de citer comme op\u00e9rateur alternatif <a href=\"http:\/\/www.midnight-trains.com\/\"><em>Midnight Trains<\/em><\/a> qui a jet\u00e9 l&rsquo;\u00e9ponge en d\u00e9but d&rsquo;\u00e9t\u00e9, il refl\u00e8te parfaitement la situation que nous vivons.<\/p>\n<p>Nous nous permettons de le reproduire ici :<\/p>\n<p><img loading=\"lazy\" decoding=\"async\" class=\" aligncenter size-full wp-image-5251\" src=\"http:\/\/5.45.101.177\/haut-allier\/usagers-transportse\/wp-content\/uploads\/2024\/09\/trains-lexplosion-de-la-demande-n_a-pas-ete-anticipee-par-la-sncf-scaled.jpg\" alt=\"trains-lexplosion-de-la-demande-n_a-pas-ete-anticipee-par-la-sncf.jpg\" align=\"center\" width=\"414\" height=\"2560\" srcset=\"https:\/\/usagers-transports.haut-allier.eu\/wp-content\/uploads\/2024\/09\/trains-lexplosion-de-la-demande-n_a-pas-ete-anticipee-par-la-sncf-scaled.jpg 414w, https:\/\/usagers-transports.haut-allier.eu\/wp-content\/uploads\/2024\/09\/trains-lexplosion-de-la-demande-n_a-pas-ete-anticipee-par-la-sncf-768x4750.jpg 768w, https:\/\/usagers-transports.haut-allier.eu\/wp-content\/uploads\/2024\/09\/trains-lexplosion-de-la-demande-n_a-pas-ete-anticipee-par-la-sncf-331x2048.jpg 331w\" sizes=\"auto, (max-width: 414px) 100vw, 414px\" \/><\/p>\n<p>On pourra signer la p\u00e9tition contre l&rsquo;avionisation des trains TER ici :<br \/>\nhttps:\/\/www.mesopinions.com\/petition\/social\/avionisation-ter-reservation-obligatoire\/232344<\/p>\n<p>  * <em>d\u00e9finition de Wikip\u00e9dia : Le yield management \u2014 de l&rsquo;anglais yield, \u00ab rendement \u00bb \u2014 est un syst\u00e8me de gestion tarifaire des capacit\u00e9s disponibles telles des chambres en h\u00f4tellerie ou des si\u00e8ges dans le transport a\u00e9rien et ferroviaire, qui a pour objectif l&rsquo;optimisation du remplissage <strong>et du chiffre d&rsquo;affaires<\/strong>. <\/em> <\/p>\n","protected":false},"excerpt":{"rendered":"<p>L&rsquo;article du magazine La Croix qui vient de para\u00eetre n&rsquo;est pas dupe lui non plus et l&rsquo;affirme. Il<\/p>\n","protected":false},"author":1,"featured_media":5250,"comment_status":"closed","ping_status":"open","sticky":false,"template":"","format":"standard","meta":{"footnotes":""},"categories":[3],"tags":[],"class_list":["post-1130","post","type-post","status-publish","format-standard","has-post-thumbnail","hentry","category-en-train"],"_links":{"self":[{"href":"https:\/\/usagers-transports.haut-allier.eu\/index.php\/wp-json\/wp\/v2\/posts\/1130","targetHints":{"allow":["GET"]}}],"collection":[{"href":"https:\/\/usagers-transports.haut-allier.eu\/index.php\/wp-json\/wp\/v2\/posts"}],"about":[{"href":"https:\/\/usagers-transports.haut-allier.eu\/index.php\/wp-json\/wp\/v2\/types\/post"}],"author":[{"embeddable":true,"href":"https:\/\/usagers-transports.haut-allier.eu\/index.php\/wp-json\/wp\/v2\/users\/1"}],"replies":[{"embeddable":true,"href":"https:\/\/usagers-transports.haut-allier.eu\/index.php\/wp-json\/wp\/v2\/comments?post=1130"}],"version-history":[{"count":0,"href":"https:\/\/usagers-transports.haut-allier.eu\/index.php\/wp-json\/wp\/v2\/posts\/1130\/revisions"}],"wp:featuredmedia":[{"embeddable":true,"href":"https:\/\/usagers-transports.haut-allier.eu\/index.php\/wp-json\/wp\/v2\/media\/5250"}],"wp:attachment":[{"href":"https:\/\/usagers-transports.haut-allier.eu\/index.php\/wp-json\/wp\/v2\/media?parent=1130"}],"wp:term":[{"taxonomy":"category","embeddable":true,"href":"https:\/\/usagers-transports.haut-allier.eu\/index.php\/wp-json\/wp\/v2\/categories?post=1130"},{"taxonomy":"post_tag","embeddable":true,"href":"https:\/\/usagers-transports.haut-allier.eu\/index.php\/wp-json\/wp\/v2\/tags?post=1130"}],"curies":[{"name":"wp","href":"https:\/\/api.w.org\/{rel}","templated":true}]}}