{"id":1131,"date":"2024-09-14T10:45:46","date_gmt":"2024-09-14T08:45:46","guid":{"rendered":"http:\/\/5.45.101.177\/haut-allier\/usagers-transportse\/index.php\/2024\/09\/14\/le-train-en-auvergne-lettre1131\/"},"modified":"2024-09-14T10:45:46","modified_gmt":"2024-09-14T08:45:46","slug":"le-train-en-auvergne-lettre1131","status":"publish","type":"post","link":"https:\/\/usagers-transports.haut-allier.eu\/index.php\/2024\/09\/14\/le-train-en-auvergne-lettre1131\/","title":{"rendered":"Train en Auvergne : Lettre ouverte \u00e0 Fabrice Pannekoucke, nouveau pr\u00e9sident de r\u00e9gion"},"content":{"rendered":"<p>En cette rentr\u00e9e, apr\u00e8s la r\u00e9cente nomination du pr\u00e9sident de la r\u00e9gion Auvergne Rh\u00f4ne Alpes, apr\u00e8s la publication du rapport de la Cour des Comptes r\u00e9gionale pointant la mauvaise gestion de la r\u00e9gion sur le ferroviaire (la classant derni\u00e8re r\u00e9gion de France), notre collectif vient d&rsquo;adresser une missive \u00e0 Fabrice Pannekoucke pour faire le point sur les non r\u00e9ponses \u00e0 nos questions pourtant vitales pour les auvergnats.<\/p>\n<p>Voici la lettre et son texte, dont nous avons mis en copie Fr\u00e9d\u00e9ric Aguilera, maintenu au poste de Vice-pr\u00e9sident charg\u00e9 des mobilit\u00e9s, Fabienne Buccio, Pr\u00e9f\u00e8te de la r\u00e9gion ainsi que les m\u00e9dias.<\/p>\n<p><img loading=\"lazy\" decoding=\"async\" class=\" aligncenter size-full wp-image-5253\" src=\"http:\/\/5.45.101.177\/haut-allier\/usagers-transportse\/wp-content\/uploads\/2024\/09\/lettre-ouverte-pannekoucke-aura-septembre-2024.jpg\" alt=\"lettre-ouverte-pannekoucke-aura-septembre-2024.jpg\" align=\"center\" width=\"826\" height=\"1169\" srcset=\"https:\/\/usagers-transports.haut-allier.eu\/wp-content\/uploads\/2024\/09\/lettre-ouverte-pannekoucke-aura-septembre-2024.jpg 826w, https:\/\/usagers-transports.haut-allier.eu\/wp-content\/uploads\/2024\/09\/lettre-ouverte-pannekoucke-aura-septembre-2024-212x300.jpg 212w, https:\/\/usagers-transports.haut-allier.eu\/wp-content\/uploads\/2024\/09\/lettre-ouverte-pannekoucke-aura-septembre-2024-724x1024.jpg 724w, https:\/\/usagers-transports.haut-allier.eu\/wp-content\/uploads\/2024\/09\/lettre-ouverte-pannekoucke-aura-septembre-2024-768x1087.jpg 768w\" sizes=\"auto, (max-width: 826px) 100vw, 826px\" \/>  <\/p>\n<blockquote class=\"poesie\"><p>\n<em><br \/>\nMonsieur le Pr\u00e9sident.<\/p>\n<p>Notre collectif d&rsquo;usagers des transports du haut Allier a \u00e9t\u00e9 cr\u00e9\u00e9 en 2009 suite \u00e0 diff\u00e9rents dysfonctionnements du service de mobilit\u00e9 ferroviaire.<\/p>\n<p>https:\/\/usagers-transports.haut-allier.eu\/?collectif-des-usagers-des,977<\/p>\n<p>Depuis 2016 avec la grande r\u00e9gion regroupant Auvergne et Rh\u00f4ne Alpes nous n&rsquo;avons pu que constater l&rsquo;absence de modernisation du r\u00e9seau ferr\u00e9 auvergnat, compos\u00e9 de 80% de lignes proches de la fermeture, et l&rsquo;absence d&rsquo;am\u00e9lioration du service des trains TER en fr\u00e9quence, en plage horaire, en disponibilit\u00e9 notamment. <\/p>\n<p>Par exemple en ce moment nous demandons pour les territoires desservis par la ligne Clermont-Ferrand N\u00eemes la mise en place d&rsquo;un train TER le matin, inexistant avant 11h, depuis 2019 puis par lettre du 2 juin 2023 :<\/p>\n<p>https:\/\/usagers-transports.haut-allier.eu\/?train-le-matin-avant-11h-sur-la,1094<\/p>\n<p>Nous demandons, puisque les travaux de 2025 sur cette ligne vont se faire pour la premi\u00e8re fois depuis plus de 10 ans sans coupure totale selon la R\u00e9gion et SNCF R\u00e9seau, la circulation de l&rsquo;aller retour du soir (TER 873995 et TER 873994). Notre lettre du 14 juin :<\/p>\n<p>https:\/\/usagers-transports.haut-allier.eu\/?ligne-des-cevennes-les-travaux,1111<\/p>\n<p>Avec le Collectif AuRAil regroupant 18 organisations d&rsquo;usagers du train dans la r\u00e9gion nous demandons le retour des trains TER AuRA sur la ligne B\u00e9ziers Clermont-Ferrand entre Saint Ch\u00e9ly d&rsquo;Apcher et Clermont apr\u00e8s la modernisation des infrastructures qui se terminera le 31 octobre. La lettre du 5 ao\u00fbt dernier :<\/p>\n<p>https:\/\/aurail.eu\/2024\/08\/reprise-des-circulations-ter-aura-sur-la-ligne-des-causses-du-train-aubrac\/<\/p>\n<p>A ces trois demandes vitales pour la mobilit\u00e9 de nos concitoyens auvergnats aucune r\u00e9ponse de votre part n&rsquo;a \u00e9t\u00e9 apport\u00e9e. <\/p>\n<p>A l&rsquo;heure o\u00f9 les usagers s&#8217;emparent des transports ferroviaires au vu de la chert\u00e9 des carburants, pouvons nous esp\u00e9rer d\u00e9sormais obtenir une r\u00e9ponse satisfaisante de la R\u00e9gion ?<\/p>\n<p>Nous vous prions de recevoir, Monsieur le Pr\u00e9sident, l&rsquo;expression de nos meilleures salutations.<\/p>\n<p>Le Collectif des Usagers des transports du haut Allier.<\/p>\n<p><\/em>\n<\/p><\/blockquote>\n","protected":false},"excerpt":{"rendered":"<p>En cette rentr\u00e9e, apr\u00e8s la r\u00e9cente nomination du pr\u00e9sident de la r\u00e9gion Auvergne Rh\u00f4ne Alpes, apr\u00e8s la publication<\/p>\n","protected":false},"author":1,"featured_media":5252,"comment_status":"closed","ping_status":"open","sticky":false,"template":"","format":"standard","meta":{"footnotes":""},"categories":[3],"tags":[],"class_list":["post-1131","post","type-post","status-publish","format-standard","has-post-thumbnail","hentry","category-en-train"],"_links":{"self":[{"href":"https:\/\/usagers-transports.haut-allier.eu\/index.php\/wp-json\/wp\/v2\/posts\/1131","targetHints":{"allow":["GET"]}}],"collection":[{"href":"https:\/\/usagers-transports.haut-allier.eu\/index.php\/wp-json\/wp\/v2\/posts"}],"about":[{"href":"https:\/\/usagers-transports.haut-allier.eu\/index.php\/wp-json\/wp\/v2\/types\/post"}],"author":[{"embeddable":true,"href":"https:\/\/usagers-transports.haut-allier.eu\/index.php\/wp-json\/wp\/v2\/users\/1"}],"replies":[{"embeddable":true,"href":"https:\/\/usagers-transports.haut-allier.eu\/index.php\/wp-json\/wp\/v2\/comments?post=1131"}],"version-history":[{"count":0,"href":"https:\/\/usagers-transports.haut-allier.eu\/index.php\/wp-json\/wp\/v2\/posts\/1131\/revisions"}],"wp:featuredmedia":[{"embeddable":true,"href":"https:\/\/usagers-transports.haut-allier.eu\/index.php\/wp-json\/wp\/v2\/media\/5252"}],"wp:attachment":[{"href":"https:\/\/usagers-transports.haut-allier.eu\/index.php\/wp-json\/wp\/v2\/media?parent=1131"}],"wp:term":[{"taxonomy":"category","embeddable":true,"href":"https:\/\/usagers-transports.haut-allier.eu\/index.php\/wp-json\/wp\/v2\/categories?post=1131"},{"taxonomy":"post_tag","embeddable":true,"href":"https:\/\/usagers-transports.haut-allier.eu\/index.php\/wp-json\/wp\/v2\/tags?post=1131"}],"curies":[{"name":"wp","href":"https:\/\/api.w.org\/{rel}","templated":true}]}}