{"id":1132,"date":"2024-09-16T10:04:10","date_gmt":"2024-09-16T08:04:10","guid":{"rendered":"http:\/\/5.45.101.177\/haut-allier\/usagers-transportse\/index.php\/2024\/09\/16\/nous-sommes-prets-pour-nos1132\/"},"modified":"2024-09-16T10:04:10","modified_gmt":"2024-09-16T08:04:10","slug":"nous-sommes-prets-pour-nos1132","status":"publish","type":"post","link":"https:\/\/usagers-transports.haut-allier.eu\/index.php\/2024\/09\/16\/nous-sommes-prets-pour-nos1132\/","title":{"rendered":"Nous sommes pr\u00eats pour nos voyageurs ! Le t\u00e9moignage d&rsquo;un franco-suisse"},"content":{"rendered":"<p>Un autre monde existe et ce monde, en plus, se trouve \u00e0 deux pas de la France ! D\u00e9clench\u00e9 par l&rsquo;affiche des trains suisses CFF <em>Nous sommes pr\u00eats quand vous l&rsquo;\u00eates<\/em>,  le coup de gueule de Hans est int\u00e9ressant. Car ce n&rsquo;est pas un touriste ordinaire, on le comprendra plus bas.<\/p>\n<p><img loading=\"lazy\" decoding=\"async\" class=\" aligncenter size-full wp-image-5255\" src=\"http:\/\/5.45.101.177\/haut-allier\/usagers-transportse\/wp-content\/uploads\/2024\/09\/20240915_092404-scaled.jpg\" alt=\"20240915_092404.jpg\" align=\"center\" width=\"2560\" height=\"1920\" srcset=\"https:\/\/usagers-transports.haut-allier.eu\/wp-content\/uploads\/2024\/09\/20240915_092404-scaled.jpg 2560w, https:\/\/usagers-transports.haut-allier.eu\/wp-content\/uploads\/2024\/09\/20240915_092404-300x225.jpg 300w, https:\/\/usagers-transports.haut-allier.eu\/wp-content\/uploads\/2024\/09\/20240915_092404-1024x768.jpg 1024w, https:\/\/usagers-transports.haut-allier.eu\/wp-content\/uploads\/2024\/09\/20240915_092404-768x576.jpg 768w, https:\/\/usagers-transports.haut-allier.eu\/wp-content\/uploads\/2024\/09\/20240915_092404-1536x1152.jpg 1536w, https:\/\/usagers-transports.haut-allier.eu\/wp-content\/uploads\/2024\/09\/20240915_092404-2048x1536.jpg 2048w\" sizes=\"auto, (max-width: 2560px) 100vw, 2560px\" \/><\/p>\n<p>Son ressenti :<\/p>\n<blockquote class=\"poesie\"><p>\n<strong>En France, le client peut faire son d\u00e9placement quand SNCF a vraiment envie de faire rouler un train ou un bus, si la SNCF n&rsquo;est pas occup\u00e9e par hasard par quelque chose de plus important que de servir ses clients.<\/p>\n<p>Les horaires en France ne sont pas adapt\u00e9s aux besoins du client. La SNCF se fout de \u00e7a. Le client doit s&rsquo;arranger avec les horaires ou rester \u00e0 la maison.<\/p>\n<p>Appliquer les m\u00eames horaires que dans les temps du Chaix de 1954 (avec quelques trains en moins bien s\u00fbr) sera largement suffisant ! vous dit l&rsquo;op\u00e9rateur ferroviaire.<\/p>\n<p>Et la plupart des installations des gares et trains etc. vous transmettent ce message :<br \/>\n<\/strong><\/p>\n<p><em><br \/>\n\u00ab\u00a0Restez \u00e0 la maison et ne venez pas nous d\u00e9ranger. <\/p>\n<p>D&rsquo;abord vous, les clients, vous nous g\u00eanez ! <\/p>\n<p>Aucun probl\u00e8me de rouler avec nos trains totalement vides, parce que nous avons planifi\u00e9 de faire rouler bient\u00f4t un minibus \u00e0 la place du train et pour ce minibus, nous voulons surtout pas trop de clients. De toutes fa\u00e7ons la fermeture de la ligne est d\u00e9j\u00e0 programm\u00e9e.<\/p>\n<p>C&rsquo;est comme \u00e7a. Et si vous ne voulez pas comprendre, nous allons bien d&rsquo;autres moyens pour vous faire ob\u00e9ir&#8230; Compris ? !!! \u00a0\u00bb<br \/>\n<\/em><\/p>\n<p>Hans, ethnologue du peuple indig\u00e8ne francais depuis 45 ans.<\/p>\n<\/blockquote>\n<p><strong>Auto-portrait de ce franco-suisse<\/strong><\/p>\n<p><em>\u00ab\u00a0Je passe mon week-end en Romandie dans le canton de Vaud. Demain je retourne dans l&rsquo;est de la Suisse dans mon canton de Thurgovie (&#8230;).<\/p>\n<p>Vous savez, j&rsquo;aime la France, pays de mes anc\u00eatres (Gard) (&#8230;). Mais, on critique ce qu&rsquo;on aime et quelquefois il faut r\u00e9veiller un peu les Fran\u00e7ais qui se prennent pour le nombril du monde, une fa\u00e7on que vous voudriez jamais accepter, si c&rsquo;\u00e9tait par exemple l&rsquo;Allemagne o\u00f9 \u00e7a se produisait ainsi&#8230; J&rsquo;ai le droit de dire ce que je pense  (&#8230;) parce que le v\u00e9cu fran\u00e7ais de ma famille a \u00e9t\u00e9 plus long que le suisse.<\/p>\n<p>Derni\u00e8rement j&rsquo;\u00e9tais \u00e0 Alleyras pour 3 nuits.<\/p>\n<p>Samedi j&rsquo;arrivais \u00e0 l&rsquo;id\u00e9e qu&rsquo;on pourrait visiter le march\u00e9 de Langogne ou Brioude&#8230; mais pour les deux il est impossible de le faire en train. Soit on arrive trop tard soit on devrait attendre des heures le prochain train.<\/p>\n<p>Impossible aussi d&rsquo;aller travailler \u00e0 un endroit sur cette m\u00eame ligne. Les horaires ne sont pas adapt\u00e9s pour vivre avec les trains et les utiliser pour son quotidien.<\/p>\n<p>Le soir je voyais sur l&rsquo;\u00e9cran de la gare d&rsquo;Alleyras le dernier train d\u2019aujourd\u2019hui et le premier train de demain&#8230;<\/p>\n<p>Beaucoup de temps serait gagn\u00e9 si on pr\u00e9f\u00e9rait faire les travaux d&rsquo;entretien pendant la nuit sans d\u00e9ranger les clients, les voyageurs, les marchandises, mais h\u00e9las, on ferme la ligne pour des semaines, voire des mois&#8230;<\/p>\n<p>Ce n&rsquo;est rien que du sabotage ou de l&rsquo;auto-d\u00e9struction volontaire !<\/p>\n<p>Moi, j&rsquo;aime le train et j&rsquo;aime quand il est utilis\u00e9, quand il sert vraiment.\u00a0\u00bb<br \/>\n<\/em><\/p>\n<p>De tels t\u00e9moignages nous font penser que les combats que nous menons doivent \u00eatre poursuivis, m\u00eame si, comme on nous le serine, le temps ferroviaire est long, m\u00eame si les avanc\u00e9es sont lentes.<\/p>\n","protected":false},"excerpt":{"rendered":"<p>Un autre monde existe et ce monde, en plus, se trouve \u00e0 deux pas de la France !<\/p>\n","protected":false},"author":1,"featured_media":5254,"comment_status":"open","ping_status":"open","sticky":false,"template":"","format":"standard","meta":{"footnotes":""},"categories":[3],"tags":[],"class_list":["post-1132","post","type-post","status-publish","format-standard","has-post-thumbnail","hentry","category-en-train"],"_links":{"self":[{"href":"https:\/\/usagers-transports.haut-allier.eu\/index.php\/wp-json\/wp\/v2\/posts\/1132","targetHints":{"allow":["GET"]}}],"collection":[{"href":"https:\/\/usagers-transports.haut-allier.eu\/index.php\/wp-json\/wp\/v2\/posts"}],"about":[{"href":"https:\/\/usagers-transports.haut-allier.eu\/index.php\/wp-json\/wp\/v2\/types\/post"}],"author":[{"embeddable":true,"href":"https:\/\/usagers-transports.haut-allier.eu\/index.php\/wp-json\/wp\/v2\/users\/1"}],"replies":[{"embeddable":true,"href":"https:\/\/usagers-transports.haut-allier.eu\/index.php\/wp-json\/wp\/v2\/comments?post=1132"}],"version-history":[{"count":0,"href":"https:\/\/usagers-transports.haut-allier.eu\/index.php\/wp-json\/wp\/v2\/posts\/1132\/revisions"}],"wp:featuredmedia":[{"embeddable":true,"href":"https:\/\/usagers-transports.haut-allier.eu\/index.php\/wp-json\/wp\/v2\/media\/5254"}],"wp:attachment":[{"href":"https:\/\/usagers-transports.haut-allier.eu\/index.php\/wp-json\/wp\/v2\/media?parent=1132"}],"wp:term":[{"taxonomy":"category","embeddable":true,"href":"https:\/\/usagers-transports.haut-allier.eu\/index.php\/wp-json\/wp\/v2\/categories?post=1132"},{"taxonomy":"post_tag","embeddable":true,"href":"https:\/\/usagers-transports.haut-allier.eu\/index.php\/wp-json\/wp\/v2\/tags?post=1132"}],"curies":[{"name":"wp","href":"https:\/\/api.w.org\/{rel}","templated":true}]}}