{"id":1133,"date":"2024-09-24T09:16:25","date_gmt":"2024-09-24T07:16:25","guid":{"rendered":"http:\/\/5.45.101.177\/haut-allier\/usagers-transportse\/index.php\/2024\/09\/24\/un-nouveau-ministre-des-transports1133\/"},"modified":"2024-09-24T09:16:25","modified_gmt":"2024-09-24T07:16:25","slug":"un-nouveau-ministre-des-transports1133","status":"publish","type":"post","link":"https:\/\/usagers-transports.haut-allier.eu\/index.php\/2024\/09\/24\/un-nouveau-ministre-des-transports1133\/","title":{"rendered":"Un nouveau ministre des transports qui conna\u00eet bien le G\u00e9vaudan"},"content":{"rendered":"<p>Apr\u00e8s Cl\u00e9ment Beaune et Patrice Vergriete voici notre nouveau ministre d\u00e9l\u00e9gu\u00e9 charg\u00e9 des transports Fran\u00e7ois Durovray. Contrairement \u00e0 ses pr\u00e9d\u00e9cesseurs qui \u00e9taient sous la tutelle du Ministre de la Transition \u00e9cologique et de la Coh\u00e9sion des territoires, il sera d\u00e9sormais plac\u00e9 sous celui du \u00ab\u00a0Partenariat avec les territoires et de la d\u00e9centralisation\u00a0\u00bb. Tout un symbole : exit l&rsquo;\u00e9cologie et bonjour les dossiers br\u00fblants et les financements trop co\u00fbteux que l&rsquo;\u00e9tat va refiler aux collectivit\u00e9s locales.  <\/p>\n<p>Mais qui est-il ? N\u00e9 \u00e0 Paris dans le 12\u00e8me arrondissement, il est pr\u00e9sident du Conseil d\u00e9partemental de l&rsquo;Essonne depuis 2015. RPR \u00e0 16 ans, puis UMP puis LR puis \u00ab\u00a0Nous France\u00a0\u00bb le micro parti de Xavier Bertrand, il fut notamment directeur de cabinet de Nicolas Dupont-Aignan de qui il s&rsquo;est \u00e9loign\u00e9, puis 1er adjoint de la mairie d\u2019Yerres. Il vient d&rsquo;\u00eatre retoqu\u00e9 aux l\u00e9gislatives dans la 8e circonscription de l\u2019Essonne. Mais c&rsquo;est d\u00e9sormais bien connu les perdants sont les gagnants selon l&rsquo;adage de notre merveilleux gouverment.<\/p>\n<p>Il ne faudra sans doute pas esp\u00e9rer grand chose pour la mobilit\u00e9 ferroviaire des citoyens. Dans ses premi\u00e8res d\u00e9clarations il s\u2019est notamment fix\u00e9 pour objectif de trouver des solutions pour \u00ab les trajets longs du quotidien \u00bb, autrement dit pour les citoyens qui n\u2019ont d\u2019autres choix que de prendre leur voiture. Il a aussi d\u00e9clar\u00e9 : \u00ab\u00a0Une autre de mes missions sera de trouver un nouveau mode de financement des infrastructures\u00a0\u00bb. Soit.<\/p>\n<p>Consid\u00e9r\u00e9 quand m\u00eame comme bon connaisseur des mobilit\u00e9s il est Vice-pr\u00e9sident du GART, le Groupement des autorit\u00e9s responsables de transport, depuis 2021, L&rsquo;association qui indique : \u00ab\u00a0Nous l\u2019avons constat\u00e9 avec ses pr\u00e9d\u00e9cesseurs, volont\u00e9 et vision ne suffisent pas toujours \u00e0 un ministre pour faire pr\u00e9valoir ses choix. Encore faut-il qu\u2019il puisse disposer des moyens de sa politique\u2026\u00a0\u00bb.<\/p>\n<p>Tout est r\u00e9sum\u00e9 dans cette derni\u00e8re phrase. Si l&rsquo;Etat ne met pas les moyens d&rsquo;une vraie politique de d\u00e9veloppement des transports c&rsquo;est le pays tout entier qui rentrera en r\u00e9cession, comme tous les indicateurs le font craindre, apr\u00e8s la gestion d\u00e9sastreuse de ses finances par l&rsquo;\u00e9quipe Lemaire \/ Micron.<\/p>\n<p><strong>Et le G\u00e9vaudan dans tout \u00e7a ?<\/strong><\/p>\n<p>S&rsquo;il fallait positiver nous pourrions noter qu&rsquo;il poss\u00e8de une maison pr\u00e8s de Marvejols en Loz\u00e8re et semble y \u00eatre assez fr\u00e9quemment pr\u00e9sent, au moins pour les vacances. La d\u00e9put\u00e9e et ex pr\u00e9sidente de la Loz\u00e8re Sophie Pantel dit de lui : \u00ab\u00a0C&rsquo;est un ami, c&rsquo;est un amoureux de la Loz\u00e8re.\u00a0\u00bb <\/p>\n<p>Peut-\u00eatre sera-t-il ainsi sensible au d\u00e9veloppement des lignes B\u00e9ziers Clermont-Ferrand et N\u00eemes Clermont-Ferrand ? Comptez sur nous pour le lui sugg\u00e9rer.<\/p>\n<p>Un bon article r\u00e9sumant la situation \u00e0 laquelle il sera confort\u00e9 est celui-ci d&rsquo;Olivier Chicheportiche :<\/p>\n<p>https:\/\/www.bfmtv.com\/economie\/entreprises\/transports\/qui-est-francois-durovray-le-nouveau-ministre-des-transports_AV-202409230299.html<\/p>\n<p>Croisons les doigts pour que \u00e7a puisse bouger un peu.<\/p>\n","protected":false},"excerpt":{"rendered":"<p>Apr\u00e8s Cl\u00e9ment Beaune et Patrice Vergriete voici notre nouveau ministre d\u00e9l\u00e9gu\u00e9 charg\u00e9 des transports Fran\u00e7ois Durovray. Contrairement \u00e0<\/p>\n","protected":false},"author":1,"featured_media":5256,"comment_status":"closed","ping_status":"open","sticky":false,"template":"","format":"standard","meta":{"footnotes":""},"categories":[2],"tags":[],"class_list":["post-1133","post","type-post","status-publish","format-standard","has-post-thumbnail","hentry","category-infos"],"_links":{"self":[{"href":"https:\/\/usagers-transports.haut-allier.eu\/index.php\/wp-json\/wp\/v2\/posts\/1133","targetHints":{"allow":["GET"]}}],"collection":[{"href":"https:\/\/usagers-transports.haut-allier.eu\/index.php\/wp-json\/wp\/v2\/posts"}],"about":[{"href":"https:\/\/usagers-transports.haut-allier.eu\/index.php\/wp-json\/wp\/v2\/types\/post"}],"author":[{"embeddable":true,"href":"https:\/\/usagers-transports.haut-allier.eu\/index.php\/wp-json\/wp\/v2\/users\/1"}],"replies":[{"embeddable":true,"href":"https:\/\/usagers-transports.haut-allier.eu\/index.php\/wp-json\/wp\/v2\/comments?post=1133"}],"version-history":[{"count":0,"href":"https:\/\/usagers-transports.haut-allier.eu\/index.php\/wp-json\/wp\/v2\/posts\/1133\/revisions"}],"wp:featuredmedia":[{"embeddable":true,"href":"https:\/\/usagers-transports.haut-allier.eu\/index.php\/wp-json\/wp\/v2\/media\/5256"}],"wp:attachment":[{"href":"https:\/\/usagers-transports.haut-allier.eu\/index.php\/wp-json\/wp\/v2\/media?parent=1133"}],"wp:term":[{"taxonomy":"category","embeddable":true,"href":"https:\/\/usagers-transports.haut-allier.eu\/index.php\/wp-json\/wp\/v2\/categories?post=1133"},{"taxonomy":"post_tag","embeddable":true,"href":"https:\/\/usagers-transports.haut-allier.eu\/index.php\/wp-json\/wp\/v2\/tags?post=1133"}],"curies":[{"name":"wp","href":"https:\/\/api.w.org\/{rel}","templated":true}]}}