{"id":1134,"date":"2024-09-26T08:26:52","date_gmt":"2024-09-26T06:26:52","guid":{"rendered":"http:\/\/5.45.101.177\/haut-allier\/usagers-transportse\/index.php\/2024\/09\/26\/auvergne-rhone-alpes-appel-aux1134\/"},"modified":"2024-09-26T08:26:52","modified_gmt":"2024-09-26T06:26:52","slug":"auvergne-rhone-alpes-appel-aux1134","status":"publish","type":"post","link":"https:\/\/usagers-transports.haut-allier.eu\/index.php\/2024\/09\/26\/auvergne-rhone-alpes-appel-aux1134\/","title":{"rendered":"Auvergne Rh\u00f4ne Alpes : appel aux candidatures pour les \u00ab\u00a0comit\u00e9s de concertation mobilit\u00e9\u00a0\u00bb"},"content":{"rendered":"<p>Pr\u00e9vus dans la loi LOM les comit\u00e9s de \u00ab\u00a0concertation\u00a0\u00bb sur les mobilit\u00e9s sont organis\u00e9s par les r\u00e9gions et vous \u00eates invit\u00e9s \u00e0 y si\u00e9ger.<\/p>\n<p>En Auvergne Rh\u00f4ne Alpes il en existe 5 au niveau r\u00e9gional (Comit\u00e9s de Partenaires R\u00e9gionaux) et 31 au niveau local (Comit\u00e9s des Partenaires Locaux).<\/p>\n<p>Nous vous diffusons sur ce site les comptes rendus r\u00e9guliers car le Collectif des usagers du haut Allier si\u00e8ge au niveau r\u00e9gional depuis plusieurs ann\u00e9es mais tous les citoyens peuvent y participer, en nombre limit\u00e9s toutefois, 4 tir\u00e9s au sort, avec une r\u00e9union \u00e0 l&rsquo;automne, ainsi que dans les nouveaux comit\u00e9s locaux au nombre de 2 tir\u00e9s au sort avec une r\u00e9union au printemps.<\/p>\n<p>Ainsi la r\u00e9gion AuRA fait appel \u00e0 candidatures et vous pouvez vous inscrire sur cette page :<\/p>\n<p>https:\/\/www.laregionvoustransporte.fr\/contenus\/les-concertations-mobilites-2024<\/p>\n<p><img loading=\"lazy\" decoding=\"async\" class=\" aligncenter size-full wp-image-5258\" src=\"http:\/\/5.45.101.177\/haut-allier\/usagers-transportse\/wp-content\/uploads\/2024\/09\/infographie_concertation_regionales_site.jpg\" alt=\"infographie_concertation_regionales_site.jpg\" align=\"center\" width=\"1400\" height=\"992\" srcset=\"https:\/\/usagers-transports.haut-allier.eu\/wp-content\/uploads\/2024\/09\/infographie_concertation_regionales_site.jpg 1400w, https:\/\/usagers-transports.haut-allier.eu\/wp-content\/uploads\/2024\/09\/infographie_concertation_regionales_site-300x213.jpg 300w, https:\/\/usagers-transports.haut-allier.eu\/wp-content\/uploads\/2024\/09\/infographie_concertation_regionales_site-1024x726.jpg 1024w, https:\/\/usagers-transports.haut-allier.eu\/wp-content\/uploads\/2024\/09\/infographie_concertation_regionales_site-768x544.jpg 768w\" sizes=\"auto, (max-width: 1400px) 100vw, 1400px\" \/><\/p>\n<p><img loading=\"lazy\" decoding=\"async\" class=\" aligncenter size-full wp-image-5259\" src=\"http:\/\/5.45.101.177\/haut-allier\/usagers-transportse\/wp-content\/uploads\/2024\/09\/infographie_concertation_locale_site2.jpg\" alt=\"infographie_concertation_locale_site2.jpg\" align=\"center\" width=\"1400\" height=\"992\" srcset=\"https:\/\/usagers-transports.haut-allier.eu\/wp-content\/uploads\/2024\/09\/infographie_concertation_locale_site2.jpg 1400w, https:\/\/usagers-transports.haut-allier.eu\/wp-content\/uploads\/2024\/09\/infographie_concertation_locale_site2-300x213.jpg 300w, https:\/\/usagers-transports.haut-allier.eu\/wp-content\/uploads\/2024\/09\/infographie_concertation_locale_site2-1024x726.jpg 1024w, https:\/\/usagers-transports.haut-allier.eu\/wp-content\/uploads\/2024\/09\/infographie_concertation_locale_site2-768x544.jpg 768w\" sizes=\"auto, (max-width: 1400px) 100vw, 1400px\" \/><\/p>\n<p>Au niveau r\u00e9gional l&rsquo;exp\u00e9rience pass\u00e9e prouvent que ces comit\u00e9s ne servent pas \u00e0 grand chose au sujet des probl\u00e9matiques TER et des bus r\u00e9gionaux. Pas vraiment de r\u00e9ponses apport\u00e9es aux probl\u00e8mes soulev\u00e9s si ce n&rsquo;est impr\u00e9cises ou des justifications sans fin. <\/p>\n<p>Est-ce que les comit\u00e9s locaux r\u00e9ussiront \u00e0 \u00eatre efficaces ? Nous en doutons fortement y voyant plus un art de diluer les probl\u00e8mes en divisant les responsabilit\u00e9s de la R\u00e9gion qu&rsquo;autre chose. Car la r\u00e9gion AuRA est organisatrice des transports (AOM) en ce qui concerne les TER et tous les bus intercit\u00e9s qu&rsquo;elle a repris il y a quelques temps. Mais elle est frileuse sur les mobilit\u00e9s du quotidien vous le savez, car les d\u00e9placements en transports publics \u00e7a co\u00fbte cher. Et donc pas de miracles \u00e0 attendre tant que l&rsquo;\u00e9quipe actuelle est au pouvoir.<\/p>\n<p>Alors candidatez si vous avez du temps et si vous voulez exp\u00e9rimenter vous m\u00eame&#8230;<\/p>\n","protected":false},"excerpt":{"rendered":"<p>Pr\u00e9vus dans la loi LOM les comit\u00e9s de \u00ab\u00a0concertation\u00a0\u00bb sur les mobilit\u00e9s sont organis\u00e9s par les r\u00e9gions et<\/p>\n","protected":false},"author":1,"featured_media":5257,"comment_status":"closed","ping_status":"open","sticky":false,"template":"","format":"standard","meta":{"footnotes":""},"categories":[2],"tags":[],"class_list":["post-1134","post","type-post","status-publish","format-standard","has-post-thumbnail","hentry","category-infos"],"_links":{"self":[{"href":"https:\/\/usagers-transports.haut-allier.eu\/index.php\/wp-json\/wp\/v2\/posts\/1134","targetHints":{"allow":["GET"]}}],"collection":[{"href":"https:\/\/usagers-transports.haut-allier.eu\/index.php\/wp-json\/wp\/v2\/posts"}],"about":[{"href":"https:\/\/usagers-transports.haut-allier.eu\/index.php\/wp-json\/wp\/v2\/types\/post"}],"author":[{"embeddable":true,"href":"https:\/\/usagers-transports.haut-allier.eu\/index.php\/wp-json\/wp\/v2\/users\/1"}],"replies":[{"embeddable":true,"href":"https:\/\/usagers-transports.haut-allier.eu\/index.php\/wp-json\/wp\/v2\/comments?post=1134"}],"version-history":[{"count":0,"href":"https:\/\/usagers-transports.haut-allier.eu\/index.php\/wp-json\/wp\/v2\/posts\/1134\/revisions"}],"wp:featuredmedia":[{"embeddable":true,"href":"https:\/\/usagers-transports.haut-allier.eu\/index.php\/wp-json\/wp\/v2\/media\/5257"}],"wp:attachment":[{"href":"https:\/\/usagers-transports.haut-allier.eu\/index.php\/wp-json\/wp\/v2\/media?parent=1134"}],"wp:term":[{"taxonomy":"category","embeddable":true,"href":"https:\/\/usagers-transports.haut-allier.eu\/index.php\/wp-json\/wp\/v2\/categories?post=1134"},{"taxonomy":"post_tag","embeddable":true,"href":"https:\/\/usagers-transports.haut-allier.eu\/index.php\/wp-json\/wp\/v2\/tags?post=1134"}],"curies":[{"name":"wp","href":"https:\/\/api.w.org\/{rel}","templated":true}]}}