{"id":1135,"date":"2024-09-30T21:01:35","date_gmt":"2024-09-30T19:01:35","guid":{"rendered":"http:\/\/5.45.101.177\/haut-allier\/usagers-transportse\/index.php\/2024\/09\/30\/greve-sncf-du-1er-octobre-tout-le1135\/"},"modified":"2024-09-30T21:01:35","modified_gmt":"2024-09-30T19:01:35","slug":"greve-sncf-du-1er-octobre-tout-le1135","status":"publish","type":"post","link":"https:\/\/usagers-transports.haut-allier.eu\/index.php\/2024\/09\/30\/greve-sncf-du-1er-octobre-tout-le1135\/","title":{"rendered":"Gr\u00e8ve SNCF du 1er octobre : tout le r\u00e9seau TER impact\u00e9"},"content":{"rendered":"<p>Mouvement social du 1er octobre : la plupart des trains TER seront supprim\u00e9s et remplac\u00e9s par des bus entre les grandes villes. Voici les fiches horaires pour la <strong>ligne des Causses<\/strong> et celle des <strong>C\u00e9vennes<\/strong>. En version auvergne Rh\u00f4ne Alpes et en version Occitanie :<\/p>\n<p><a href=\"http:\/\/5.45.101.177\/haut-allier\/usagers-transportse\/wp-content\/uploads\/2024\/09\/v2_na_r_mes_ala_s_la_bastide_marvejols_clermont_ferrand_1er_octobre.pdf\">v2_na_r_mes_ala_s_la_bastide_marvejols_clermont_ferrand_1er_octobre.pdf<\/a><\/p>\n<p><a href=\"http:\/\/5.45.101.177\/haut-allier\/usagers-transportse\/wp-content\/uploads\/2024\/09\/fh08-001_ligne_08___clermont_ferrand_-_nimes_auvergne_01-10-2024_a3_v2.pdf\">fh08-001_ligne_08___clermont_ferrand_-_nimes_auvergne_01-10-2024_a3_v2.pdf<\/a><\/p>\n<p><a href=\"http:\/\/5.45.101.177\/haut-allier\/usagers-transportse\/wp-content\/uploads\/2024\/09\/beziers_clermont_ferrand_1er_octobre.pdf\">beziers_clermont_ferrand_1er_octobre.pdf<\/a><\/p>\n","protected":false},"excerpt":{"rendered":"<p>Mouvement social du 1er octobre : la plupart des trains TER seront supprim\u00e9s et remplac\u00e9s par des bus<\/p>\n","protected":false},"author":1,"featured_media":5260,"comment_status":"open","ping_status":"open","sticky":false,"template":"","format":"standard","meta":{"footnotes":""},"categories":[3],"tags":[],"class_list":["post-1135","post","type-post","status-publish","format-standard","has-post-thumbnail","hentry","category-en-train"],"_links":{"self":[{"href":"https:\/\/usagers-transports.haut-allier.eu\/index.php\/wp-json\/wp\/v2\/posts\/1135","targetHints":{"allow":["GET"]}}],"collection":[{"href":"https:\/\/usagers-transports.haut-allier.eu\/index.php\/wp-json\/wp\/v2\/posts"}],"about":[{"href":"https:\/\/usagers-transports.haut-allier.eu\/index.php\/wp-json\/wp\/v2\/types\/post"}],"author":[{"embeddable":true,"href":"https:\/\/usagers-transports.haut-allier.eu\/index.php\/wp-json\/wp\/v2\/users\/1"}],"replies":[{"embeddable":true,"href":"https:\/\/usagers-transports.haut-allier.eu\/index.php\/wp-json\/wp\/v2\/comments?post=1135"}],"version-history":[{"count":0,"href":"https:\/\/usagers-transports.haut-allier.eu\/index.php\/wp-json\/wp\/v2\/posts\/1135\/revisions"}],"wp:featuredmedia":[{"embeddable":true,"href":"https:\/\/usagers-transports.haut-allier.eu\/index.php\/wp-json\/wp\/v2\/media\/5260"}],"wp:attachment":[{"href":"https:\/\/usagers-transports.haut-allier.eu\/index.php\/wp-json\/wp\/v2\/media?parent=1135"}],"wp:term":[{"taxonomy":"category","embeddable":true,"href":"https:\/\/usagers-transports.haut-allier.eu\/index.php\/wp-json\/wp\/v2\/categories?post=1135"},{"taxonomy":"post_tag","embeddable":true,"href":"https:\/\/usagers-transports.haut-allier.eu\/index.php\/wp-json\/wp\/v2\/tags?post=1135"}],"curies":[{"name":"wp","href":"https:\/\/api.w.org\/{rel}","templated":true}]}}