{"id":1136,"date":"2024-10-01T15:23:45","date_gmt":"2024-10-01T13:23:45","guid":{"rendered":"http:\/\/5.45.101.177\/haut-allier\/usagers-transportse\/index.php\/2024\/10\/01\/des-billets-pas-chers-pour-cette1136\/"},"modified":"2024-10-01T15:23:45","modified_gmt":"2024-10-01T13:23:45","slug":"des-billets-pas-chers-pour-cette1136","status":"publish","type":"post","link":"https:\/\/usagers-transports.haut-allier.eu\/index.php\/2024\/10\/01\/des-billets-pas-chers-pour-cette1136\/","title":{"rendered":"Billets de train pas trop chers pour cette fin d&rsquo;ann\u00e9e 2024"},"content":{"rendered":"<p>Ce sont les f\u00eates de fin d&rsquo;ann\u00e9e avant l&rsquo;heure mais d\u00e9p\u00eachez vous car ils partent rapidement.<\/p>\n<p>1) <strong>D&rsquo;abord les billets \u00e0 1 euro de la r\u00e9gion Occitanie<\/strong> sur tout le r\u00e9seau occitan TER, pour les dates des :<\/p>\n<p>&#8211; 5 et 6 octobre 2024<br \/>\n&#8211; 1er, 2 et 3 novembre 2024<br \/>\n&#8211; 7 et 8 d\u00e9cembre 2024 <\/p>\n<p>Ils sont \u00e9tendus \u00e0 tous les trains LIO y compris ceux pour Clermont-Ferrand, Agen, Avignon Centre, Pau&#8230; Alors pr\u00e9f\u00e9rez les trains Lio.<\/p>\n<p>https:\/\/www.sncf-connect.com\/<br \/>\nou<br \/>\nhttps:\/\/www.ter.sncf.com\/occitanie\/se-deplacer\/horaires<\/p>\n<p>Billets en vente \u00e9galement aux -rares- guichets.<\/p>\n<p><img loading=\"lazy\" decoding=\"async\" class=\" aligncenter size-full wp-image-5265\" src=\"http:\/\/5.45.101.177\/haut-allier\/usagers-transportse\/wp-content\/uploads\/2024\/10\/agclio-scaled.jpg\" alt=\"agclio.jpg\" align=\"center\" width=\"2560\" height=\"1617\" srcset=\"https:\/\/usagers-transports.haut-allier.eu\/wp-content\/uploads\/2024\/10\/agclio-scaled.jpg 2560w, https:\/\/usagers-transports.haut-allier.eu\/wp-content\/uploads\/2024\/10\/agclio-300x190.jpg 300w, https:\/\/usagers-transports.haut-allier.eu\/wp-content\/uploads\/2024\/10\/agclio-1024x647.jpg 1024w, https:\/\/usagers-transports.haut-allier.eu\/wp-content\/uploads\/2024\/10\/agclio-768x485.jpg 768w, https:\/\/usagers-transports.haut-allier.eu\/wp-content\/uploads\/2024\/10\/agclio-1536x970.jpg 1536w, https:\/\/usagers-transports.haut-allier.eu\/wp-content\/uploads\/2024\/10\/agclio-2048x1294.jpg 2048w\" sizes=\"auto, (max-width: 2560px) 100vw, 2560px\" \/><\/p>\n<p>2) <strong>Demain, 2 octobre 2024 \u00e0 6h du matin ou \u00e0 minuit, ce n&rsquo;est pas clair, c&rsquo;est l&rsquo;ouverture des ventes TGV et Intercit\u00e9s<\/strong> pour les vacances de No\u00ebl, p\u00e9riode du 15\/12\/2024 au 08\/01\/2025. <strong>Attention : premiers arriv\u00e9s premiers servis<\/strong>.  <\/p>\n<p>https:\/\/www.sncf-connect.com\/<\/p>\n<p><img loading=\"lazy\" decoding=\"async\" class=\" aligncenter size-full wp-image-5266\" src=\"http:\/\/5.45.101.177\/haut-allier\/usagers-transportse\/wp-content\/uploads\/2024\/10\/tetiere_1040x575.jpg\" alt=\"tetiere_1040x575.jpg\" align=\"center\" width=\"1040\" height=\"575\" srcset=\"https:\/\/usagers-transports.haut-allier.eu\/wp-content\/uploads\/2024\/10\/tetiere_1040x575.jpg 1040w, https:\/\/usagers-transports.haut-allier.eu\/wp-content\/uploads\/2024\/10\/tetiere_1040x575-300x166.jpg 300w, https:\/\/usagers-transports.haut-allier.eu\/wp-content\/uploads\/2024\/10\/tetiere_1040x575-1024x566.jpg 1024w, https:\/\/usagers-transports.haut-allier.eu\/wp-content\/uploads\/2024\/10\/tetiere_1040x575-768x425.jpg 768w\" sizes=\"auto, (max-width: 1040px) 100vw, 1040px\" \/><\/p>\n","protected":false},"excerpt":{"rendered":"<p>Ce sont les f\u00eates de fin d&rsquo;ann\u00e9e avant l&rsquo;heure mais d\u00e9p\u00eachez vous car ils partent rapidement. 1) D&rsquo;abord<\/p>\n","protected":false},"author":1,"featured_media":5264,"comment_status":"open","ping_status":"open","sticky":false,"template":"","format":"standard","meta":{"footnotes":""},"categories":[3],"tags":[],"class_list":["post-1136","post","type-post","status-publish","format-standard","has-post-thumbnail","hentry","category-en-train"],"_links":{"self":[{"href":"https:\/\/usagers-transports.haut-allier.eu\/index.php\/wp-json\/wp\/v2\/posts\/1136","targetHints":{"allow":["GET"]}}],"collection":[{"href":"https:\/\/usagers-transports.haut-allier.eu\/index.php\/wp-json\/wp\/v2\/posts"}],"about":[{"href":"https:\/\/usagers-transports.haut-allier.eu\/index.php\/wp-json\/wp\/v2\/types\/post"}],"author":[{"embeddable":true,"href":"https:\/\/usagers-transports.haut-allier.eu\/index.php\/wp-json\/wp\/v2\/users\/1"}],"replies":[{"embeddable":true,"href":"https:\/\/usagers-transports.haut-allier.eu\/index.php\/wp-json\/wp\/v2\/comments?post=1136"}],"version-history":[{"count":0,"href":"https:\/\/usagers-transports.haut-allier.eu\/index.php\/wp-json\/wp\/v2\/posts\/1136\/revisions"}],"wp:featuredmedia":[{"embeddable":true,"href":"https:\/\/usagers-transports.haut-allier.eu\/index.php\/wp-json\/wp\/v2\/media\/5264"}],"wp:attachment":[{"href":"https:\/\/usagers-transports.haut-allier.eu\/index.php\/wp-json\/wp\/v2\/media?parent=1136"}],"wp:term":[{"taxonomy":"category","embeddable":true,"href":"https:\/\/usagers-transports.haut-allier.eu\/index.php\/wp-json\/wp\/v2\/categories?post=1136"},{"taxonomy":"post_tag","embeddable":true,"href":"https:\/\/usagers-transports.haut-allier.eu\/index.php\/wp-json\/wp\/v2\/tags?post=1136"}],"curies":[{"name":"wp","href":"https:\/\/api.w.org\/{rel}","templated":true}]}}