{"id":1138,"date":"2024-10-07T11:02:53","date_gmt":"2024-10-07T09:02:53","guid":{"rendered":"http:\/\/5.45.101.177\/haut-allier\/usagers-transportse\/index.php\/2024\/10\/07\/financement-du-train-en-auvergne1138\/"},"modified":"2024-10-07T11:02:53","modified_gmt":"2024-10-07T09:02:53","slug":"financement-du-train-en-auvergne1138","status":"publish","type":"post","link":"https:\/\/usagers-transports.haut-allier.eu\/index.php\/2024\/10\/07\/financement-du-train-en-auvergne1138\/","title":{"rendered":"Financement du train en Auvergne Rh\u00f4ne Alpes : victoire importante du Collectif AuRAil"},"content":{"rendered":"<p>Un des objectifs que le collectif <a href=\"https:\/\/aurail.eu\">Aurail<\/a> (qui regroupe 18 organisations dans cette r\u00e9gion) s&rsquo;\u00e9tait fix\u00e9 d\u00e8s sa cr\u00e9ation, faire que la partie ferroviaire du Contrat de plan sign\u00e9 entre l&rsquo;Etat et la R\u00e9gion soit plus importante pour mieux financer notamment les trains du quotidien, vient d&rsquo;\u00eatre atteint. <\/p>\n<p>La Pr\u00e9fecture de R\u00e9gion (repr\u00e9sentante de l&rsquo;Etat) a \u00e9cout\u00e9 nos inqui\u00e9tudes et nous a annonc\u00e9 d\u00e8s le d\u00e9but de l&rsquo;\u00e9t\u00e9 que les budgets affect\u00e9s \u00e0 la r\u00e9novation des lignes ferr\u00e9es du projet de mine de lithium dans l&rsquo;Allier ainsi que des Jeux olympiques d&rsquo;hiver 2030 dans les Alpes ne seraient pas pris sur l&rsquo;enveloppe du CPER mais en dehors, comme nous le demandions. Le collectif et Madame Buccio se sont entendus pour ne pas communiquer suite \u00e0 notre rencontre de juillet car le changement \u00e9tait en cours \u00e0 la fois \u00e0 la t\u00eate de la R\u00e9gion Auvergne Rh\u00f4ne Alpes et au gouvernement.<\/p>\n<p><em>Extrait du protocole mobilit\u00e9s du CPER AuRA<\/em><br \/>\n<img loading=\"lazy\" decoding=\"async\" class=\" aligncenter size-full wp-image-5290\" src=\"http:\/\/5.45.101.177\/haut-allier\/usagers-transportse\/wp-content\/uploads\/2024\/10\/protocole_mobilites-pdf-10-02-2024_01_29_pm.png\" alt=\"protocole_mobilites-pdf-10-02-2024_01_29_pm.png\" align=\"center\" width=\"577\" height=\"48\" srcset=\"https:\/\/usagers-transports.haut-allier.eu\/wp-content\/uploads\/2024\/10\/protocole_mobilites-pdf-10-02-2024_01_29_pm.png 577w, https:\/\/usagers-transports.haut-allier.eu\/wp-content\/uploads\/2024\/10\/protocole_mobilites-pdf-10-02-2024_01_29_pm-300x25.png 300w\" sizes=\"auto, (max-width: 577px) 100vw, 577px\" \/><\/p>\n<p>Le collectif que nous avons initi\u00e9 avec les autres organisations de d\u00e9fense du train en juin 2023 tient \u00e0 se f\u00e9liciter du dialogue constructif entam\u00e9 d\u00e8s sa cr\u00e9ation avec la Pr\u00e9f\u00e8te de r\u00e9gion Madame Buccio ainsi qu&rsquo;avec ses services. Le dialogue est beaucoup plus difficile pour ne pas dire impossible avec l&rsquo;\u00e9quipe en place depuis quelques ann\u00e9es \u00e0 la R\u00e9gion Auvergne Rh\u00f4ne Alpes. <\/p>\n<p>Le collectif vient d&rsquo;\u00e9mettre d&rsquo;ailleurs un communiqu\u00e9 de presse que voici :<\/p>\n<p><a href=\"http:\/\/5.45.101.177\/haut-allier\/usagers-transportse\/wp-content\/uploads\/2024\/10\/cp-aurail-06octobre2024-v2.pdf\">cp-aurail-06octobre2024-v2.pdf<\/a><\/p>\n<p><a href=\"https:\/\/aurail.eu\"><em>AuRAil<\/em><\/a> poursuivra ces \u00e9changes et essaiera sans rel\u00e2che de rendre plus positifs ceux existants avec la collectivit\u00e9 r\u00e9gionale de Messieurs Wauquiez \/ Pannekoucke.<\/p>\n","protected":false},"excerpt":{"rendered":"<p>Un des objectifs que le collectif Aurail (qui regroupe 18 organisations dans cette r\u00e9gion) s&rsquo;\u00e9tait fix\u00e9 d\u00e8s sa<\/p>\n","protected":false},"author":1,"featured_media":5289,"comment_status":"closed","ping_status":"open","sticky":false,"template":"","format":"standard","meta":{"footnotes":""},"categories":[3],"tags":[],"class_list":["post-1138","post","type-post","status-publish","format-standard","has-post-thumbnail","hentry","category-en-train"],"_links":{"self":[{"href":"https:\/\/usagers-transports.haut-allier.eu\/index.php\/wp-json\/wp\/v2\/posts\/1138","targetHints":{"allow":["GET"]}}],"collection":[{"href":"https:\/\/usagers-transports.haut-allier.eu\/index.php\/wp-json\/wp\/v2\/posts"}],"about":[{"href":"https:\/\/usagers-transports.haut-allier.eu\/index.php\/wp-json\/wp\/v2\/types\/post"}],"author":[{"embeddable":true,"href":"https:\/\/usagers-transports.haut-allier.eu\/index.php\/wp-json\/wp\/v2\/users\/1"}],"replies":[{"embeddable":true,"href":"https:\/\/usagers-transports.haut-allier.eu\/index.php\/wp-json\/wp\/v2\/comments?post=1138"}],"version-history":[{"count":0,"href":"https:\/\/usagers-transports.haut-allier.eu\/index.php\/wp-json\/wp\/v2\/posts\/1138\/revisions"}],"wp:featuredmedia":[{"embeddable":true,"href":"https:\/\/usagers-transports.haut-allier.eu\/index.php\/wp-json\/wp\/v2\/media\/5289"}],"wp:attachment":[{"href":"https:\/\/usagers-transports.haut-allier.eu\/index.php\/wp-json\/wp\/v2\/media?parent=1138"}],"wp:term":[{"taxonomy":"category","embeddable":true,"href":"https:\/\/usagers-transports.haut-allier.eu\/index.php\/wp-json\/wp\/v2\/categories?post=1138"},{"taxonomy":"post_tag","embeddable":true,"href":"https:\/\/usagers-transports.haut-allier.eu\/index.php\/wp-json\/wp\/v2\/tags?post=1138"}],"curies":[{"name":"wp","href":"https:\/\/api.w.org\/{rel}","templated":true}]}}