{"id":1139,"date":"2024-10-09T11:57:10","date_gmt":"2024-10-09T09:57:10","guid":{"rendered":"http:\/\/5.45.101.177\/haut-allier\/usagers-transportse\/index.php\/2024\/10\/09\/le-nouveau-ministre-des-transports1139\/"},"modified":"2024-10-09T11:57:10","modified_gmt":"2024-10-09T09:57:10","slug":"le-nouveau-ministre-des-transports1139","status":"publish","type":"post","link":"https:\/\/usagers-transports.haut-allier.eu\/index.php\/2024\/10\/09\/le-nouveau-ministre-des-transports1139\/","title":{"rendered":"Le nouveau ministre des transports LR pr\u00e9pare les esprits au remplacement des trains du quotidien par des bus"},"content":{"rendered":"<p>Fran\u00e7ois Durovray vient le 3 octobre sur France Info de faire des d\u00e9clarations significatives de l&rsquo;\u00e9tat d&rsquo;esprit du nouveau gouvernement, que l&rsquo;ensemble des acteurs du ferroviaire ont jug\u00e9 \u00e9difiantes.<\/p>\n<p>https:\/\/www.francetvinfo.fr\/economie\/transports\/le-nouveau-ministre-des-transports-plaide-pour-une-alternative-au-train-un-nouveau-modele-avec-le-car_6815867.html<\/p>\n<p><img loading=\"lazy\" decoding=\"async\" class=\" aligncenter size-full wp-image-5293\" src=\"http:\/\/5.45.101.177\/haut-allier\/usagers-transportse\/wp-content\/uploads\/2024\/10\/le-nouveau-ministre-des-transports-plaide-pour-une-alternative-au-train-un-nouveau-modele-avec-le-car-10-09-2024_10_48_am.jpg\" alt=\"le-nouveau-ministre-des-transports-plaide-pour-une-alternative-au-train-un-nouveau-modele-avec-le-car-10-09-2024_10_48_am.jpg\" align=\"center\" width=\"800\" height=\"2069\" srcset=\"https:\/\/usagers-transports.haut-allier.eu\/wp-content\/uploads\/2024\/10\/le-nouveau-ministre-des-transports-plaide-pour-une-alternative-au-train-un-nouveau-modele-avec-le-car-10-09-2024_10_48_am.jpg 800w, https:\/\/usagers-transports.haut-allier.eu\/wp-content\/uploads\/2024\/10\/le-nouveau-ministre-des-transports-plaide-pour-une-alternative-au-train-un-nouveau-modele-avec-le-car-10-09-2024_10_48_am-116x300.jpg 116w, https:\/\/usagers-transports.haut-allier.eu\/wp-content\/uploads\/2024\/10\/le-nouveau-ministre-des-transports-plaide-pour-une-alternative-au-train-un-nouveau-modele-avec-le-car-10-09-2024_10_48_am-396x1024.jpg 396w, https:\/\/usagers-transports.haut-allier.eu\/wp-content\/uploads\/2024\/10\/le-nouveau-ministre-des-transports-plaide-pour-une-alternative-au-train-un-nouveau-modele-avec-le-car-10-09-2024_10_48_am-768x1986.jpg 768w, https:\/\/usagers-transports.haut-allier.eu\/wp-content\/uploads\/2024\/10\/le-nouveau-ministre-des-transports-plaide-pour-une-alternative-au-train-un-nouveau-modele-avec-le-car-10-09-2024_10_48_am-594x1536.jpg 594w, https:\/\/usagers-transports.haut-allier.eu\/wp-content\/uploads\/2024\/10\/le-nouveau-ministre-des-transports-plaide-pour-une-alternative-au-train-un-nouveau-modele-avec-le-car-10-09-2024_10_48_am-792x2048.jpg 792w\" sizes=\"auto, (max-width: 800px) 100vw, 800px\" \/><\/p>\n<p>Outre les centaines de r\u00e9actions sur Twitter \/ X celle d&rsquo;un acteur tr\u00e8s connu, cartographe pour la SNCF :<\/p>\n<p><img loading=\"lazy\" decoding=\"async\" class=\" aligncenter size-full wp-image-5294\" src=\"http:\/\/5.45.101.177\/haut-allier\/usagers-transportse\/wp-content\/uploads\/2024\/10\/plaide-pour-une-alternative-au-train-recherche-twitter-10-09-2024_10_50_am.jpg\" alt=\"-plaide-pour-une-alternative-au-train-recherche-twitter-10-09-2024_10_50_am.jpg\" align=\"center\" width=\"590\" height=\"599\" srcset=\"https:\/\/usagers-transports.haut-allier.eu\/wp-content\/uploads\/2024\/10\/plaide-pour-une-alternative-au-train-recherche-twitter-10-09-2024_10_50_am.jpg 590w, https:\/\/usagers-transports.haut-allier.eu\/wp-content\/uploads\/2024\/10\/plaide-pour-une-alternative-au-train-recherche-twitter-10-09-2024_10_50_am-295x300.jpg 295w\" sizes=\"auto, (max-width: 590px) 100vw, 590px\" \/><\/p>\n<p>Le ministre a dans les jours suivants \u00ab\u00a0r\u00e9trop\u00e9dal\u00e9\u00a0\u00bb et affirm\u00e9 que <em>\u00ab\u00a0la feuille de route c&rsquo;est toujours les 100 Milliards d&rsquo;euro pour le ferroviaire\u00a0\u00bb<\/em> annonc\u00e9s par l&rsquo;ancienne ministre Borne&#8230;<\/p>\n<p><em>Hier le 8 octobre :<\/em><br \/>\n<img loading=\"lazy\" decoding=\"async\" class=\" aligncenter size-full wp-image-5295\" src=\"http:\/\/5.45.101.177\/haut-allier\/usagers-transportse\/wp-content\/uploads\/2024\/10\/collectif-usagers-transports-haut-allier-usagershtallier-twitter-10-09-2024_11_03_am.jpg\" alt=\"collectif-usagers-transports-haut-allier-usagershtallier-twitter-10-09-2024_11_03_am.jpg\" align=\"center\" width=\"530\" height=\"527\" srcset=\"https:\/\/usagers-transports.haut-allier.eu\/wp-content\/uploads\/2024\/10\/collectif-usagers-transports-haut-allier-usagershtallier-twitter-10-09-2024_11_03_am.jpg 530w, https:\/\/usagers-transports.haut-allier.eu\/wp-content\/uploads\/2024\/10\/collectif-usagers-transports-haut-allier-usagershtallier-twitter-10-09-2024_11_03_am-300x298.jpg 300w, https:\/\/usagers-transports.haut-allier.eu\/wp-content\/uploads\/2024\/10\/collectif-usagers-transports-haut-allier-usagershtallier-twitter-10-09-2024_11_03_am-150x150.jpg 150w\" sizes=\"auto, (max-width: 530px) 100vw, 530px\" \/> <\/p>\n<p>&#8230;sauf que ces fameux 100 Mds ne font l&rsquo;objet d&rsquo;aucun plan de financement, on ne sait pas o\u00f9 ils seront pris, et non plus d&rsquo;aucun plan de r\u00e9partition pr\u00e9cis. Du vent donc, tout le monde s&rsquo;accorde sur ce point.<\/p>\n<p><strong>Le ministre du gouvernement Barnier \/ Macron pr\u00e9pare les esprits<\/strong><\/p>\n<p>Mais au del\u00e0 de \u00e7a, si on prend un peu de recul, on peut affirmer que <strong>les d\u00e9clarations du ministre ne sont pas des erreurs de d\u00e9marrage mais sont sciemment diffus\u00e9es pour habituer les gens \u00e0 la -pas tr\u00e8s- nouvelle id\u00e9e : remplacer les trains par des bus Macron<\/strong>. C&rsquo;est une marque de fabrique, une m\u00e9thode tr\u00e8s souvent utilis\u00e9e par les gouvernements compos\u00e9s par le formidable pr\u00e9sident depuis son accession au pouvoir, pour que les citoyens acceptent ce qu&rsquo;il pr\u00e9pare, que ce soient des fermetures de petites lignes et les remplacements syst\u00e9matiques de service TER voire Intercit\u00e9s par des autocars d\u00e8s que les factures pr\u00e9sent\u00e9es par SNCF R\u00e9seau et par SNCF Intercit\u00e9s seront jug\u00e9es trop lourdes.<\/p>\n<p>Les transports publics comme chacun le sait c&rsquo;est une part non n\u00e9gligeable des budgets de l&rsquo;\u00e9tat et des collectivit\u00e9s, souvent le premier budget des r\u00e9gions par exemple.<\/p>\n<p>Une personne r\u00e9agissait aussit\u00f4t sur ces premi\u00e8res d\u00e9clarations c&rsquo;est le PDG de la SNCF Jean-Pierre Farandou qui r\u00e9clame sans succ\u00e8s depuis des mois ce budget de 100 Mds pour mettre \u00e0 jour le r\u00e9seau ferroviaire du pays. <\/p>\n<p>https:\/\/www.latribune.fr\/entreprises-finance\/services\/transport-logistique\/reseau-ferroviaire-le-pdg-de-la-sncf-alerte-sur-les-besoins-d-investissement-1007924.html<\/p>\n<p><img loading=\"lazy\" decoding=\"async\" class=\" aligncenter size-full wp-image-5296\" src=\"http:\/\/5.45.101.177\/haut-allier\/usagers-transportse\/wp-content\/uploads\/2024\/10\/reseau-ferroviaire-le-pdg-de-la-sncf-alerte-sur-les-besoins-d-investissement-10-09-2024_11_18_am-scaled.jpg\" alt=\"reseau-ferroviaire-le-pdg-de-la-sncf-alerte-sur-les-besoins-d-investissement-10-09-2024_11_18_am.jpg\" align=\"center\" width=\"598\" height=\"2560\" srcset=\"https:\/\/usagers-transports.haut-allier.eu\/wp-content\/uploads\/2024\/10\/reseau-ferroviaire-le-pdg-de-la-sncf-alerte-sur-les-besoins-d-investissement-10-09-2024_11_18_am-scaled.jpg 598w, https:\/\/usagers-transports.haut-allier.eu\/wp-content\/uploads\/2024\/10\/reseau-ferroviaire-le-pdg-de-la-sncf-alerte-sur-les-besoins-d-investissement-10-09-2024_11_18_am-70x300.jpg 70w, https:\/\/usagers-transports.haut-allier.eu\/wp-content\/uploads\/2024\/10\/reseau-ferroviaire-le-pdg-de-la-sncf-alerte-sur-les-besoins-d-investissement-10-09-2024_11_18_am-239x1024.jpg 239w, https:\/\/usagers-transports.haut-allier.eu\/wp-content\/uploads\/2024\/10\/reseau-ferroviaire-le-pdg-de-la-sncf-alerte-sur-les-besoins-d-investissement-10-09-2024_11_18_am-359x1536.jpg 359w\" sizes=\"auto, (max-width: 598px) 100vw, 598px\" \/><\/p>\n<p>Voil\u00e0 notre petite analyse. Les usagers ne doivent plus \u00e9couter les d\u00e9clarations des uns et des autres, ils devront juger sur des faits, rien que des faits. Et se pr\u00e9parer \u00e0 agir en cons\u00e9quence. Oui \u00e7a ne veut rien dire mais chacun int\u00e8grera comme il l&rsquo;entend.<\/p>\n","protected":false},"excerpt":{"rendered":"<p>Fran\u00e7ois Durovray vient le 3 octobre sur France Info de faire des d\u00e9clarations significatives de l&rsquo;\u00e9tat d&rsquo;esprit du<\/p>\n","protected":false},"author":1,"featured_media":5292,"comment_status":"closed","ping_status":"open","sticky":false,"template":"","format":"standard","meta":{"footnotes":""},"categories":[2],"tags":[],"class_list":["post-1139","post","type-post","status-publish","format-standard","has-post-thumbnail","hentry","category-infos"],"_links":{"self":[{"href":"https:\/\/usagers-transports.haut-allier.eu\/index.php\/wp-json\/wp\/v2\/posts\/1139","targetHints":{"allow":["GET"]}}],"collection":[{"href":"https:\/\/usagers-transports.haut-allier.eu\/index.php\/wp-json\/wp\/v2\/posts"}],"about":[{"href":"https:\/\/usagers-transports.haut-allier.eu\/index.php\/wp-json\/wp\/v2\/types\/post"}],"author":[{"embeddable":true,"href":"https:\/\/usagers-transports.haut-allier.eu\/index.php\/wp-json\/wp\/v2\/users\/1"}],"replies":[{"embeddable":true,"href":"https:\/\/usagers-transports.haut-allier.eu\/index.php\/wp-json\/wp\/v2\/comments?post=1139"}],"version-history":[{"count":0,"href":"https:\/\/usagers-transports.haut-allier.eu\/index.php\/wp-json\/wp\/v2\/posts\/1139\/revisions"}],"wp:featuredmedia":[{"embeddable":true,"href":"https:\/\/usagers-transports.haut-allier.eu\/index.php\/wp-json\/wp\/v2\/media\/5292"}],"wp:attachment":[{"href":"https:\/\/usagers-transports.haut-allier.eu\/index.php\/wp-json\/wp\/v2\/media?parent=1139"}],"wp:term":[{"taxonomy":"category","embeddable":true,"href":"https:\/\/usagers-transports.haut-allier.eu\/index.php\/wp-json\/wp\/v2\/categories?post=1139"},{"taxonomy":"post_tag","embeddable":true,"href":"https:\/\/usagers-transports.haut-allier.eu\/index.php\/wp-json\/wp\/v2\/tags?post=1139"}],"curies":[{"name":"wp","href":"https:\/\/api.w.org\/{rel}","templated":true}]}}