{"id":114,"date":"2014-01-30T08:01:49","date_gmt":"2014-01-30T07:01:49","guid":{"rendered":"http:\/\/5.45.101.177\/haut-allier\/usagers-transportse\/index.php\/2014\/01\/30\/ligne-du-train-cevenol-grogne-des114\/"},"modified":"2014-01-30T08:01:49","modified_gmt":"2014-01-30T07:01:49","slug":"ligne-du-train-cevenol-grogne-des114","status":"publish","type":"post","link":"https:\/\/usagers-transports.haut-allier.eu\/index.php\/2014\/01\/30\/ligne-du-train-cevenol-grogne-des114\/","title":{"rendered":"Ligne du train C\u00e9venol : grogne des usagers sur les retards des TER entre Al\u00e8s et N\u00eemes"},"content":{"rendered":"<p>L&rsquo;association des <a href=\"http:\/\/usagerstergard.free.fr\/\">Usagers du Gard<\/a> d\u00e9nonce des retards quotidiens importants \u00e0 r\u00e9p\u00e9tition pour les TER entre Al\u00e8s et N\u00eemes ce qui emp\u00eache \u00e9videmment l&rsquo;assurance des correspondances.<br \/>\n&nbsp;<br \/>\n<strong>Dans les m\u00e9dias :<\/strong><br \/>\n&nbsp;<br \/>\n&#8211; Midi Libre du 29 janvier 2014 :<br \/>\n&nbsp;<br \/>\n<img loading=\"lazy\" decoding=\"async\" class=\" aligncenter size-full wp-image-1587\" src=\"http:\/\/5.45.101.177\/haut-allier\/usagers-transportse\/wp-content\/uploads\/2014\/01\/zoom-3.jpg\" alt=\"zoom-3.jpg\" align=\"center\" width=\"600\" height=\"752\" srcset=\"https:\/\/usagers-transports.haut-allier.eu\/wp-content\/uploads\/2014\/01\/zoom-3.jpg 600w, https:\/\/usagers-transports.haut-allier.eu\/wp-content\/uploads\/2014\/01\/zoom-3-239x300.jpg 239w\" sizes=\"auto, (max-width: 600px) 100vw, 600px\" \/><br \/>\n&nbsp;<br \/>\n&#8211; La Marseillaise du 29janvier 2014 :<br \/>\n&nbsp;<br \/>\n<img loading=\"lazy\" decoding=\"async\" class=\" aligncenter size-full wp-image-1588\" src=\"http:\/\/5.45.101.177\/haut-allier\/usagers-transportse\/wp-content\/uploads\/2014\/01\/marseille_Egar_20140129.jpg\" alt=\"marseille_Egar_20140129.jpg\" align=\"center\" width=\"578\" height=\"1028\" srcset=\"https:\/\/usagers-transports.haut-allier.eu\/wp-content\/uploads\/2014\/01\/marseille_Egar_20140129.jpg 578w, https:\/\/usagers-transports.haut-allier.eu\/wp-content\/uploads\/2014\/01\/marseille_Egar_20140129-169x300.jpg 169w, https:\/\/usagers-transports.haut-allier.eu\/wp-content\/uploads\/2014\/01\/marseille_Egar_20140129-576x1024.jpg 576w\" sizes=\"auto, (max-width: 578px) 100vw, 578px\" \/><br \/>\n&nbsp;<\/p>\n","protected":false},"excerpt":{"rendered":"<p>L&rsquo;association des Usagers du Gard d\u00e9nonce des retards quotidiens importants \u00e0 r\u00e9p\u00e9tition pour les TER entre Al\u00e8s et<\/p>\n","protected":false},"author":1,"featured_media":1586,"comment_status":"closed","ping_status":"open","sticky":false,"template":"","format":"standard","meta":{"footnotes":""},"categories":[2],"tags":[],"class_list":["post-114","post","type-post","status-publish","format-standard","has-post-thumbnail","hentry","category-infos"],"_links":{"self":[{"href":"https:\/\/usagers-transports.haut-allier.eu\/index.php\/wp-json\/wp\/v2\/posts\/114","targetHints":{"allow":["GET"]}}],"collection":[{"href":"https:\/\/usagers-transports.haut-allier.eu\/index.php\/wp-json\/wp\/v2\/posts"}],"about":[{"href":"https:\/\/usagers-transports.haut-allier.eu\/index.php\/wp-json\/wp\/v2\/types\/post"}],"author":[{"embeddable":true,"href":"https:\/\/usagers-transports.haut-allier.eu\/index.php\/wp-json\/wp\/v2\/users\/1"}],"replies":[{"embeddable":true,"href":"https:\/\/usagers-transports.haut-allier.eu\/index.php\/wp-json\/wp\/v2\/comments?post=114"}],"version-history":[{"count":0,"href":"https:\/\/usagers-transports.haut-allier.eu\/index.php\/wp-json\/wp\/v2\/posts\/114\/revisions"}],"wp:featuredmedia":[{"embeddable":true,"href":"https:\/\/usagers-transports.haut-allier.eu\/index.php\/wp-json\/wp\/v2\/media\/1586"}],"wp:attachment":[{"href":"https:\/\/usagers-transports.haut-allier.eu\/index.php\/wp-json\/wp\/v2\/media?parent=114"}],"wp:term":[{"taxonomy":"category","embeddable":true,"href":"https:\/\/usagers-transports.haut-allier.eu\/index.php\/wp-json\/wp\/v2\/categories?post=114"},{"taxonomy":"post_tag","embeddable":true,"href":"https:\/\/usagers-transports.haut-allier.eu\/index.php\/wp-json\/wp\/v2\/tags?post=114"}],"curies":[{"name":"wp","href":"https:\/\/api.w.org\/{rel}","templated":true}]}}