{"id":1140,"date":"2024-10-15T18:32:59","date_gmt":"2024-10-15T16:32:59","guid":{"rendered":"http:\/\/5.45.101.177\/haut-allier\/usagers-transportse\/index.php\/2024\/10\/15\/quelle-place-vont-laisser-les-rer1140\/"},"modified":"2024-10-15T18:32:59","modified_gmt":"2024-10-15T16:32:59","slug":"quelle-place-vont-laisser-les-rer1140","status":"publish","type":"post","link":"https:\/\/usagers-transports.haut-allier.eu\/index.php\/2024\/10\/15\/quelle-place-vont-laisser-les-rer1140\/","title":{"rendered":"Quelle place vont laisser les RER m\u00e9tropolitains (SERM) aux trains r\u00e9guliers entre les cit\u00e9s ?"},"content":{"rendered":"<p>Vu que le r\u00e9seau ferroviaire utilis\u00e9 par les SERM sera le m\u00eame que celui du r\u00e9seau r\u00e9gional TER, il n&rsquo;y aura pas de construction de nouvelles voies, n&rsquo;y-a-t-il pas grand danger d&rsquo;assister dans les prochaines ann\u00e9es \u00e0 une \u00ab\u00a0m\u00e9tropolisation\u00a0\u00bb de la mobilit\u00e9 dans les r\u00e9gions ? <\/p>\n<p>Ceci faute d&rsquo;avoir pr\u00e9vu les sillons n\u00e9cessaires pour la modernisation et un meilleur cadencement des trains moyennes distances entre les agglom\u00e9rations, que ce soit des TER interr\u00e9gionaux ou des Intercit\u00e9s.<\/p>\n<p>Est-ce que la mise en place des RER m\u00e9tropolitains, exemple Clermont-Ferrand ou Saint-Etienne chez nous, ne va pas affecter le futur des liaisons Clermont Lyon, Clermont N\u00eemes, Clermont Toulouse etc. ? En d&rsquo;autres termes le monde rural, d\u00e9j\u00e0 affaibli par la fuite des services, ne va-t-il subir un nouvel exode vers les grandes villes ?<\/p>\n<p>La menace est r\u00e9elle car sur ce point le cahier des charges des nouveaux SERM reste tr\u00e8s (trop) \u00e9vasif.<\/p>\n<p>Et si quelques uns pointaient juste apr\u00e8s la crise du COVID un exode urbain vers les campagnes, tr\u00e8s limit\u00e9 toutefois, ce mouvement fragile risque de rebasculer vers la fuite des ruraux.<\/p>\n<blockquote class=\"wp-embedded-content\" data-secret=\"KHvfp7CU7Y\"><p><a href=\"https:\/\/www.transitionsenergies.com\/exode-urbain\/\">L&rsquo;exode urbain a commenc\u00e9<\/a><\/p><\/blockquote>\n<p><iframe loading=\"lazy\" class=\"wp-embedded-content\" sandbox=\"allow-scripts\" security=\"restricted\" style=\"position: absolute; visibility: hidden;\" title=\"\u00ab\u00a0L\u2019exode urbain a commenc\u00e9\u00a0\u00bb \u2014 Transitions &amp; Energies\" src=\"https:\/\/www.transitionsenergies.com\/exode-urbain\/embed\/#?secret=mApj6texvQ#?secret=KHvfp7CU7Y\" data-secret=\"KHvfp7CU7Y\" width=\"600\" height=\"338\" frameborder=\"0\" marginwidth=\"0\" marginheight=\"0\" scrolling=\"no\"><\/iframe><\/p>\n<p>C&rsquo;est entre autres th\u00e8mes cette question que le R\u00e9seau europ\u00e9en #enTrain a tent\u00e9 d&rsquo;aborder ce vendredi 11 octobre dans son forum 2024 intitul\u00e9 \u00ab\u00a0Les RER m\u00e9tropolitains, splendeur et mis\u00e8re ?\u00a0\u00bb.<\/p>\n<p><em>Une partie du public<\/em><br \/>\n<img loading=\"lazy\" decoding=\"async\" class=\" aligncenter size-full wp-image-5298\" src=\"http:\/\/5.45.101.177\/haut-allier\/usagers-transportse\/wp-content\/uploads\/2024\/10\/forum-du-reseau-europeen-entrain-2024-roubaix-rer-metropolitains-splendeur-et-misere-youtube-10-15-2024_06_12_pm.png\" alt=\"forum-du-reseau-europeen-entrain-2024-roubaix-rer-metropolitains-splendeur-et-misere-youtube-10-15-2024_06_12_pm.png\" align=\"center\" width=\"807\" height=\"453\" srcset=\"https:\/\/usagers-transports.haut-allier.eu\/wp-content\/uploads\/2024\/10\/forum-du-reseau-europeen-entrain-2024-roubaix-rer-metropolitains-splendeur-et-misere-youtube-10-15-2024_06_12_pm.png 807w, https:\/\/usagers-transports.haut-allier.eu\/wp-content\/uploads\/2024\/10\/forum-du-reseau-europeen-entrain-2024-roubaix-rer-metropolitains-splendeur-et-misere-youtube-10-15-2024_06_12_pm-300x168.png 300w, https:\/\/usagers-transports.haut-allier.eu\/wp-content\/uploads\/2024\/10\/forum-du-reseau-europeen-entrain-2024-roubaix-rer-metropolitains-splendeur-et-misere-youtube-10-15-2024_06_12_pm-768x431.png 768w\" sizes=\"auto, (max-width: 807px) 100vw, 807px\" \/><\/p>\n<p>Le R\u00e9seau europ\u00e9en #enTrain poursuivra la r\u00e9flexion lors de futurs webinaires ouverts \u00e0 tous.<\/p>\n<p>L&rsquo;exercice se d\u00e9roulait en tous cas \u00e0 Roubaix (Nord) \u00e0 la Condition Publique. Vous pouvez revoir les 4 heures d&rsquo;\u00e9changes ci-dessous et le d\u00e9tail du programme et des experts invit\u00e9s ici :<\/p>\n<p>https:\/\/reseauentrain.eu\/forum-2024\/<\/p>\n<p><center><br \/>\n<iframe loading=\"lazy\" width=\"560\" height=\"315\" src=\"https:\/\/www.youtube.com\/embed\/PGWeagcIrtY?si=ZEOjwLUDqTTr-v29\" title=\"YouTube video player\" frameborder=\"0\" allow=\"accelerometer; autoplay; clipboard-write; encrypted-media; gyroscope; picture-in-picture; web-share\" referrerpolicy=\"strict-origin-when-cross-origin\" allowfullscreen><\/iframe><br \/>\n <\/center><\/p>\n<p>Si vous suivez sur Youtube le d\u00e9roul\u00e9 du texte peut \u00eatre automatiquement affich\u00e9 et vous pouvez vous rendre directement aux passages qui nous int\u00e9ressent. <\/p>\n<p><strong>Note :<\/strong> Les projets de SERM de la r\u00e9gion Auvergne Rh\u00f4ne Alpes viennent d&rsquo;\u00eatre officiellement valid\u00e9s (Clermont Ferrand, Saint-Etienne, Lyon, Grenoble) sans qu&rsquo;il y est eu d&rsquo;\u00e9tudes pr\u00e9alables pr\u00e9cises.<\/p>\n","protected":false},"excerpt":{"rendered":"<p>Vu que le r\u00e9seau ferroviaire utilis\u00e9 par les SERM sera le m\u00eame que celui du r\u00e9seau r\u00e9gional TER,<\/p>\n","protected":false},"author":1,"featured_media":5297,"comment_status":"closed","ping_status":"open","sticky":false,"template":"","format":"standard","meta":{"footnotes":""},"categories":[3],"tags":[],"class_list":["post-1140","post","type-post","status-publish","format-standard","has-post-thumbnail","hentry","category-en-train"],"_links":{"self":[{"href":"https:\/\/usagers-transports.haut-allier.eu\/index.php\/wp-json\/wp\/v2\/posts\/1140","targetHints":{"allow":["GET"]}}],"collection":[{"href":"https:\/\/usagers-transports.haut-allier.eu\/index.php\/wp-json\/wp\/v2\/posts"}],"about":[{"href":"https:\/\/usagers-transports.haut-allier.eu\/index.php\/wp-json\/wp\/v2\/types\/post"}],"author":[{"embeddable":true,"href":"https:\/\/usagers-transports.haut-allier.eu\/index.php\/wp-json\/wp\/v2\/users\/1"}],"replies":[{"embeddable":true,"href":"https:\/\/usagers-transports.haut-allier.eu\/index.php\/wp-json\/wp\/v2\/comments?post=1140"}],"version-history":[{"count":0,"href":"https:\/\/usagers-transports.haut-allier.eu\/index.php\/wp-json\/wp\/v2\/posts\/1140\/revisions"}],"wp:featuredmedia":[{"embeddable":true,"href":"https:\/\/usagers-transports.haut-allier.eu\/index.php\/wp-json\/wp\/v2\/media\/5297"}],"wp:attachment":[{"href":"https:\/\/usagers-transports.haut-allier.eu\/index.php\/wp-json\/wp\/v2\/media?parent=1140"}],"wp:term":[{"taxonomy":"category","embeddable":true,"href":"https:\/\/usagers-transports.haut-allier.eu\/index.php\/wp-json\/wp\/v2\/categories?post=1140"},{"taxonomy":"post_tag","embeddable":true,"href":"https:\/\/usagers-transports.haut-allier.eu\/index.php\/wp-json\/wp\/v2\/tags?post=1140"}],"curies":[{"name":"wp","href":"https:\/\/api.w.org\/{rel}","templated":true}]}}