{"id":1141,"date":"2024-10-16T16:11:56","date_gmt":"2024-10-16T14:11:56","guid":{"rendered":"http:\/\/5.45.101.177\/haut-allier\/usagers-transportse\/index.php\/2024\/10\/16\/reservation-obligatoire-dans-les1141\/"},"modified":"2024-10-16T16:11:56","modified_gmt":"2024-10-16T14:11:56","slug":"reservation-obligatoire-dans-les1141","status":"publish","type":"post","link":"https:\/\/usagers-transports.haut-allier.eu\/index.php\/2024\/10\/16\/reservation-obligatoire-dans-les1141\/","title":{"rendered":"R\u00e9servation obligatoire dans les TER : SNCF s&rsquo;abrite derri\u00e8re les R\u00e9gions et confirme sa responsabilit\u00e9"},"content":{"rendered":"<p>La r\u00e9ponse que vient de recevoir le R\u00e9seau europ\u00e9en <a href=\"https:\/\/reseauentrain.eu\"><em>#enTrain<\/em><\/a> \u00e0 son interpellation au d\u00e9but de l&rsquo;\u00e9t\u00e9 et \u00e0 sa <a href=\"https:\/\/www.mesopinions.com\/petition\/social\/avionisation-ter-reservation-obligatoire\/232344\"><em>p\u00e9tition<\/em><\/a> contre l&rsquo;Avionisation des TER qui a obtenu plus de 10 000 signatures n&rsquo;apporte pas grand chose au d\u00e9bat si ce n&rsquo;est que SNCF reconna\u00eet \u00eatre l&rsquo;initiatrice du dispositif \u00ab\u00a0\u00e0 la demande\u00a0\u00bb de deux r\u00e9gions (Grand Est et Normandie) et qu&rsquo;elle reprend mot pour mot les termes du communiqu\u00e9 de l&rsquo;association des <a href=\"https:\/\/regions-france.org\/\"><em>R\u00e9gions de France<\/em><\/a> fin ao\u00fbt : <em>\u00ab\u00a0Aucun projet de g\u00e9n\u00e9ralisation n\u2019existe et une telle hypoth\u00e8se, non v\u00e9rifi\u00e9e et sans fondement, ne refl\u00e8te aucunement les travaux en cours\u00a0\u00bb<\/em>.<\/p>\n<p>Ce <a href=\"https:\/\/regions-france.org\/wp-content\/uploads\/2024\/09\/20240821-CP-Reservation-obligatoire-des-transports-express-regionaux-1.pdf\"><em>communiqu\u00e9<\/em><\/a> publi\u00e9 le 21 ao\u00fbt dernier reprend le th\u00e8me pr\u00e9visible \u00ab\u00a0On investit lourdement\u00a0\u00bb mais surtout il renvoie la balle \u00e0 l&rsquo;Etat : <em>\u00ab\u00a0Les r\u00e9gions attendent dor\u00e9navant la concr\u00e9tisation des promesses d\u2019engagements des pr\u00e9c\u00e9dents Gouvernements pour une \u00ab nouvelle donne ferroviaire \u00bb et l\u2019inscription budg\u00e9taire pluriannuelle des \u00ab 100 milliards d\u2019euros \u00bb \u00e9voqu\u00e9s d\u2019ici \u00e0 2040\u00a0\u00bb.<\/em> Une sorte de crainte que les investissements pour le ferroviaire du quotidien ne soient pas \u00e0 la hauteur des enjeux, et donc, en ces ann\u00e9es de fortes demandes citoyennes pour le train, &#8230; et ce sera notre conclusion, que les R\u00e9gions soient oblig\u00e9es de filtrer (diminuer) l&rsquo;acc\u00e8s aux TER en instaurant&#8230; la r\u00e9servation obligatoire.<\/p>\n<p>Voici la lettre de la SNCF :<\/p>\n<p><img loading=\"lazy\" decoding=\"async\" class=\" aligncenter size-full wp-image-5300\" src=\"http:\/\/5.45.101.177\/haut-allier\/usagers-transportse\/wp-content\/uploads\/2024\/10\/reponsesncfsurresaobligatoire.jpg\" alt=\"reponsesncfsurresaobligatoire.jpg\" align=\"center\" width=\"1057\" height=\"1496\" srcset=\"https:\/\/usagers-transports.haut-allier.eu\/wp-content\/uploads\/2024\/10\/reponsesncfsurresaobligatoire.jpg 1057w, https:\/\/usagers-transports.haut-allier.eu\/wp-content\/uploads\/2024\/10\/reponsesncfsurresaobligatoire-212x300.jpg 212w, https:\/\/usagers-transports.haut-allier.eu\/wp-content\/uploads\/2024\/10\/reponsesncfsurresaobligatoire-724x1024.jpg 724w, https:\/\/usagers-transports.haut-allier.eu\/wp-content\/uploads\/2024\/10\/reponsesncfsurresaobligatoire-768x1087.jpg 768w\" sizes=\"auto, (max-width: 1057px) 100vw, 1057px\" \/><\/p>\n<p>Rappelons que les 100 milliards pour le ferroviaire promis par Borne et demand\u00e9s par le PDG de la SNCF Jean-Pierre Farandou ne sont pas encore \u00ab\u00a0financ\u00e9s\u00a0\u00bb et que nous sommes toujours sur du vent.<\/p>\n<p>Quant \u00e0 la r\u00e9servation obligatoire \u00e0 bord des TER l&rsquo;avenir nous dira si une ou plusieurs r\u00e9gions ne c\u00e8deront pas \u00e0 la solution de facilit\u00e9 pr\u00e9conis\u00e9e par la SNCF <em>\u00ab\u00a0qui satisfait tout le monde y compris certaines associations.\u00a0\u00bb<\/em><\/p>\n","protected":false},"excerpt":{"rendered":"<p>La r\u00e9ponse que vient de recevoir le R\u00e9seau europ\u00e9en #enTrain \u00e0 son interpellation au d\u00e9but de l&rsquo;\u00e9t\u00e9 et<\/p>\n","protected":false},"author":1,"featured_media":5299,"comment_status":"closed","ping_status":"open","sticky":false,"template":"","format":"standard","meta":{"footnotes":""},"categories":[3],"tags":[],"class_list":["post-1141","post","type-post","status-publish","format-standard","has-post-thumbnail","hentry","category-en-train"],"_links":{"self":[{"href":"https:\/\/usagers-transports.haut-allier.eu\/index.php\/wp-json\/wp\/v2\/posts\/1141","targetHints":{"allow":["GET"]}}],"collection":[{"href":"https:\/\/usagers-transports.haut-allier.eu\/index.php\/wp-json\/wp\/v2\/posts"}],"about":[{"href":"https:\/\/usagers-transports.haut-allier.eu\/index.php\/wp-json\/wp\/v2\/types\/post"}],"author":[{"embeddable":true,"href":"https:\/\/usagers-transports.haut-allier.eu\/index.php\/wp-json\/wp\/v2\/users\/1"}],"replies":[{"embeddable":true,"href":"https:\/\/usagers-transports.haut-allier.eu\/index.php\/wp-json\/wp\/v2\/comments?post=1141"}],"version-history":[{"count":0,"href":"https:\/\/usagers-transports.haut-allier.eu\/index.php\/wp-json\/wp\/v2\/posts\/1141\/revisions"}],"wp:featuredmedia":[{"embeddable":true,"href":"https:\/\/usagers-transports.haut-allier.eu\/index.php\/wp-json\/wp\/v2\/media\/5299"}],"wp:attachment":[{"href":"https:\/\/usagers-transports.haut-allier.eu\/index.php\/wp-json\/wp\/v2\/media?parent=1141"}],"wp:term":[{"taxonomy":"category","embeddable":true,"href":"https:\/\/usagers-transports.haut-allier.eu\/index.php\/wp-json\/wp\/v2\/categories?post=1141"},{"taxonomy":"post_tag","embeddable":true,"href":"https:\/\/usagers-transports.haut-allier.eu\/index.php\/wp-json\/wp\/v2\/tags?post=1141"}],"curies":[{"name":"wp","href":"https:\/\/api.w.org\/{rel}","templated":true}]}}