{"id":1144,"date":"2024-10-19T18:07:59","date_gmt":"2024-10-19T16:07:59","guid":{"rendered":"http:\/\/5.45.101.177\/haut-allier\/usagers-transportse\/index.php\/2024\/10\/19\/la-sabotage-au-quotidien-sur-la1144\/"},"modified":"2024-10-19T18:07:59","modified_gmt":"2024-10-19T16:07:59","slug":"la-sabotage-au-quotidien-sur-la1144","status":"publish","type":"post","link":"https:\/\/usagers-transports.haut-allier.eu\/index.php\/2024\/10\/19\/la-sabotage-au-quotidien-sur-la1144\/","title":{"rendered":"Le sabotage au quotidien sur la ligne des C\u00e9vennes en 2024 : exemple Alleyras en Haute-Loire"},"content":{"rendered":"<p><em>De notre honorable correspondant franco-suisse sur place :<\/em><\/p>\n<p>Gare d&rsquo;Alleyras, il y a quelques ann\u00e9es encore, on descendait sur le quai dans le sable fin.<\/p>\n<p>Pas facile d&rsquo;y faire rouler une valise ou un chariot pour faire ses courses ou bien une poussette&#8230;<\/p>\n<p>Depuis un certain temps une bonne partie du quai est goudronn\u00e9e, assez long pour une rame.<\/p>\n<p>Le train, vous n&rsquo;allez pas le croire, s&rsquo;arr\u00eate toujours ainsi : une moiti\u00e9 de sa longueur se trouvant dans le sable, l&rsquo;autre moiti\u00e9 sur le quai goudronn\u00e9.<\/p>\n<p>Et il fait \u00e7a dans les deux sens !<\/p>\n<p>C&rsquo;est ce qu&rsquo;on appelle \u00a0\u00bb Le sabotage du quotidien \u00ab\u00a0.<\/p>\n<p>Mais, il doit y avoir une raison forc\u00e9ment valable pour la soci\u00e9t\u00e9 SNCF, mais qui reste incompr\u00e9hensible pour ma petite t\u00eate de voyageur.<\/p>\n<p><em>Un beau rev\u00eatement de quai qui s&rsquo;arr\u00eate \u00e0 la halte ferroviaire. Apr\u00e8s le sable est rest\u00e9. Economies obligent<\/em><br \/>\n<img loading=\"lazy\" decoding=\"async\" class=\" aligncenter size-full wp-image-5305\" src=\"http:\/\/5.45.101.177\/haut-allier\/usagers-transportse\/wp-content\/uploads\/2024\/10\/logo-unbeaurevetement-img_20230713_151627.jpg\" alt=\"logo-unbeaurevetement-img_20230713_151627.jpg\" align=\"center\" width=\"2000\" height=\"1500\" srcset=\"https:\/\/usagers-transports.haut-allier.eu\/wp-content\/uploads\/2024\/10\/logo-unbeaurevetement-img_20230713_151627.jpg 2000w, https:\/\/usagers-transports.haut-allier.eu\/wp-content\/uploads\/2024\/10\/logo-unbeaurevetement-img_20230713_151627-300x225.jpg 300w, https:\/\/usagers-transports.haut-allier.eu\/wp-content\/uploads\/2024\/10\/logo-unbeaurevetement-img_20230713_151627-1024x768.jpg 1024w, https:\/\/usagers-transports.haut-allier.eu\/wp-content\/uploads\/2024\/10\/logo-unbeaurevetement-img_20230713_151627-768x576.jpg 768w, https:\/\/usagers-transports.haut-allier.eu\/wp-content\/uploads\/2024\/10\/logo-unbeaurevetement-img_20230713_151627-1536x1152.jpg 1536w\" sizes=\"auto, (max-width: 2000px) 100vw, 2000px\" \/><\/p>\n<p>Autre anecdote, ici \u00e0 Alleyras, il y avait aussi \u00e0 l&rsquo;\u00e9poque, quand un seul train (pas un par direction pour bien pr\u00e9ciser !) s&rsquo;arr\u00eatait dans cette gare, une petite difficult\u00e9 pour aller dans l&rsquo;autre direction : il fallait faire un d\u00e9tour par la prochaine gare qui elle \u00e9tait desservie dans les deux sens. <\/p>\n<p>Mais aujourd&rsquo;hui, en 2024, pour aller faire ses courses au march\u00e9&#8230; j&rsquo;avais oubli\u00e9 qu&rsquo;avec l&rsquo;offre des trains actuelle, il n&rsquo;est pas possible de faire un aller et retour pour visiter les march\u00e9s de Langogne ou de Brioude, et je ne parle pas de prendre le train pour aller travailler.<\/p>\n<p>Rien d&rsquo;autre \u00e0 ajouter.<\/p>\n<p><em>HansRuedi.<\/em><\/p>\n<p>Notre petit commentaire : <strong>C&rsquo;est pour cette raison que le Collectif demande avec insistance \u00e0 la r\u00e9gion Auvergne Rh\u00f4ne Alpes un train entre La Bastide St Laurent les Bains et Langeac \/ Clermont Ferrand t\u00f4t le matin. Pour l&rsquo;instant on nous le refuse mais on nous dit qu&rsquo;il sera inscrit&#8230; dans le dossier d&rsquo;appel d&rsquo;offres dans le cadre de l&rsquo;ouverture \u00e0 la concurrence des TER en 2029 pour l&rsquo;Auvergne. S&rsquo;il est accept\u00e9 il faudra compter 5 ans de plus pour la mise en place. Super. Sera-t-on assez patient ?<\/strong><\/p>\n","protected":false},"excerpt":{"rendered":"<p>De notre honorable correspondant franco-suisse sur place : Gare d&rsquo;Alleyras, il y a quelques ann\u00e9es encore, on descendait<\/p>\n","protected":false},"author":1,"featured_media":5304,"comment_status":"open","ping_status":"open","sticky":false,"template":"","format":"standard","meta":{"footnotes":""},"categories":[3],"tags":[],"class_list":["post-1144","post","type-post","status-publish","format-standard","has-post-thumbnail","hentry","category-en-train"],"_links":{"self":[{"href":"https:\/\/usagers-transports.haut-allier.eu\/index.php\/wp-json\/wp\/v2\/posts\/1144","targetHints":{"allow":["GET"]}}],"collection":[{"href":"https:\/\/usagers-transports.haut-allier.eu\/index.php\/wp-json\/wp\/v2\/posts"}],"about":[{"href":"https:\/\/usagers-transports.haut-allier.eu\/index.php\/wp-json\/wp\/v2\/types\/post"}],"author":[{"embeddable":true,"href":"https:\/\/usagers-transports.haut-allier.eu\/index.php\/wp-json\/wp\/v2\/users\/1"}],"replies":[{"embeddable":true,"href":"https:\/\/usagers-transports.haut-allier.eu\/index.php\/wp-json\/wp\/v2\/comments?post=1144"}],"version-history":[{"count":0,"href":"https:\/\/usagers-transports.haut-allier.eu\/index.php\/wp-json\/wp\/v2\/posts\/1144\/revisions"}],"wp:featuredmedia":[{"embeddable":true,"href":"https:\/\/usagers-transports.haut-allier.eu\/index.php\/wp-json\/wp\/v2\/media\/5304"}],"wp:attachment":[{"href":"https:\/\/usagers-transports.haut-allier.eu\/index.php\/wp-json\/wp\/v2\/media?parent=1144"}],"wp:term":[{"taxonomy":"category","embeddable":true,"href":"https:\/\/usagers-transports.haut-allier.eu\/index.php\/wp-json\/wp\/v2\/categories?post=1144"},{"taxonomy":"post_tag","embeddable":true,"href":"https:\/\/usagers-transports.haut-allier.eu\/index.php\/wp-json\/wp\/v2\/tags?post=1144"}],"curies":[{"name":"wp","href":"https:\/\/api.w.org\/{rel}","templated":true}]}}