{"id":1145,"date":"2024-10-23T07:29:17","date_gmt":"2024-10-23T05:29:17","guid":{"rendered":"http:\/\/5.45.101.177\/haut-allier\/usagers-transportse\/index.php\/2024\/10\/23\/ligne-des-cevennes-action-gare-de1145\/"},"modified":"2024-10-23T07:29:17","modified_gmt":"2024-10-23T05:29:17","slug":"ligne-des-cevennes-action-gare-de1145","status":"publish","type":"post","link":"https:\/\/usagers-transports.haut-allier.eu\/index.php\/2024\/10\/23\/ligne-des-cevennes-action-gare-de1145\/","title":{"rendered":"Ligne des C\u00e9vennes : action gare de Langogne le samedi 26 octobre 15h30 [MAJ]"},"content":{"rendered":"<p>[rouge]<strong>[Mise \u00e0 jour vendredi 25 \u00e0 14h40 : Pr\u00e9voir un parapluie puisque risque de pluie \u00ab\u00a0\u00e9parse\u00a0\u00bb &#8211; Les trains TER 877952 et  TER 877957 circulent malgr\u00e9 les intemp\u00e9ries pr\u00e9vues]<br \/>\n<\/strong>[\/rouge]<\/p>\n<p>Notre Collectif invite \u00e0 se rassembler samedi gare de Langogne \u00e0 15h30 pour demander \u00e0 la SNCF ainsi qu&rsquo;aux r\u00e9gions Auvergne Rh\u00f4ne Alpes et Occitanie :<\/p>\n<p><strong><br \/>\n&#8211; un train quotidien suppl\u00e9mentaire le matin t\u00f4t en direction de Clermont et Paris. Le premier train passe aux alentours de 11h, c&rsquo;est inacceptable pour les salari\u00e9s et ceux qui veulent arriver \u00e0 Clermont en matin\u00e9e ou prendre un des premiers trains vers la capitale,<\/p>\n<p>&#8211; des travaux sans coupure totale des circulations. En 2025 les travaux au nord de la ligne s&rsquo;arr\u00eatent \u00e0 16h. Nous demandons \u00e0 la SNCF et \u00e0 la r\u00e9gion AuRA de faire circuler ses trains du soir entre La Bastide et Clermont,<\/p>\n<p>&#8211; la modernisation de la ligne et non son \u00ab\u00a0maintien en l&rsquo;\u00e9tat\u00a0\u00bb ce qui entra\u00eenera les suppressions de limitations de vitesse,<\/p>\n<p>De plus nous demandons au gouvernement et \u00e0 l&rsquo;Etat, via nos d\u00e9put\u00e9s et s\u00e9nateurs, de sanctuariser les sommes pr\u00e9vues dans les volets mobilit\u00e9 des CPER.<\/p>\n<p>Nous demandons aussi \u00e0 l&rsquo;Etat et \u00e0 SNCF Intercit\u00e9s, le retour du train de nuit N\u00eemes Clermont Paris, indispensable au d\u00e9senclavement des C\u00e9vennes et du haut Allier.<br \/>\n<\/strong><\/p>\n<p>A samedi \u00e0 Langogne.<\/p>\n<p><img loading=\"lazy\" decoding=\"async\" class=\" aligncenter size-full wp-image-5307\" src=\"http:\/\/5.45.101.177\/haut-allier\/usagers-transportse\/wp-content\/uploads\/2024\/10\/logo2-img_20221024_103130_623.jpg\" alt=\"logo2-img_20221024_103130_623.jpg\" align=\"center\" width=\"1606\" height=\"1308\" srcset=\"https:\/\/usagers-transports.haut-allier.eu\/wp-content\/uploads\/2024\/10\/logo2-img_20221024_103130_623.jpg 1606w, https:\/\/usagers-transports.haut-allier.eu\/wp-content\/uploads\/2024\/10\/logo2-img_20221024_103130_623-300x244.jpg 300w, https:\/\/usagers-transports.haut-allier.eu\/wp-content\/uploads\/2024\/10\/logo2-img_20221024_103130_623-1024x834.jpg 1024w, https:\/\/usagers-transports.haut-allier.eu\/wp-content\/uploads\/2024\/10\/logo2-img_20221024_103130_623-768x625.jpg 768w, https:\/\/usagers-transports.haut-allier.eu\/wp-content\/uploads\/2024\/10\/logo2-img_20221024_103130_623-1536x1251.jpg 1536w\" sizes=\"auto, (max-width: 1606px) 100vw, 1606px\" \/><\/p>\n<p><img loading=\"lazy\" decoding=\"async\" class=\" aligncenter size-full wp-image-5308\" src=\"http:\/\/5.45.101.177\/haut-allier\/usagers-transportse\/wp-content\/uploads\/2024\/10\/affiche-manif-langogne-a3.jpg\" alt=\"affiche-manif-langogne-a3.jpg\" align=\"center\" width=\"1169\" height=\"1653\" srcset=\"https:\/\/usagers-transports.haut-allier.eu\/wp-content\/uploads\/2024\/10\/affiche-manif-langogne-a3.jpg 1169w, https:\/\/usagers-transports.haut-allier.eu\/wp-content\/uploads\/2024\/10\/affiche-manif-langogne-a3-212x300.jpg 212w, https:\/\/usagers-transports.haut-allier.eu\/wp-content\/uploads\/2024\/10\/affiche-manif-langogne-a3-724x1024.jpg 724w, https:\/\/usagers-transports.haut-allier.eu\/wp-content\/uploads\/2024\/10\/affiche-manif-langogne-a3-768x1086.jpg 768w, https:\/\/usagers-transports.haut-allier.eu\/wp-content\/uploads\/2024\/10\/affiche-manif-langogne-a3-1086x1536.jpg 1086w\" sizes=\"auto, (max-width: 1169px) 100vw, 1169px\" \/><\/p>\n<p><strong>Dans la presse<\/strong><\/p>\n<p>&#8211; Le Progr\u00e8s du 24 octobre 2024 :<br \/>\n<a href=\"https:\/\/www.leprogres.fr\/transport\/2024\/10\/23\/ils-veulent-plus-de-trains-pour-clermont-et-paris-et-vont-manifester-a-langogne\"><em>\u00ab\u00a0Ils veulent plus de trains pour Clermont et Paris et vont manifester \u00e0 Langogne\u00a0\u00bb<\/em><\/a><\/p>\n<p><img loading=\"lazy\" decoding=\"async\" class=\" aligncenter size-full wp-image-5309\" src=\"http:\/\/5.45.101.177\/haut-allier\/usagers-transportse\/wp-content\/uploads\/2024\/10\/haute-loire-ils-veulent-plus-de-trains-pour-clermont-et-paris-et-vont-manifester-a-langogne-10-24-2024_04_29_pm-scaled.png\" alt=\"haute-loire-ils-veulent-plus-de-trains-pour-clermont-et-paris-et-vont-manifester-a-langogne-10-24-2024_04_29_pm.png\" align=\"center\" width=\"819\" height=\"2560\" srcset=\"https:\/\/usagers-transports.haut-allier.eu\/wp-content\/uploads\/2024\/10\/haute-loire-ils-veulent-plus-de-trains-pour-clermont-et-paris-et-vont-manifester-a-langogne-10-24-2024_04_29_pm-scaled.png 819w, https:\/\/usagers-transports.haut-allier.eu\/wp-content\/uploads\/2024\/10\/haute-loire-ils-veulent-plus-de-trains-pour-clermont-et-paris-et-vont-manifester-a-langogne-10-24-2024_04_29_pm-96x300.png 96w, https:\/\/usagers-transports.haut-allier.eu\/wp-content\/uploads\/2024\/10\/haute-loire-ils-veulent-plus-de-trains-pour-clermont-et-paris-et-vont-manifester-a-langogne-10-24-2024_04_29_pm-768x2401.png 768w, https:\/\/usagers-transports.haut-allier.eu\/wp-content\/uploads\/2024\/10\/haute-loire-ils-veulent-plus-de-trains-pour-clermont-et-paris-et-vont-manifester-a-langogne-10-24-2024_04_29_pm-491x1536.png 491w, https:\/\/usagers-transports.haut-allier.eu\/wp-content\/uploads\/2024\/10\/haute-loire-ils-veulent-plus-de-trains-pour-clermont-et-paris-et-vont-manifester-a-langogne-10-24-2024_04_29_pm-655x2048.png 655w\" sizes=\"auto, (max-width: 819px) 100vw, 819px\" \/><\/p>\n<p>&#8211; L&rsquo;Eveil de Haute-Loire du 25 octobre 2024 :<br \/>\n<a href=\"https:\/\/www.leveil.fr\/langogne-48300\/economie\/a-langogne-les-usagers-demandent-des-trains-supplementaires_14585214\/\">\u00ab\u00a0\u00c0 Langogne, les usagers demandent des trains suppl\u00e9mentaires\u00a0\u00bb<\/a><\/p>\n<p><img loading=\"lazy\" decoding=\"async\" class=\" aligncenter size-full wp-image-5310\" src=\"http:\/\/5.45.101.177\/haut-allier\/usagers-transportse\/wp-content\/uploads\/2024\/10\/a-langogne-les-usagers-demandent-des-trains-supplementaires-langogne-48300-10-25-2024_07_02_am-scaled.png\" alt=\"a-langogne-les-usagers-demandent-des-trains-supplementaires-langogne-48300--10-25-2024_07_02_am.png\" align=\"center\" width=\"787\" height=\"2560\" srcset=\"https:\/\/usagers-transports.haut-allier.eu\/wp-content\/uploads\/2024\/10\/a-langogne-les-usagers-demandent-des-trains-supplementaires-langogne-48300-10-25-2024_07_02_am-scaled.png 787w, https:\/\/usagers-transports.haut-allier.eu\/wp-content\/uploads\/2024\/10\/a-langogne-les-usagers-demandent-des-trains-supplementaires-langogne-48300-10-25-2024_07_02_am-92x300.png 92w, https:\/\/usagers-transports.haut-allier.eu\/wp-content\/uploads\/2024\/10\/a-langogne-les-usagers-demandent-des-trains-supplementaires-langogne-48300-10-25-2024_07_02_am-315x1024.png 315w, https:\/\/usagers-transports.haut-allier.eu\/wp-content\/uploads\/2024\/10\/a-langogne-les-usagers-demandent-des-trains-supplementaires-langogne-48300-10-25-2024_07_02_am-768x2498.png 768w, https:\/\/usagers-transports.haut-allier.eu\/wp-content\/uploads\/2024\/10\/a-langogne-les-usagers-demandent-des-trains-supplementaires-langogne-48300-10-25-2024_07_02_am-472x1536.png 472w, https:\/\/usagers-transports.haut-allier.eu\/wp-content\/uploads\/2024\/10\/a-langogne-les-usagers-demandent-des-trains-supplementaires-langogne-48300-10-25-2024_07_02_am-630x2048.png 630w\" sizes=\"auto, (max-width: 787px) 100vw, 787px\" \/><\/p>\n<p>&#8211; France Bleu Pays d&rsquo;Auvergne du 25 octobre 2024 \u00e0 8h15 :<br \/>\n\u00ab\u00a03 questions \u00e0 Marc Gouttebroze, responsable du collectif des usagers des transports du Haut-Allier\u00a0\u00bb<br \/>\nhttps:\/\/www.francebleu.fr\/emissions\/trois-questions-a\/marc-gouttebroze-responsable-du-collectif-des-usagers-des-transports-du-haut-allier-1068298<\/p>\n<p><a href=\"http:\/\/5.45.101.177\/haut-allier\/usagers-transportse\/wp-content\/uploads\/2024\/10\/24358-25.10.2024-itema_23904149-2024b52173s0299-21.mp3\">Marc Gouttebroze, responsable du collectif des usagers des transports du Haut-Allier<\/a><\/p>\n<p>&#8211; Midi Libre du 23 octobre :<br \/>\n<em>\u00ab\u00a0Rassemblement en gare de Langogne pour r\u00e9clamer un train de plus pour Clermont et Paris, ainsi que le train de nuit\u00a0\u00bb<\/em><br \/>\nhttps:\/\/www.midilibre.fr\/2024\/10\/23\/rassemblement-en-gare-de-langogne-pour-reclamer-un-train-de-plus-pour-clermont-et-paris-ainsi-que-le-train-de-nuit-12280131.php<\/p>\n<p><img loading=\"lazy\" decoding=\"async\" class=\" aligncenter size-full wp-image-5313\" src=\"http:\/\/5.45.101.177\/haut-allier\/usagers-transportse\/wp-content\/uploads\/2024\/10\/screenshot_20241027-113934.png\" alt=\"screenshot_20241027-113934.png\" align=\"center\" width=\"720\" height=\"1280\" srcset=\"https:\/\/usagers-transports.haut-allier.eu\/wp-content\/uploads\/2024\/10\/screenshot_20241027-113934.png 720w, https:\/\/usagers-transports.haut-allier.eu\/wp-content\/uploads\/2024\/10\/screenshot_20241027-113934-169x300.png 169w, https:\/\/usagers-transports.haut-allier.eu\/wp-content\/uploads\/2024\/10\/screenshot_20241027-113934-576x1024.png 576w\" sizes=\"auto, (max-width: 720px) 100vw, 720px\" \/><\/p>\n","protected":false},"excerpt":{"rendered":"<p>[rouge][Mise \u00e0 jour vendredi 25 \u00e0 14h40 : Pr\u00e9voir un parapluie puisque risque de pluie \u00ab\u00a0\u00e9parse\u00a0\u00bb &#8211; Les<\/p>\n","protected":false},"author":1,"featured_media":5306,"comment_status":"closed","ping_status":"open","sticky":false,"template":"","format":"standard","meta":{"footnotes":""},"categories":[5],"tags":[],"class_list":["post-1145","post","type-post","status-publish","format-standard","has-post-thumbnail","hentry","category-ensemble"],"_links":{"self":[{"href":"https:\/\/usagers-transports.haut-allier.eu\/index.php\/wp-json\/wp\/v2\/posts\/1145","targetHints":{"allow":["GET"]}}],"collection":[{"href":"https:\/\/usagers-transports.haut-allier.eu\/index.php\/wp-json\/wp\/v2\/posts"}],"about":[{"href":"https:\/\/usagers-transports.haut-allier.eu\/index.php\/wp-json\/wp\/v2\/types\/post"}],"author":[{"embeddable":true,"href":"https:\/\/usagers-transports.haut-allier.eu\/index.php\/wp-json\/wp\/v2\/users\/1"}],"replies":[{"embeddable":true,"href":"https:\/\/usagers-transports.haut-allier.eu\/index.php\/wp-json\/wp\/v2\/comments?post=1145"}],"version-history":[{"count":0,"href":"https:\/\/usagers-transports.haut-allier.eu\/index.php\/wp-json\/wp\/v2\/posts\/1145\/revisions"}],"wp:featuredmedia":[{"embeddable":true,"href":"https:\/\/usagers-transports.haut-allier.eu\/index.php\/wp-json\/wp\/v2\/media\/5306"}],"wp:attachment":[{"href":"https:\/\/usagers-transports.haut-allier.eu\/index.php\/wp-json\/wp\/v2\/media?parent=1145"}],"wp:term":[{"taxonomy":"category","embeddable":true,"href":"https:\/\/usagers-transports.haut-allier.eu\/index.php\/wp-json\/wp\/v2\/categories?post=1145"},{"taxonomy":"post_tag","embeddable":true,"href":"https:\/\/usagers-transports.haut-allier.eu\/index.php\/wp-json\/wp\/v2\/tags?post=1145"}],"curies":[{"name":"wp","href":"https:\/\/api.w.org\/{rel}","templated":true}]}}