{"id":1146,"date":"2024-10-25T20:22:18","date_gmt":"2024-10-25T18:22:18","guid":{"rendered":"http:\/\/5.45.101.177\/haut-allier\/usagers-transportse\/index.php\/2024\/10\/25\/samedi-26-octobre-sur-la-ligne-du1146\/"},"modified":"2024-10-25T20:22:18","modified_gmt":"2024-10-25T18:22:18","slug":"samedi-26-octobre-sur-la-ligne-du1146","status":"publish","type":"post","link":"https:\/\/usagers-transports.haut-allier.eu\/index.php\/2024\/10\/25\/samedi-26-octobre-sur-la-ligne-du1146\/","title":{"rendered":"26 octobre ligne du train C\u00e9venol : suppression de circulations suite aux pr\u00e9visions m\u00e9t\u00e9o"},"content":{"rendered":"<p>Suite aux conditions m\u00e9t\u00e9o en Loz\u00e8re et Gard, tous les trains entre Genolhac et La Bastide St Laurent sont annul\u00e9s ce samedi et dimanche.<\/p>\n<p>Seuls circulent<br \/>\nSAM 26 OCTOBRE<br \/>\nLe train TER au d\u00e9part de<br \/>\nLangogne 10h28<br \/>\nvers<br \/>\nClermont Ferrand 13h17<\/p>\n<p>Et le train au d\u00e9part de<br \/>\nClermont Ferrand \u00e0 7h35<br \/>\nArriv\u00e9e Langogne \u00e0 10h22<\/p>\n<p>Des bus ne desservant pas toutes les gares sont mis en place.<\/p>\n<p>La fiche horaire TER SNCF AURA :<br \/>\nhttps:\/\/t.co\/l6ItKgc2sl<\/p>\n","protected":false},"excerpt":{"rendered":"<p>Suite aux conditions m\u00e9t\u00e9o en Loz\u00e8re et Gard, tous les trains entre Genolhac et La Bastide St Laurent<\/p>\n","protected":false},"author":1,"featured_media":5314,"comment_status":"closed","ping_status":"open","sticky":false,"template":"","format":"standard","meta":{"footnotes":""},"categories":[2],"tags":[],"class_list":["post-1146","post","type-post","status-publish","format-standard","has-post-thumbnail","hentry","category-infos"],"_links":{"self":[{"href":"https:\/\/usagers-transports.haut-allier.eu\/index.php\/wp-json\/wp\/v2\/posts\/1146","targetHints":{"allow":["GET"]}}],"collection":[{"href":"https:\/\/usagers-transports.haut-allier.eu\/index.php\/wp-json\/wp\/v2\/posts"}],"about":[{"href":"https:\/\/usagers-transports.haut-allier.eu\/index.php\/wp-json\/wp\/v2\/types\/post"}],"author":[{"embeddable":true,"href":"https:\/\/usagers-transports.haut-allier.eu\/index.php\/wp-json\/wp\/v2\/users\/1"}],"replies":[{"embeddable":true,"href":"https:\/\/usagers-transports.haut-allier.eu\/index.php\/wp-json\/wp\/v2\/comments?post=1146"}],"version-history":[{"count":0,"href":"https:\/\/usagers-transports.haut-allier.eu\/index.php\/wp-json\/wp\/v2\/posts\/1146\/revisions"}],"wp:featuredmedia":[{"embeddable":true,"href":"https:\/\/usagers-transports.haut-allier.eu\/index.php\/wp-json\/wp\/v2\/media\/5314"}],"wp:attachment":[{"href":"https:\/\/usagers-transports.haut-allier.eu\/index.php\/wp-json\/wp\/v2\/media?parent=1146"}],"wp:term":[{"taxonomy":"category","embeddable":true,"href":"https:\/\/usagers-transports.haut-allier.eu\/index.php\/wp-json\/wp\/v2\/categories?post=1146"},{"taxonomy":"post_tag","embeddable":true,"href":"https:\/\/usagers-transports.haut-allier.eu\/index.php\/wp-json\/wp\/v2\/tags?post=1146"}],"curies":[{"name":"wp","href":"https:\/\/api.w.org\/{rel}","templated":true}]}}