{"id":1147,"date":"2024-10-25T22:44:55","date_gmt":"2024-10-25T20:44:55","guid":{"rendered":"http:\/\/5.45.101.177\/haut-allier\/usagers-transportse\/index.php\/2024\/10\/25\/ligne-des-cevennes-un-ter-percute1147\/"},"modified":"2024-10-25T22:44:55","modified_gmt":"2024-10-25T20:44:55","slug":"ligne-des-cevennes-un-ter-percute1147","status":"publish","type":"post","link":"https:\/\/usagers-transports.haut-allier.eu\/index.php\/2024\/10\/25\/ligne-des-cevennes-un-ter-percute1147\/","title":{"rendered":"Ligne des C\u00e9vennes : un TER percute un arbre et d\u00e9raille [MAJ]"},"content":{"rendered":"<p>Le TER 873994 parti de N\u00eemes \u00e0 17h01 et se dirigeant vers La Bastide Saint-Laurent les Bains a percut\u00e9 un arbre vers 19h entre G\u00e9nolhac et Villefort ce soir vendredi 25 octobre.<\/p>\n<p>Il y a deux bless\u00e9s l\u00e9gers. Les secours \u00e9taient sur place \u00e0 22h selon Jean-Luc Gibelin le Vice-pr\u00e9sident charg\u00e9 des transports de la r\u00e9gion Occitanie.<\/p>\n<p>On n&rsquo;en sait pas plus pour le moment.<\/p>\n<p>L&rsquo;accident a eu lieu \u00e0 Saint Andr\u00e9 Capceze.<\/p>\n<p>Une soixantaine de voyageurs a \u00e9t\u00e9 h\u00e9berg\u00e9e par la commune.<\/p>\n<p><img loading=\"lazy\" decoding=\"async\" class=\" aligncenter size-full wp-image-5316\" src=\"http:\/\/5.45.101.177\/haut-allier\/usagers-transportse\/wp-content\/uploads\/2024\/10\/600_sc_464325233-122111856746416874-2207278017299098362-n_2_-01.jpg\" alt=\"600_sc_464325233-122111856746416874-2207278017299098362-n_2_-01.jpg\" align=\"center\" width=\"600\" height=\"800\" srcset=\"https:\/\/usagers-transports.haut-allier.eu\/wp-content\/uploads\/2024\/10\/600_sc_464325233-122111856746416874-2207278017299098362-n_2_-01.jpg 600w, https:\/\/usagers-transports.haut-allier.eu\/wp-content\/uploads\/2024\/10\/600_sc_464325233-122111856746416874-2207278017299098362-n_2_-01-225x300.jpg 225w\" sizes=\"auto, (max-width: 600px) 100vw, 600px\" \/><br \/>\nSource : Sophie Pantel <\/p>\n<p><strong>Plus d&rsquo;infos<\/strong><\/p>\n<p>France Bleu du 26 octobre 2024 :<br \/>\nhttps:\/\/www.francebleu.fr\/infos\/faits-divers-justice\/un-train-deraille-en-lozere-les-passagers-d-abord-heberges-dans-un-gymnase-sont-repartis-en-car-7567721<\/p>\n<p>Reportage TF1 au JT du 26 octobre 2024 :<\/p>\n<p><a href=\"http:\/\/5.45.101.177\/haut-allier\/usagers-transportse\/wp-content\/uploads\/2024\/10\/deraillement-tf1.mp4\">deraillement-tf1.mp4<\/a><\/p>\n<p>Visite sur place :<\/p>\n<p><img loading=\"lazy\" decoding=\"async\" class=\" aligncenter size-full wp-image-5318\" src=\"http:\/\/5.45.101.177\/haut-allier\/usagers-transportse\/wp-content\/uploads\/2024\/10\/dimage0.jpg\" alt=\"dimage0.jpg\" align=\"center\" width=\"522\" height=\"695\" srcset=\"https:\/\/usagers-transports.haut-allier.eu\/wp-content\/uploads\/2024\/10\/dimage0.jpg 522w, https:\/\/usagers-transports.haut-allier.eu\/wp-content\/uploads\/2024\/10\/dimage0-225x300.jpg 225w\" sizes=\"auto, (max-width: 522px) 100vw, 522px\" \/><br \/>\n<img loading=\"lazy\" decoding=\"async\" class=\" aligncenter size-full wp-image-5319\" src=\"http:\/\/5.45.101.177\/haut-allier\/usagers-transportse\/wp-content\/uploads\/2024\/10\/dimage1.jpg\" alt=\"dimage1.jpg\" align=\"center\" width=\"639\" height=\"803\" srcset=\"https:\/\/usagers-transports.haut-allier.eu\/wp-content\/uploads\/2024\/10\/dimage1.jpg 639w, https:\/\/usagers-transports.haut-allier.eu\/wp-content\/uploads\/2024\/10\/dimage1-239x300.jpg 239w\" sizes=\"auto, (max-width: 639px) 100vw, 639px\" \/><br \/>\n<img loading=\"lazy\" decoding=\"async\" class=\" aligncenter size-full wp-image-5320\" src=\"http:\/\/5.45.101.177\/haut-allier\/usagers-transportse\/wp-content\/uploads\/2024\/10\/dimage2.jpg\" alt=\"dimage2.jpg\" align=\"center\" width=\"960\" height=\"1280\" srcset=\"https:\/\/usagers-transports.haut-allier.eu\/wp-content\/uploads\/2024\/10\/dimage2.jpg 960w, https:\/\/usagers-transports.haut-allier.eu\/wp-content\/uploads\/2024\/10\/dimage2-225x300.jpg 225w, https:\/\/usagers-transports.haut-allier.eu\/wp-content\/uploads\/2024\/10\/dimage2-768x1024.jpg 768w\" sizes=\"auto, (max-width: 960px) 100vw, 960px\" \/><br \/>\n<img loading=\"lazy\" decoding=\"async\" class=\" aligncenter size-full wp-image-5321\" src=\"http:\/\/5.45.101.177\/haut-allier\/usagers-transportse\/wp-content\/uploads\/2024\/10\/dimage3-rotated.jpg\" alt=\"dimage3.jpg\" align=\"center\" width=\"1512\" height=\"2016\" srcset=\"https:\/\/usagers-transports.haut-allier.eu\/wp-content\/uploads\/2024\/10\/dimage3-rotated.jpg 1512w, https:\/\/usagers-transports.haut-allier.eu\/wp-content\/uploads\/2024\/10\/dimage3-225x300.jpg 225w, https:\/\/usagers-transports.haut-allier.eu\/wp-content\/uploads\/2024\/10\/dimage3-768x1024.jpg 768w, https:\/\/usagers-transports.haut-allier.eu\/wp-content\/uploads\/2024\/10\/dimage3-1152x1536.jpg 1152w\" sizes=\"auto, (max-width: 1512px) 100vw, 1512px\" \/><br \/>\n<img loading=\"lazy\" decoding=\"async\" class=\" aligncenter size-full wp-image-5322\" src=\"http:\/\/5.45.101.177\/haut-allier\/usagers-transportse\/wp-content\/uploads\/2024\/10\/dimage4.jpg\" alt=\"dimage4.jpg\" align=\"center\" width=\"2016\" height=\"1512\" srcset=\"https:\/\/usagers-transports.haut-allier.eu\/wp-content\/uploads\/2024\/10\/dimage4.jpg 2016w, https:\/\/usagers-transports.haut-allier.eu\/wp-content\/uploads\/2024\/10\/dimage4-300x225.jpg 300w, https:\/\/usagers-transports.haut-allier.eu\/wp-content\/uploads\/2024\/10\/dimage4-1024x768.jpg 1024w, https:\/\/usagers-transports.haut-allier.eu\/wp-content\/uploads\/2024\/10\/dimage4-768x576.jpg 768w, https:\/\/usagers-transports.haut-allier.eu\/wp-content\/uploads\/2024\/10\/dimage4-1536x1152.jpg 1536w\" sizes=\"auto, (max-width: 2016px) 100vw, 2016px\" \/><br \/>\n<img loading=\"lazy\" decoding=\"async\" class=\" aligncenter size-full wp-image-5323\" src=\"http:\/\/5.45.101.177\/haut-allier\/usagers-transportse\/wp-content\/uploads\/2024\/10\/dimage5.jpg\" alt=\"dimage5.jpg\" align=\"center\" width=\"2016\" height=\"1512\" srcset=\"https:\/\/usagers-transports.haut-allier.eu\/wp-content\/uploads\/2024\/10\/dimage5.jpg 2016w, https:\/\/usagers-transports.haut-allier.eu\/wp-content\/uploads\/2024\/10\/dimage5-300x225.jpg 300w, https:\/\/usagers-transports.haut-allier.eu\/wp-content\/uploads\/2024\/10\/dimage5-1024x768.jpg 1024w, https:\/\/usagers-transports.haut-allier.eu\/wp-content\/uploads\/2024\/10\/dimage5-768x576.jpg 768w, https:\/\/usagers-transports.haut-allier.eu\/wp-content\/uploads\/2024\/10\/dimage5-1536x1152.jpg 1536w\" sizes=\"auto, (max-width: 2016px) 100vw, 2016px\" \/><\/p>\n","protected":false},"excerpt":{"rendered":"<p>Le TER 873994 parti de N\u00eemes \u00e0 17h01 et se dirigeant vers La Bastide Saint-Laurent les Bains a<\/p>\n","protected":false},"author":1,"featured_media":5315,"comment_status":"closed","ping_status":"open","sticky":false,"template":"","format":"standard","meta":{"footnotes":""},"categories":[2],"tags":[],"class_list":["post-1147","post","type-post","status-publish","format-standard","has-post-thumbnail","hentry","category-infos"],"_links":{"self":[{"href":"https:\/\/usagers-transports.haut-allier.eu\/index.php\/wp-json\/wp\/v2\/posts\/1147","targetHints":{"allow":["GET"]}}],"collection":[{"href":"https:\/\/usagers-transports.haut-allier.eu\/index.php\/wp-json\/wp\/v2\/posts"}],"about":[{"href":"https:\/\/usagers-transports.haut-allier.eu\/index.php\/wp-json\/wp\/v2\/types\/post"}],"author":[{"embeddable":true,"href":"https:\/\/usagers-transports.haut-allier.eu\/index.php\/wp-json\/wp\/v2\/users\/1"}],"replies":[{"embeddable":true,"href":"https:\/\/usagers-transports.haut-allier.eu\/index.php\/wp-json\/wp\/v2\/comments?post=1147"}],"version-history":[{"count":0,"href":"https:\/\/usagers-transports.haut-allier.eu\/index.php\/wp-json\/wp\/v2\/posts\/1147\/revisions"}],"wp:featuredmedia":[{"embeddable":true,"href":"https:\/\/usagers-transports.haut-allier.eu\/index.php\/wp-json\/wp\/v2\/media\/5315"}],"wp:attachment":[{"href":"https:\/\/usagers-transports.haut-allier.eu\/index.php\/wp-json\/wp\/v2\/media?parent=1147"}],"wp:term":[{"taxonomy":"category","embeddable":true,"href":"https:\/\/usagers-transports.haut-allier.eu\/index.php\/wp-json\/wp\/v2\/categories?post=1147"},{"taxonomy":"post_tag","embeddable":true,"href":"https:\/\/usagers-transports.haut-allier.eu\/index.php\/wp-json\/wp\/v2\/tags?post=1147"}],"curies":[{"name":"wp","href":"https:\/\/api.w.org\/{rel}","templated":true}]}}