{"id":1148,"date":"2024-10-27T07:50:46","date_gmt":"2024-10-27T06:50:46","guid":{"rendered":"http:\/\/5.45.101.177\/haut-allier\/usagers-transportse\/index.php\/2024\/10\/27\/langogne-malgre-l-arret-des1148\/"},"modified":"2024-10-27T07:50:46","modified_gmt":"2024-10-27T06:50:46","slug":"langogne-malgre-l-arret-des1148","status":"publish","type":"post","link":"https:\/\/usagers-transports.haut-allier.eu\/index.php\/2024\/10\/27\/langogne-malgre-l-arret-des1148\/","title":{"rendered":"Langogne : malgr\u00e9 l&rsquo;arr\u00eat des circulations et la m\u00e9t\u00e9o ils \u00e9taient l\u00e0 pour la ligne des C\u00e9vennes"},"content":{"rendered":"<p>Un temps ex\u00e9crable le matin, un train qui d\u00e9raille la veille entre G\u00e9nolhac et Villefort, des trains qui ne circulent plus \u00e0 cause des pr\u00e9visions m\u00e9t\u00e9o pendant trois jours, des participants \u00e0 la manif qui annulent leur pr\u00e9sence, une visite impromptue de ministre&#8230; \u00e7a partait mal pour le rassemblement que nous <a href=\"https:\/\/usagers-transports.haut-allier.eu\/?ligne-des-cevennes-action-gare-de,1145\"><em>organisions<\/em><\/a> et que nous avons maintenu malgr\u00e9 tout.<\/p>\n<p>Ce fut quand m\u00eame un succ\u00e8s : accalmie climatique pendant la rencontre, avec des \u00e9lus loz\u00e9riens bien pr\u00e9sents, que nous avons eu plaisir \u00e0 retrouver, y compris l&rsquo;ancien maire, fort soutien les ann\u00e9es pr\u00e9c\u00e9dentes, des voyageurs venus de Lyon et d&rsquo;autres de plus loin encore, des ferrophiles et la presse qui n&rsquo;a pas fait d\u00e9faut.<\/p>\n<p>Nos revendications : un train quotidien suppl\u00e9mentaire le matin t\u00f4t en direction de Clermont et Paris, des travaux sans coupure totale des circulations, la modernisation de la ligne et non son \u00ab maintien en l\u2019\u00e9tat \u00bb, et le retour du train de nuit N\u00eemes Clermont Paris, \u00e9taient bien dans les esprits et les pr\u00e9sents y adh\u00e9raient.<\/p>\n<p>Voici quelques images :<\/p>\n<p><em>On se pr\u00e9pare, entre deux averses&#8230; [Photo Henri Tenoux]<\/em><br \/>\n<img loading=\"lazy\" decoding=\"async\" class=\" aligncenter size-full wp-image-5325\" src=\"http:\/\/5.45.101.177\/haut-allier\/usagers-transportse\/wp-content\/uploads\/2024\/10\/2500-dscn5214.jpg\" alt=\"2500-dscn5214.jpg\" align=\"center\" width=\"2500\" height=\"1875\" srcset=\"https:\/\/usagers-transports.haut-allier.eu\/wp-content\/uploads\/2024\/10\/2500-dscn5214.jpg 2500w, https:\/\/usagers-transports.haut-allier.eu\/wp-content\/uploads\/2024\/10\/2500-dscn5214-300x225.jpg 300w, https:\/\/usagers-transports.haut-allier.eu\/wp-content\/uploads\/2024\/10\/2500-dscn5214-1024x768.jpg 1024w, https:\/\/usagers-transports.haut-allier.eu\/wp-content\/uploads\/2024\/10\/2500-dscn5214-768x576.jpg 768w, https:\/\/usagers-transports.haut-allier.eu\/wp-content\/uploads\/2024\/10\/2500-dscn5214-1536x1152.jpg 1536w, https:\/\/usagers-transports.haut-allier.eu\/wp-content\/uploads\/2024\/10\/2500-dscn5214-2048x1536.jpg 2048w\" sizes=\"auto, (max-width: 2500px) 100vw, 2500px\" \/><\/p>\n<p><em>\u00ab\u00a0Pour un TER matinal vers Clermont !\u00a0\u00bb<\/em><br \/>\n<img loading=\"lazy\" decoding=\"async\" class=\" aligncenter size-full wp-image-5326\" src=\"http:\/\/5.45.101.177\/haut-allier\/usagers-transportse\/wp-content\/uploads\/2024\/10\/2500-img_20241026_154722.jpg\" alt=\"2500-img_20241026_154722.jpg\" align=\"center\" width=\"2500\" height=\"1955\" srcset=\"https:\/\/usagers-transports.haut-allier.eu\/wp-content\/uploads\/2024\/10\/2500-img_20241026_154722.jpg 2500w, https:\/\/usagers-transports.haut-allier.eu\/wp-content\/uploads\/2024\/10\/2500-img_20241026_154722-300x235.jpg 300w, https:\/\/usagers-transports.haut-allier.eu\/wp-content\/uploads\/2024\/10\/2500-img_20241026_154722-1024x801.jpg 1024w, https:\/\/usagers-transports.haut-allier.eu\/wp-content\/uploads\/2024\/10\/2500-img_20241026_154722-768x601.jpg 768w, https:\/\/usagers-transports.haut-allier.eu\/wp-content\/uploads\/2024\/10\/2500-img_20241026_154722-1536x1201.jpg 1536w, https:\/\/usagers-transports.haut-allier.eu\/wp-content\/uploads\/2024\/10\/2500-img_20241026_154722-2048x1602.jpg 2048w\" sizes=\"auto, (max-width: 2500px) 100vw, 2500px\" \/><\/p>\n<p><img loading=\"lazy\" decoding=\"async\" class=\" aligncenter size-full wp-image-5327\" src=\"http:\/\/5.45.101.177\/haut-allier\/usagers-transportse\/wp-content\/uploads\/2024\/10\/2500-img_20241026_163419.jpg\" alt=\"2500-img_20241026_163419.jpg\" align=\"center\" width=\"2500\" height=\"1884\" srcset=\"https:\/\/usagers-transports.haut-allier.eu\/wp-content\/uploads\/2024\/10\/2500-img_20241026_163419.jpg 2500w, https:\/\/usagers-transports.haut-allier.eu\/wp-content\/uploads\/2024\/10\/2500-img_20241026_163419-300x226.jpg 300w, https:\/\/usagers-transports.haut-allier.eu\/wp-content\/uploads\/2024\/10\/2500-img_20241026_163419-1024x772.jpg 1024w, https:\/\/usagers-transports.haut-allier.eu\/wp-content\/uploads\/2024\/10\/2500-img_20241026_163419-768x579.jpg 768w, https:\/\/usagers-transports.haut-allier.eu\/wp-content\/uploads\/2024\/10\/2500-img_20241026_163419-1536x1158.jpg 1536w, https:\/\/usagers-transports.haut-allier.eu\/wp-content\/uploads\/2024\/10\/2500-img_20241026_163419-2048x1543.jpg 2048w\" sizes=\"auto, (max-width: 2500px) 100vw, 2500px\" \/><\/p>\n<p><em>Guy Malaval, toujours de tous les combats, \u00e0 gauche<\/em><br \/>\n<img loading=\"lazy\" decoding=\"async\" class=\" aligncenter size-full wp-image-5328\" src=\"http:\/\/5.45.101.177\/haut-allier\/usagers-transportse\/wp-content\/uploads\/2024\/10\/2500-img_20241026_155103_687.jpg\" alt=\"2500-img_20241026_155103_687.jpg\" align=\"center\" width=\"2500\" height=\"1406\" srcset=\"https:\/\/usagers-transports.haut-allier.eu\/wp-content\/uploads\/2024\/10\/2500-img_20241026_155103_687.jpg 2500w, https:\/\/usagers-transports.haut-allier.eu\/wp-content\/uploads\/2024\/10\/2500-img_20241026_155103_687-300x169.jpg 300w, https:\/\/usagers-transports.haut-allier.eu\/wp-content\/uploads\/2024\/10\/2500-img_20241026_155103_687-1024x576.jpg 1024w, https:\/\/usagers-transports.haut-allier.eu\/wp-content\/uploads\/2024\/10\/2500-img_20241026_155103_687-768x432.jpg 768w, https:\/\/usagers-transports.haut-allier.eu\/wp-content\/uploads\/2024\/10\/2500-img_20241026_155103_687-1536x864.jpg 1536w, https:\/\/usagers-transports.haut-allier.eu\/wp-content\/uploads\/2024\/10\/2500-img_20241026_155103_687-2048x1152.jpg 2048w\" sizes=\"auto, (max-width: 2500px) 100vw, 2500px\" \/><\/p>\n<p><strong>Dans la presse : <\/strong> <\/p>\n<p>&#8211; France Bleu Gard Loz\u00e8re le 26 octobre :<br \/>\n<em>\u00ab\u00a0Ils r\u00e9clament un train suppl\u00e9mentaire de Langogne vers Clermont et Paris, et le retour du train de nuit\u00a0\u00bb<\/em><\/p>\n<p>https:\/\/www.francebleu.fr\/infos\/transports\/ils-reclament-un-train-supplementaire-de-langogne-vers-clermont-et-paris-et-le-retour-du-train-de-nuit-8870204<\/p>\n<p><img loading=\"lazy\" decoding=\"async\" class=\" aligncenter size-full wp-image-5329\" src=\"http:\/\/5.45.101.177\/haut-allier\/usagers-transportse\/wp-content\/uploads\/2024\/10\/ils-reclament-un-train-supplementaire-de-langogne-vers-clermont-et-paris-et-le-retour-du-train-de-nuit-france-bleu-10-27-2024_08_58_am-scaled.png\" alt=\"ils-reclament-un-train-supplementaire-de-langogne-vers-clermont-et-paris-et-le-retour-du-train-de-nuit-france-bleu-10-27-2024_08_58_am.png\" align=\"center\" width=\"818\" height=\"2560\" srcset=\"https:\/\/usagers-transports.haut-allier.eu\/wp-content\/uploads\/2024\/10\/ils-reclament-un-train-supplementaire-de-langogne-vers-clermont-et-paris-et-le-retour-du-train-de-nuit-france-bleu-10-27-2024_08_58_am-scaled.png 818w, https:\/\/usagers-transports.haut-allier.eu\/wp-content\/uploads\/2024\/10\/ils-reclament-un-train-supplementaire-de-langogne-vers-clermont-et-paris-et-le-retour-du-train-de-nuit-france-bleu-10-27-2024_08_58_am-96x300.png 96w, https:\/\/usagers-transports.haut-allier.eu\/wp-content\/uploads\/2024\/10\/ils-reclament-un-train-supplementaire-de-langogne-vers-clermont-et-paris-et-le-retour-du-train-de-nuit-france-bleu-10-27-2024_08_58_am-327x1024.png 327w, https:\/\/usagers-transports.haut-allier.eu\/wp-content\/uploads\/2024\/10\/ils-reclament-un-train-supplementaire-de-langogne-vers-clermont-et-paris-et-le-retour-du-train-de-nuit-france-bleu-10-27-2024_08_58_am-768x2404.png 768w, https:\/\/usagers-transports.haut-allier.eu\/wp-content\/uploads\/2024\/10\/ils-reclament-un-train-supplementaire-de-langogne-vers-clermont-et-paris-et-le-retour-du-train-de-nuit-france-bleu-10-27-2024_08_58_am-491x1536.png 491w, https:\/\/usagers-transports.haut-allier.eu\/wp-content\/uploads\/2024\/10\/ils-reclament-un-train-supplementaire-de-langogne-vers-clermont-et-paris-et-le-retour-du-train-de-nuit-france-bleu-10-27-2024_08_58_am-654x2048.png 654w\" sizes=\"auto, (max-width: 818px) 100vw, 818px\" \/><\/p>\n<p>&#8211; La Comm\u00e8re 43 du 28 octobre :<br \/>\n<em>\u00ab\u00a0Ils ont manifest\u00e9 pour davantage de trains et le retour du train de nuit sur la ligne c\u00e9venole\u00a0\u00bb<\/em><\/p>\n<p>https:\/\/www.lacommere43.fr\/actualites\/item\/69434-ils-ont-manifeste-pour-davantage-de-trains-et-le-retour-du-train-de-nuit-sur-la-ligne-cevenole.html<\/p>\n<p><img loading=\"lazy\" decoding=\"async\" class=\" aligncenter size-full wp-image-5330\" src=\"http:\/\/5.45.101.177\/haut-allier\/usagers-transportse\/wp-content\/uploads\/2024\/10\/ils-ont-manifeste-pour-davantage-de-trains-et-le-retour-du-train-de-nuit-sur-la-ligne-cevenole-la-commere-43-10-28-2024_07_54_am.png\" alt=\"ils-ont-manifeste-pour-davantage-de-trains-et-le-retour-du-train-de-nuit-sur-la-ligne-cevenole-la-commere-43-10-28-2024_07_54_am.png\" align=\"center\" width=\"818\" height=\"1721\" srcset=\"https:\/\/usagers-transports.haut-allier.eu\/wp-content\/uploads\/2024\/10\/ils-ont-manifeste-pour-davantage-de-trains-et-le-retour-du-train-de-nuit-sur-la-ligne-cevenole-la-commere-43-10-28-2024_07_54_am.png 818w, https:\/\/usagers-transports.haut-allier.eu\/wp-content\/uploads\/2024\/10\/ils-ont-manifeste-pour-davantage-de-trains-et-le-retour-du-train-de-nuit-sur-la-ligne-cevenole-la-commere-43-10-28-2024_07_54_am-143x300.png 143w, https:\/\/usagers-transports.haut-allier.eu\/wp-content\/uploads\/2024\/10\/ils-ont-manifeste-pour-davantage-de-trains-et-le-retour-du-train-de-nuit-sur-la-ligne-cevenole-la-commere-43-10-28-2024_07_54_am-487x1024.png 487w, https:\/\/usagers-transports.haut-allier.eu\/wp-content\/uploads\/2024\/10\/ils-ont-manifeste-pour-davantage-de-trains-et-le-retour-du-train-de-nuit-sur-la-ligne-cevenole-la-commere-43-10-28-2024_07_54_am-768x1616.png 768w, https:\/\/usagers-transports.haut-allier.eu\/wp-content\/uploads\/2024\/10\/ils-ont-manifeste-pour-davantage-de-trains-et-le-retour-du-train-de-nuit-sur-la-ligne-cevenole-la-commere-43-10-28-2024_07_54_am-730x1536.png 730w\" sizes=\"auto, (max-width: 818px) 100vw, 818px\" \/><\/p>\n<p>&#8211; Le Progr\u00e8s du 28 octobre :<br \/>\n<em>\u00ab\u00a0Ligne des C\u00e9vennes : ils ont brav\u00e9 la pluie pour porter leurs revendications\u00a0\u00bb<\/em><\/p>\n<p>https:\/\/www.leprogres.fr\/transport\/2024\/10\/27\/ligne-des-cevennes-ils-ont-brave-la-pluie-pour-porter-leurs-revendications<\/p>\n<p><img loading=\"lazy\" decoding=\"async\" class=\" aligncenter size-full wp-image-5331\" src=\"http:\/\/5.45.101.177\/haut-allier\/usagers-transportse\/wp-content\/uploads\/2024\/10\/langogne-ligne-des-cevennes-ils-ont-brave-la-pluie-pour-porter-leurs-revendications-10-28-2024_07_59_am.png\" alt=\"langogne-ligne-des-cevennes-ils-ont-brave-la-pluie-pour-porter-leurs-revendications-10-28-2024_07_59_am.png\" align=\"center\" width=\"912\" height=\"1272\" srcset=\"https:\/\/usagers-transports.haut-allier.eu\/wp-content\/uploads\/2024\/10\/langogne-ligne-des-cevennes-ils-ont-brave-la-pluie-pour-porter-leurs-revendications-10-28-2024_07_59_am.png 912w, https:\/\/usagers-transports.haut-allier.eu\/wp-content\/uploads\/2024\/10\/langogne-ligne-des-cevennes-ils-ont-brave-la-pluie-pour-porter-leurs-revendications-10-28-2024_07_59_am-215x300.png 215w, https:\/\/usagers-transports.haut-allier.eu\/wp-content\/uploads\/2024\/10\/langogne-ligne-des-cevennes-ils-ont-brave-la-pluie-pour-porter-leurs-revendications-10-28-2024_07_59_am-734x1024.png 734w, https:\/\/usagers-transports.haut-allier.eu\/wp-content\/uploads\/2024\/10\/langogne-ligne-des-cevennes-ils-ont-brave-la-pluie-pour-porter-leurs-revendications-10-28-2024_07_59_am-768x1071.png 768w\" sizes=\"auto, (max-width: 912px) 100vw, 912px\" \/><\/p>\n<p>&#8211; Zoom d&rsquo;Ici du 28 octobre :<br \/>\n<em>\u00ab\u00a0Rassemblement pour r\u00e9clamer un train de plus pour Clermont et Paris\u00a0\u00bb<\/em><\/p>\n<p>https:\/\/www.zoomdici.fr\/actualite\/rassemblement-pour-reclamer-un-train-de-plus-pour-clermont-et-paris<\/p>\n<p><img loading=\"lazy\" decoding=\"async\" class=\" aligncenter size-full wp-image-5332\" src=\"http:\/\/5.45.101.177\/haut-allier\/usagers-transportse\/wp-content\/uploads\/2024\/10\/rassemblement-pour-reclamer-un-train-de-plus-pour-clermont-et-paris-10-28-2024_05_50_pm-scaled.png\" alt=\"rassemblement-pour-reclamer-un-train-de-plus-pour-clermont-et-paris-10-28-2024_05_50_pm.png\" align=\"center\" width=\"1037\" height=\"2560\" srcset=\"https:\/\/usagers-transports.haut-allier.eu\/wp-content\/uploads\/2024\/10\/rassemblement-pour-reclamer-un-train-de-plus-pour-clermont-et-paris-10-28-2024_05_50_pm-scaled.png 1037w, https:\/\/usagers-transports.haut-allier.eu\/wp-content\/uploads\/2024\/10\/rassemblement-pour-reclamer-un-train-de-plus-pour-clermont-et-paris-10-28-2024_05_50_pm-122x300.png 122w, https:\/\/usagers-transports.haut-allier.eu\/wp-content\/uploads\/2024\/10\/rassemblement-pour-reclamer-un-train-de-plus-pour-clermont-et-paris-10-28-2024_05_50_pm-415x1024.png 415w, https:\/\/usagers-transports.haut-allier.eu\/wp-content\/uploads\/2024\/10\/rassemblement-pour-reclamer-un-train-de-plus-pour-clermont-et-paris-10-28-2024_05_50_pm-768x1896.png 768w, https:\/\/usagers-transports.haut-allier.eu\/wp-content\/uploads\/2024\/10\/rassemblement-pour-reclamer-un-train-de-plus-pour-clermont-et-paris-10-28-2024_05_50_pm-622x1536.png 622w, https:\/\/usagers-transports.haut-allier.eu\/wp-content\/uploads\/2024\/10\/rassemblement-pour-reclamer-un-train-de-plus-pour-clermont-et-paris-10-28-2024_05_50_pm-830x2048.png 830w\" sizes=\"auto, (max-width: 1037px) 100vw, 1037px\" \/><\/p>\n<p>&#8211; La Loz\u00e8re Nouvelle du 31 octobre :<br \/>\n<em>\u00ab\u00a0Un train suppl\u00e9mentaire pour Clermont-Ferrand\u00a0\u00bb<\/em><\/p>\n<p><img loading=\"lazy\" decoding=\"async\" class=\" aligncenter size-full wp-image-5333\" src=\"http:\/\/5.45.101.177\/haut-allier\/usagers-transportse\/wp-content\/uploads\/2024\/10\/screenshot_20241031_085720_chrome.jpg\" alt=\"screenshot_20241031_085720_chrome.jpg\" align=\"center\" width=\"984\" height=\"1286\" srcset=\"https:\/\/usagers-transports.haut-allier.eu\/wp-content\/uploads\/2024\/10\/screenshot_20241031_085720_chrome.jpg 984w, https:\/\/usagers-transports.haut-allier.eu\/wp-content\/uploads\/2024\/10\/screenshot_20241031_085720_chrome-230x300.jpg 230w, https:\/\/usagers-transports.haut-allier.eu\/wp-content\/uploads\/2024\/10\/screenshot_20241031_085720_chrome-784x1024.jpg 784w, https:\/\/usagers-transports.haut-allier.eu\/wp-content\/uploads\/2024\/10\/screenshot_20241031_085720_chrome-768x1004.jpg 768w\" sizes=\"auto, (max-width: 984px) 100vw, 984px\" \/><\/p>\n<p>&#8211; Midi Libre du 23 octobre :<br \/>\n<em>\u00ab\u00a0Rassemblement en gare de Langogne pour r\u00e9clamer un train de plus pour Clermont et Paris, ainsi que le train de nuit\u00a0\u00bb<\/em><\/p>\n<p>https:\/\/www.midilibre.fr\/2024\/10\/23\/rassemblement-en-gare-de-langogne-pour-reclamer-un-train-de-plus-pour-clermont-et-paris-ainsi-que-le-train-de-nuit-12280131.php<\/p>\n<p><img loading=\"lazy\" decoding=\"async\" class=\" aligncenter size-full wp-image-5334\" src=\"http:\/\/5.45.101.177\/haut-allier\/usagers-transportse\/wp-content\/uploads\/2024\/10\/rassemblement-en-gare-de-langogne-pour-reclamer-un-train-de-plus-pour-clermont-et-paris-ainsi-que-le-train-de-nuit-midilibre-fr-01-05-2025_08_50_am.jpg\" alt=\"rassemblement-en-gare-de-langogne-pour-reclamer-un-train-de-plus-pour-clermont-et-paris-ainsi-que-le-train-de-nuit-midilibre-fr-01-05-2025_08_50_am.jpg\" align=\"center\" width=\"880\" height=\"1719\" srcset=\"https:\/\/usagers-transports.haut-allier.eu\/wp-content\/uploads\/2024\/10\/rassemblement-en-gare-de-langogne-pour-reclamer-un-train-de-plus-pour-clermont-et-paris-ainsi-que-le-train-de-nuit-midilibre-fr-01-05-2025_08_50_am.jpg 880w, https:\/\/usagers-transports.haut-allier.eu\/wp-content\/uploads\/2024\/10\/rassemblement-en-gare-de-langogne-pour-reclamer-un-train-de-plus-pour-clermont-et-paris-ainsi-que-le-train-de-nuit-midilibre-fr-01-05-2025_08_50_am-154x300.jpg 154w, https:\/\/usagers-transports.haut-allier.eu\/wp-content\/uploads\/2024\/10\/rassemblement-en-gare-de-langogne-pour-reclamer-un-train-de-plus-pour-clermont-et-paris-ainsi-que-le-train-de-nuit-midilibre-fr-01-05-2025_08_50_am-524x1024.jpg 524w, https:\/\/usagers-transports.haut-allier.eu\/wp-content\/uploads\/2024\/10\/rassemblement-en-gare-de-langogne-pour-reclamer-un-train-de-plus-pour-clermont-et-paris-ainsi-que-le-train-de-nuit-midilibre-fr-01-05-2025_08_50_am-768x1500.jpg 768w, https:\/\/usagers-transports.haut-allier.eu\/wp-content\/uploads\/2024\/10\/rassemblement-en-gare-de-langogne-pour-reclamer-un-train-de-plus-pour-clermont-et-paris-ainsi-que-le-train-de-nuit-midilibre-fr-01-05-2025_08_50_am-786x1536.jpg 786w\" sizes=\"auto, (max-width: 880px) 100vw, 880px\" \/><\/p>\n","protected":false},"excerpt":{"rendered":"<p>Un temps ex\u00e9crable le matin, un train qui d\u00e9raille la veille entre G\u00e9nolhac et Villefort, des trains qui<\/p>\n","protected":false},"author":1,"featured_media":5324,"comment_status":"closed","ping_status":"open","sticky":false,"template":"","format":"standard","meta":{"footnotes":""},"categories":[5],"tags":[],"class_list":["post-1148","post","type-post","status-publish","format-standard","has-post-thumbnail","hentry","category-ensemble"],"_links":{"self":[{"href":"https:\/\/usagers-transports.haut-allier.eu\/index.php\/wp-json\/wp\/v2\/posts\/1148","targetHints":{"allow":["GET"]}}],"collection":[{"href":"https:\/\/usagers-transports.haut-allier.eu\/index.php\/wp-json\/wp\/v2\/posts"}],"about":[{"href":"https:\/\/usagers-transports.haut-allier.eu\/index.php\/wp-json\/wp\/v2\/types\/post"}],"author":[{"embeddable":true,"href":"https:\/\/usagers-transports.haut-allier.eu\/index.php\/wp-json\/wp\/v2\/users\/1"}],"replies":[{"embeddable":true,"href":"https:\/\/usagers-transports.haut-allier.eu\/index.php\/wp-json\/wp\/v2\/comments?post=1148"}],"version-history":[{"count":0,"href":"https:\/\/usagers-transports.haut-allier.eu\/index.php\/wp-json\/wp\/v2\/posts\/1148\/revisions"}],"wp:featuredmedia":[{"embeddable":true,"href":"https:\/\/usagers-transports.haut-allier.eu\/index.php\/wp-json\/wp\/v2\/media\/5324"}],"wp:attachment":[{"href":"https:\/\/usagers-transports.haut-allier.eu\/index.php\/wp-json\/wp\/v2\/media?parent=1148"}],"wp:term":[{"taxonomy":"category","embeddable":true,"href":"https:\/\/usagers-transports.haut-allier.eu\/index.php\/wp-json\/wp\/v2\/categories?post=1148"},{"taxonomy":"post_tag","embeddable":true,"href":"https:\/\/usagers-transports.haut-allier.eu\/index.php\/wp-json\/wp\/v2\/tags?post=1148"}],"curies":[{"name":"wp","href":"https:\/\/api.w.org\/{rel}","templated":true}]}}