{"id":1149,"date":"2024-10-29T16:49:30","date_gmt":"2024-10-29T15:49:30","guid":{"rendered":"http:\/\/5.45.101.177\/haut-allier\/usagers-transportse\/index.php\/2024\/10\/29\/suite-au-deraillement-a-villefort1149\/"},"modified":"2024-10-29T16:49:30","modified_gmt":"2024-10-29T15:49:30","slug":"suite-au-deraillement-a-villefort1149","status":"publish","type":"post","link":"https:\/\/usagers-transports.haut-allier.eu\/index.php\/2024\/10\/29\/suite-au-deraillement-a-villefort1149\/","title":{"rendered":"Suite au d\u00e9raillement \u00e0 Villefort plus aucun train au nord entre Clermont Ferrand et La Bastide ! [MAJ PERMANENTE]"},"content":{"rendered":"<p>Depuis la fin de semaine derni\u00e8re, la ligne Clermont N\u00eemes est coup\u00e9e suite \u00e0 un <a href=\"https:\/\/usagers-transports.haut-allier.eu\/?ligne-des-cevennes-un-ter-percute,1147\"><em>d\u00e9raillement<\/em><\/a> au niveau de Villefort.<\/p>\n<p><strong>En ce qui concerne le nord de la ligne des C\u00e9vennes, les trains continuent \u00e0 effectuer le trajet entre Clermont et&#8230; Langeac. Pourquoi Langeac alors que la section de ligne s&rsquo;arr\u00eate \u00e0 La Bastide ?<\/strong><\/p>\n<p>Pourquoi ne continuent-ils pas jusqu&rsquo;\u00e0 Langogne voire La Bastide Saint-Laurent les Bains pour desservir Monistrol d&rsquo;Allier, Alleyras et Chapeauroux, communes dont les habitants se retrouvent sans moyens de substitution ?<\/p>\n<p>Habituellement, un service de taxi \u00e0 la demande (TAD) est au moins mis en place.<\/p>\n<p>De nombreux habitants du haut Allier doivent effectuer des trajets vers Clermont et Paris, des billets achet\u00e9s sur SNCF Connect et se retrouvent sans moyen.<\/p>\n<p><strong>C&rsquo;est inadmissible.<\/strong><\/p>\n<p>Nous demandons \u00e0 SNCF TER AuRA et \u00e0 la r\u00e9gion Auvergne Rh\u00f4ne Alpes<\/p>\n<p>&#8211; d&rsquo;abord que les trajets La Bastide &#8211; Clermont soient honor\u00e9s EN TRAIN, aucun motif ne permet de ne pas le faire, il n&rsquo;y a pas eu d&rsquo;\u00e9boulement dans les gorges de l&rsquo;Allier,<\/p>\n<p>&#8211; que l&rsquo;information aux voyageurs soit non pas faite au jour le jour la veille en ce qui concerne la section coup\u00e9e La Bastide &#8211; N\u00eemes, mais qu&rsquo;il soit donn\u00e9 une date de reprise des circulations. Des informations diffus\u00e9es par la presse font \u00e9tat d&rsquo;une coupure de plusieurs mois.<\/p>\n<p><strong>Nous alertons SNCF R\u00e9seau, les R\u00e9gions Occitanie et Auvergne Rh\u00f4ne Alpes, les \u00e9lus concern\u00e9s et les responsables SNCF. <\/strong> <\/p>\n<p><em>Image TF1 du d\u00e9raillement du TER pr\u00e8s de Villefort (Loz\u00e8re)<\/em><br \/>\n<img loading=\"lazy\" decoding=\"async\" class=\" aligncenter size-full wp-image-5336\" src=\"http:\/\/5.45.101.177\/haut-allier\/usagers-transportse\/wp-content\/uploads\/2024\/10\/vlcsnap-2024-10-29-16h06m55s061.png\" alt=\"vlcsnap-2024-10-29-16h06m55s061.png\" align=\"center\" width=\"812\" height=\"458\" srcset=\"https:\/\/usagers-transports.haut-allier.eu\/wp-content\/uploads\/2024\/10\/vlcsnap-2024-10-29-16h06m55s061.png 812w, https:\/\/usagers-transports.haut-allier.eu\/wp-content\/uploads\/2024\/10\/vlcsnap-2024-10-29-16h06m55s061-300x169.png 300w, https:\/\/usagers-transports.haut-allier.eu\/wp-content\/uploads\/2024\/10\/vlcsnap-2024-10-29-16h06m55s061-768x433.png 768w\" sizes=\"auto, (max-width: 812px) 100vw, 812px\" \/><\/p>\n<p>Voici la fiche horaire pour le 30 octobre \u00e9mise par SNCF TER AURA :<\/p>\n<p><img loading=\"lazy\" decoding=\"async\" class=\" aligncenter size-full wp-image-5337\" src=\"http:\/\/5.45.101.177\/haut-allier\/usagers-transportse\/wp-content\/uploads\/2024\/10\/fh08-002_ligne-08-_-clermont-ferrand-nimes_auvergne_30-10-2024-a3-v1-pdf-10-29-2024_04_46_pm.png\" alt=\"fh08-002_ligne-08-_-clermont-ferrand-nimes_auvergne_30-10-2024-a3-v1-pdf-10-29-2024_04_46_pm.png\" align=\"center\" width=\"868\" height=\"552\" srcset=\"https:\/\/usagers-transports.haut-allier.eu\/wp-content\/uploads\/2024\/10\/fh08-002_ligne-08-_-clermont-ferrand-nimes_auvergne_30-10-2024-a3-v1-pdf-10-29-2024_04_46_pm.png 868w, https:\/\/usagers-transports.haut-allier.eu\/wp-content\/uploads\/2024\/10\/fh08-002_ligne-08-_-clermont-ferrand-nimes_auvergne_30-10-2024-a3-v1-pdf-10-29-2024_04_46_pm-300x191.png 300w, https:\/\/usagers-transports.haut-allier.eu\/wp-content\/uploads\/2024\/10\/fh08-002_ligne-08-_-clermont-ferrand-nimes_auvergne_30-10-2024-a3-v1-pdf-10-29-2024_04_46_pm-768x488.png 768w\" sizes=\"auto, (max-width: 868px) 100vw, 868px\" \/><br \/>\n<img loading=\"lazy\" decoding=\"async\" class=\" aligncenter size-full wp-image-5338\" src=\"http:\/\/5.45.101.177\/haut-allier\/usagers-transportse\/wp-content\/uploads\/2024\/10\/fh08-002_ligne-08-_-clermont-ferrand-nimes_auvergne_30-10-2024-a3-v1-pdf-10-29-2024_04_47_pm.png\" alt=\"fh08-002_ligne-08-_-clermont-ferrand-nimes_auvergne_30-10-2024-a3-v1-pdf-10-29-2024_04_47_pm.png\" align=\"center\" width=\"783\" height=\"556\" srcset=\"https:\/\/usagers-transports.haut-allier.eu\/wp-content\/uploads\/2024\/10\/fh08-002_ligne-08-_-clermont-ferrand-nimes_auvergne_30-10-2024-a3-v1-pdf-10-29-2024_04_47_pm.png 783w, https:\/\/usagers-transports.haut-allier.eu\/wp-content\/uploads\/2024\/10\/fh08-002_ligne-08-_-clermont-ferrand-nimes_auvergne_30-10-2024-a3-v1-pdf-10-29-2024_04_47_pm-300x213.png 300w, https:\/\/usagers-transports.haut-allier.eu\/wp-content\/uploads\/2024\/10\/fh08-002_ligne-08-_-clermont-ferrand-nimes_auvergne_30-10-2024-a3-v1-pdf-10-29-2024_04_47_pm-768x545.png 768w\" sizes=\"auto, (max-width: 783px) 100vw, 783px\" \/><\/p>\n<p>Le pdf :<br \/>\n<a href=\"http:\/\/5.45.101.177\/haut-allier\/usagers-transportse\/wp-content\/uploads\/2024\/10\/fh08-002_ligne_08___clermont_ferrand_-_nimes_auvergne_30-10-2024_a3_v1.pdf\">fh08-002_ligne_08___clermont_ferrand_-_nimes_auvergne_30-10-2024_a3_v1.pdf<\/a><\/p>\n<p>Pour le jeudi 31 m\u00eame punition:<br \/>\n<a href=\"http:\/\/5.45.101.177\/haut-allier\/usagers-transportse\/wp-content\/uploads\/2024\/10\/fh08-001_ligne_08___clermont_ferrand_-_nimes_auvergne_31-10-2024_a3_v1.pdf\">fh08-001_ligne_08___clermont_ferrand_-_nimes_auvergne_31-10-2024_a3_v1.pdf<\/a><\/p>\n<p> Pour le 1er novembre m\u00eame punition:<br \/>\n<a href=\"http:\/\/5.45.101.177\/haut-allier\/usagers-transportse\/wp-content\/uploads\/2024\/10\/fh08-002_ligne_08___clermont_ferrand_-_nimes_auvergne_01-11-2024_a3_v1.pdf\">fh08-002_ligne_08___clermont_ferrand_-_nimes_auvergne_01-11-2024_a3_v1.pdf<\/a><\/p>\n<p>Les nouvelles c\u00f4t\u00e9 SNCF TER AURA sont INEXISTANTES, les seules qui nous parviennent sont celles de SNCF TER LIO : la SNCF serait en train de \u00ab\u00a0s&rsquo;organiser\u00a0\u00bb pour faire descendre les trains \u00e0 Langogne voire La Bastide. Disons simplement que \u00e7a prend un temps de dingue !  <\/p>\n<p>Pour le 2 novembre :<\/p>\n<p><a href=\"http:\/\/5.45.101.177\/haut-allier\/usagers-transportse\/wp-content\/uploads\/2024\/10\/nimes_ales_la_bastide_marvejols_clermont_ferrand_02-11.pdf\">nimes_ales_la_bastide_marvejols_clermont_ferrand_02-11.pdf<\/a><\/p>\n<p>Pour le 3 novembre :<\/p>\n<p><a href=\"http:\/\/5.45.101.177\/haut-allier\/usagers-transportse\/wp-content\/uploads\/2024\/10\/nimes_ales_la_bastide_marvejols_clermont_ferrand_03-11.pdf\">nimes_ales_la_bastide_marvejols_clermont_ferrand_03-11.pdf<\/a><\/p>\n<p>Pour le 4 novembre :<\/p>\n<p><a href=\"http:\/\/5.45.101.177\/haut-allier\/usagers-transportse\/wp-content\/uploads\/2024\/10\/nimes_ales_la_bastide_marvejols_clermont_ferrand_04-11.pdf\">nimes_ales_la_bastide_marvejols_clermont_ferrand_04-11.pdf<\/a><\/p>\n","protected":false},"excerpt":{"rendered":"<p>Depuis la fin de semaine derni\u00e8re, la ligne Clermont N\u00eemes est coup\u00e9e suite \u00e0 un d\u00e9raillement au niveau<\/p>\n","protected":false},"author":1,"featured_media":5335,"comment_status":"closed","ping_status":"open","sticky":false,"template":"","format":"standard","meta":{"footnotes":""},"categories":[8],"tags":[],"class_list":["post-1149","post","type-post","status-publish","format-standard","has-post-thumbnail","hentry","category-communiques"],"_links":{"self":[{"href":"https:\/\/usagers-transports.haut-allier.eu\/index.php\/wp-json\/wp\/v2\/posts\/1149","targetHints":{"allow":["GET"]}}],"collection":[{"href":"https:\/\/usagers-transports.haut-allier.eu\/index.php\/wp-json\/wp\/v2\/posts"}],"about":[{"href":"https:\/\/usagers-transports.haut-allier.eu\/index.php\/wp-json\/wp\/v2\/types\/post"}],"author":[{"embeddable":true,"href":"https:\/\/usagers-transports.haut-allier.eu\/index.php\/wp-json\/wp\/v2\/users\/1"}],"replies":[{"embeddable":true,"href":"https:\/\/usagers-transports.haut-allier.eu\/index.php\/wp-json\/wp\/v2\/comments?post=1149"}],"version-history":[{"count":0,"href":"https:\/\/usagers-transports.haut-allier.eu\/index.php\/wp-json\/wp\/v2\/posts\/1149\/revisions"}],"wp:featuredmedia":[{"embeddable":true,"href":"https:\/\/usagers-transports.haut-allier.eu\/index.php\/wp-json\/wp\/v2\/media\/5335"}],"wp:attachment":[{"href":"https:\/\/usagers-transports.haut-allier.eu\/index.php\/wp-json\/wp\/v2\/media?parent=1149"}],"wp:term":[{"taxonomy":"category","embeddable":true,"href":"https:\/\/usagers-transports.haut-allier.eu\/index.php\/wp-json\/wp\/v2\/categories?post=1149"},{"taxonomy":"post_tag","embeddable":true,"href":"https:\/\/usagers-transports.haut-allier.eu\/index.php\/wp-json\/wp\/v2\/tags?post=1149"}],"curies":[{"name":"wp","href":"https:\/\/api.w.org\/{rel}","templated":true}]}}