{"id":115,"date":"2014-02-01T10:47:48","date_gmt":"2014-02-01T09:47:48","guid":{"rendered":"http:\/\/5.45.101.177\/haut-allier\/usagers-transportse\/index.php\/2014\/02\/01\/cevenol-et-ligne-ales-besseges-l115\/"},"modified":"2014-02-01T10:47:48","modified_gmt":"2014-02-01T09:47:48","slug":"cevenol-et-ligne-ales-besseges-l115","status":"publish","type":"post","link":"https:\/\/usagers-transports.haut-allier.eu\/index.php\/2014\/02\/01\/cevenol-et-ligne-ales-besseges-l115\/","title":{"rendered":"C\u00e9venol et ligne Al\u00e8s Bess\u00e8ges : l&rsquo;avis des cheminots"},"content":{"rendered":"<p>Il est toujours int\u00e9ressant de conna\u00eetre l&rsquo;avis des cheminots sur la probl\u00e9matique C\u00e9venol, interdit d&rsquo;acc\u00e8s \u00e0 Marseille, et les lignes abandonn\u00e9es comme Al\u00e8s &#8211; Bess\u00e8ges. La venue du secr\u00e9taire g\u00e9n\u00e9ral du syndicat CGT Cheminots \u00e0 Al\u00e8s vendredi 31 janvier a fait l&rsquo;objet d&rsquo;un long article dans la Marseillaise \u00e9dition Languedoc. O\u00f9 l&rsquo;on apprend que la fusion SNCF RFF projet\u00e9e est souhaitable \u00e0 la fois pour les usagers et pour les cheminots au vu des cloisonnements internes actuels, divisions soit-disant destin\u00e9es \u00e0 pr\u00e9parer \u00e0 la concurrence par petits bouts. Il s&rsquo;agit en fait d&rsquo;une autodestruction dans laquelle les voyageurs \u00e0 la fois doublement payeurs, entre chers billets et imp\u00f4ts, et utilisateurs sont perdants.<br \/>\n&nbsp;<br \/>\n<strong>On s&rsquo;en \u00e9tait aper\u00e7us.<\/strong><br \/>\n&nbsp;<br \/>\nL&rsquo;article de la Marseillaise ci-dessous :<br \/>\n&nbsp;<br \/>\n<img loading=\"lazy\" decoding=\"async\" class=\" aligncenter size-full wp-image-1590\" src=\"http:\/\/5.45.101.177\/haut-allier\/usagers-transportse\/wp-content\/uploads\/2014\/02\/usagers-transports-haut-allier-eu-marseillaise-languedoc-20140201b.jpg\" alt=\"usagers-transports-haut-allier-eu-marseillaise-languedoc-20140201b.jpg\" align=\"center\" width=\"924\" height=\"2209\" srcset=\"https:\/\/usagers-transports.haut-allier.eu\/wp-content\/uploads\/2014\/02\/usagers-transports-haut-allier-eu-marseillaise-languedoc-20140201b.jpg 924w, https:\/\/usagers-transports.haut-allier.eu\/wp-content\/uploads\/2014\/02\/usagers-transports-haut-allier-eu-marseillaise-languedoc-20140201b-125x300.jpg 125w, https:\/\/usagers-transports.haut-allier.eu\/wp-content\/uploads\/2014\/02\/usagers-transports-haut-allier-eu-marseillaise-languedoc-20140201b-428x1024.jpg 428w, https:\/\/usagers-transports.haut-allier.eu\/wp-content\/uploads\/2014\/02\/usagers-transports-haut-allier-eu-marseillaise-languedoc-20140201b-768x1836.jpg 768w, https:\/\/usagers-transports.haut-allier.eu\/wp-content\/uploads\/2014\/02\/usagers-transports-haut-allier-eu-marseillaise-languedoc-20140201b-642x1536.jpg 642w, https:\/\/usagers-transports.haut-allier.eu\/wp-content\/uploads\/2014\/02\/usagers-transports-haut-allier-eu-marseillaise-languedoc-20140201b-857x2048.jpg 857w\" sizes=\"auto, (max-width: 924px) 100vw, 924px\" \/><br \/>\n&nbsp;<br \/>\n<em>Image de la gare de Bess\u00e8ges emprunt\u00e9e au site <a href=\"http:\/\/gareauxgares.canalblog.com\/\">Gare aux gares<\/a>.<\/em><\/p>\n","protected":false},"excerpt":{"rendered":"<p>Il est toujours int\u00e9ressant de conna\u00eetre l&rsquo;avis des cheminots sur la probl\u00e9matique C\u00e9venol, interdit d&rsquo;acc\u00e8s \u00e0 Marseille, et<\/p>\n","protected":false},"author":1,"featured_media":1589,"comment_status":"closed","ping_status":"open","sticky":false,"template":"","format":"standard","meta":{"footnotes":""},"categories":[2],"tags":[],"class_list":["post-115","post","type-post","status-publish","format-standard","has-post-thumbnail","hentry","category-infos"],"_links":{"self":[{"href":"https:\/\/usagers-transports.haut-allier.eu\/index.php\/wp-json\/wp\/v2\/posts\/115","targetHints":{"allow":["GET"]}}],"collection":[{"href":"https:\/\/usagers-transports.haut-allier.eu\/index.php\/wp-json\/wp\/v2\/posts"}],"about":[{"href":"https:\/\/usagers-transports.haut-allier.eu\/index.php\/wp-json\/wp\/v2\/types\/post"}],"author":[{"embeddable":true,"href":"https:\/\/usagers-transports.haut-allier.eu\/index.php\/wp-json\/wp\/v2\/users\/1"}],"replies":[{"embeddable":true,"href":"https:\/\/usagers-transports.haut-allier.eu\/index.php\/wp-json\/wp\/v2\/comments?post=115"}],"version-history":[{"count":0,"href":"https:\/\/usagers-transports.haut-allier.eu\/index.php\/wp-json\/wp\/v2\/posts\/115\/revisions"}],"wp:featuredmedia":[{"embeddable":true,"href":"https:\/\/usagers-transports.haut-allier.eu\/index.php\/wp-json\/wp\/v2\/media\/1589"}],"wp:attachment":[{"href":"https:\/\/usagers-transports.haut-allier.eu\/index.php\/wp-json\/wp\/v2\/media?parent=115"}],"wp:term":[{"taxonomy":"category","embeddable":true,"href":"https:\/\/usagers-transports.haut-allier.eu\/index.php\/wp-json\/wp\/v2\/categories?post=115"},{"taxonomy":"post_tag","embeddable":true,"href":"https:\/\/usagers-transports.haut-allier.eu\/index.php\/wp-json\/wp\/v2\/tags?post=115"}],"curies":[{"name":"wp","href":"https:\/\/api.w.org\/{rel}","templated":true}]}}