{"id":1150,"date":"2024-11-01T07:35:38","date_gmt":"2024-11-01T06:35:38","guid":{"rendered":"http:\/\/5.45.101.177\/haut-allier\/usagers-transportse\/index.php\/2024\/11\/01\/ligne-lyon-st-etienne-le-puy1150\/"},"modified":"2024-11-01T07:35:38","modified_gmt":"2024-11-01T06:35:38","slug":"ligne-lyon-st-etienne-le-puy1150","status":"publish","type":"post","link":"https:\/\/usagers-transports.haut-allier.eu\/index.php\/2024\/11\/01\/ligne-lyon-st-etienne-le-puy1150\/","title":{"rendered":"Ligne Lyon St-Etienne Le Puy : reprise du service ferroviaire le 4 novembre"},"content":{"rendered":"<p>La coupure de circulation des trains entre Saint-Etienne et Lyon suite aux intemp\u00e9ries du 17 et 18 octobre dernier sera r\u00e9sorb\u00e9e et la ligne reverra rouler son trafic le 4 novembre prochain soit une semaine de travaux de moins que ce qui \u00e9tait pr\u00e9vu.<\/p>\n<p>La ligne alimente bien s\u00fbr le Massif central avec sa continuation naturelle vers Le Puy en Velay et sa branche vers Bo\u00ebn. Tout le trafic de ces destinations \u00e9taient affect\u00e9s. C&rsquo;est donc une bonne nouvelle qu&rsquo;il faut porter au cr\u00e9dit de SNCF R\u00e9seau. <\/p>\n<p>Rappelons qu&rsquo;il s&rsquo;agit de la ligne la plus fr\u00e9quent\u00e9e de France.<\/p>\n<p>Durant la coupure les train circulaient partiellement entre Givors et Lyon, puis des bus prenaient le relais en d\u00e9but et en fin de journ\u00e9e, de Saint-\u00c9tienne \u00e0 Givors. <\/p>\n<p><strong>Reprise avec \u00ab\u00a0une fr\u00e9quence adapt\u00e9e\u00a0\u00bb<\/strong><\/p>\n<p>Les trains circuleront donc d\u00e8s 5h20 lundi mais avec une fr\u00e9quence l\u00e9g\u00e8rement adapt\u00e9e : 49 allers-retours contre 53 en temps normal. Une situation plus viable, qui devrait soulager les 20 000 voyageurs quotidiens de la ligne Saint-Etienne-Lyon. <\/p>\n<p><em>La gare de Saint-Etienne Ch\u00e2teaucreux<\/em><br \/>\n<img loading=\"lazy\" decoding=\"async\" class=\" aligncenter size-full wp-image-5346\" src=\"http:\/\/5.45.101.177\/haut-allier\/usagers-transportse\/wp-content\/uploads\/2024\/11\/gare_de_saint-etienne-chateaucreux_2017.jpg\" alt=\"gare_de_saint-etienne-chateaucreux_2017.jpg\" align=\"center\" width=\"1500\" height=\"1125\" srcset=\"https:\/\/usagers-transports.haut-allier.eu\/wp-content\/uploads\/2024\/11\/gare_de_saint-etienne-chateaucreux_2017.jpg 1500w, https:\/\/usagers-transports.haut-allier.eu\/wp-content\/uploads\/2024\/11\/gare_de_saint-etienne-chateaucreux_2017-300x225.jpg 300w, https:\/\/usagers-transports.haut-allier.eu\/wp-content\/uploads\/2024\/11\/gare_de_saint-etienne-chateaucreux_2017-1024x768.jpg 1024w, https:\/\/usagers-transports.haut-allier.eu\/wp-content\/uploads\/2024\/11\/gare_de_saint-etienne-chateaucreux_2017-768x576.jpg 768w\" sizes=\"auto, (max-width: 1500px) 100vw, 1500px\" \/><\/p>\n","protected":false},"excerpt":{"rendered":"<p>La coupure de circulation des trains entre Saint-Etienne et Lyon suite aux intemp\u00e9ries du 17 et 18 octobre<\/p>\n","protected":false},"author":1,"featured_media":5345,"comment_status":"open","ping_status":"open","sticky":false,"template":"","format":"standard","meta":{"footnotes":""},"categories":[2],"tags":[],"class_list":["post-1150","post","type-post","status-publish","format-standard","has-post-thumbnail","hentry","category-infos"],"_links":{"self":[{"href":"https:\/\/usagers-transports.haut-allier.eu\/index.php\/wp-json\/wp\/v2\/posts\/1150","targetHints":{"allow":["GET"]}}],"collection":[{"href":"https:\/\/usagers-transports.haut-allier.eu\/index.php\/wp-json\/wp\/v2\/posts"}],"about":[{"href":"https:\/\/usagers-transports.haut-allier.eu\/index.php\/wp-json\/wp\/v2\/types\/post"}],"author":[{"embeddable":true,"href":"https:\/\/usagers-transports.haut-allier.eu\/index.php\/wp-json\/wp\/v2\/users\/1"}],"replies":[{"embeddable":true,"href":"https:\/\/usagers-transports.haut-allier.eu\/index.php\/wp-json\/wp\/v2\/comments?post=1150"}],"version-history":[{"count":0,"href":"https:\/\/usagers-transports.haut-allier.eu\/index.php\/wp-json\/wp\/v2\/posts\/1150\/revisions"}],"wp:featuredmedia":[{"embeddable":true,"href":"https:\/\/usagers-transports.haut-allier.eu\/index.php\/wp-json\/wp\/v2\/media\/5345"}],"wp:attachment":[{"href":"https:\/\/usagers-transports.haut-allier.eu\/index.php\/wp-json\/wp\/v2\/media?parent=1150"}],"wp:term":[{"taxonomy":"category","embeddable":true,"href":"https:\/\/usagers-transports.haut-allier.eu\/index.php\/wp-json\/wp\/v2\/categories?post=1150"},{"taxonomy":"post_tag","embeddable":true,"href":"https:\/\/usagers-transports.haut-allier.eu\/index.php\/wp-json\/wp\/v2\/tags?post=1150"}],"curies":[{"name":"wp","href":"https:\/\/api.w.org\/{rel}","templated":true}]}}