{"id":1151,"date":"2024-11-01T08:09:58","date_gmt":"2024-11-01T07:09:58","guid":{"rendered":"http:\/\/5.45.101.177\/haut-allier\/usagers-transportse\/index.php\/2024\/11\/01\/reduire-le-trafic-aerien-une-etude1151\/"},"modified":"2024-11-01T08:09:58","modified_gmt":"2024-11-01T07:09:58","slug":"reduire-le-trafic-aerien-une-etude1151","status":"publish","type":"post","link":"https:\/\/usagers-transports.haut-allier.eu\/index.php\/2024\/11\/01\/reduire-le-trafic-aerien-une-etude1151\/","title":{"rendered":"R\u00e9duire le trafic a\u00e9rien : les propositions efficaces de R\u00e9seau Action Climat"},"content":{"rendered":"<p>Pour d\u00e9velopper tout le ferroviaire, pour r\u00e9duire l&rsquo;impact climatique d\u00e9sastreux de l&rsquo;avion il est obligatoire de r\u00e9duire l&rsquo;utilisation de l&rsquo;a\u00e9rien.<\/p>\n<p>Le RAC vient de publier une int\u00e9ressante \u00e9tude dont le titre est : <a href=\"https:\/\/reseauactionclimat.org\/wp-content\/uploads\/2024\/09\/rac-trafic-aerien-web.pdf\"><em>Comment r\u00e9duire le trafic a\u00e9rien de mani\u00e8re juste et efficace ? Evaluation de 9 mesures concr\u00e8tes <\/em><\/a><\/p>\n<p>Cr\u00e9ation d\u2019une taxe \u00ab grands voyageurs \u00bb, interdiction des jets priv\u00e9s ou fermeture des liaisons a\u00e9riennes courtes, le rapport d\u00e9taille le profil des passagers a\u00e9riens et \u00e9value les 9 mesures pour r\u00e9duire le trafic selon leur impact sur le climat, les recettes fiscales g\u00e9n\u00e9r\u00e9es et la r\u00e9partition de l\u2019effort.<\/p>\n<p>Rappelons que notre collectif est aussi favorable \u00e0 une taxe sur le k\u00e9ros\u00e8ne, plus \u00e9galitaire semble-t-il.<\/p>\n<p><img loading=\"lazy\" decoding=\"async\" class=\" aligncenter size-full wp-image-5348\" src=\"http:\/\/5.45.101.177\/haut-allier\/usagers-transportse\/wp-content\/uploads\/2024\/11\/rac-trafic-aerien-web-pdf-11-01-2024_08_00_am-tab.png\" alt=\"rac-trafic-aerien-web-pdf-11-01-2024_08_00_am-tab.png\" align=\"center\" width=\"687\" height=\"500\" srcset=\"https:\/\/usagers-transports.haut-allier.eu\/wp-content\/uploads\/2024\/11\/rac-trafic-aerien-web-pdf-11-01-2024_08_00_am-tab.png 687w, https:\/\/usagers-transports.haut-allier.eu\/wp-content\/uploads\/2024\/11\/rac-trafic-aerien-web-pdf-11-01-2024_08_00_am-tab-300x218.png 300w\" sizes=\"auto, (max-width: 687px) 100vw, 687px\" \/><\/p>\n<p><strong>20 % des m\u00e9nages les plus ais\u00e9s g\u00e9n\u00e8rent 42 % des \u00e9missions de l\u2019a\u00e9rien<\/strong><\/p>\n<p>En 2019, le secteur a\u00e9rien repr\u00e9sentait 7% des \u00e9missions fran\u00e7aises de CO2. Alors que l\u2019Association internationale du transport a\u00e9rien (IATA) envisage un record pour l\u2019ann\u00e9e 2024, avec 4,96 milliards de passagers attendus dans les a\u00e9roports du monde entier, les experts fran\u00e7ais sont cat\u00e9goriques : le trafic a\u00e9rien devra imp\u00e9rativement baisser pour satisfaire les conditions de l\u2019Accord de Paris.<\/p>\n<p>Loin d\u2019\u00eatre suffisamment convaincantes, m\u00eame les solutions technologiques les plus prometteuses (carburants de synth\u00e8se, biocarburants\u2026) ne pourront jouer un r\u00f4le dans la transition qu\u2019\u00e0 cette condition pr\u00e9alable.<\/p>\n<p><img loading=\"lazy\" decoding=\"async\" class=\" aligncenter size-full wp-image-5349\" src=\"http:\/\/5.45.101.177\/haut-allier\/usagers-transportse\/wp-content\/uploads\/2024\/11\/rac-trafic-aerien-web-pdf-11-01-2024_08_02_am-tab2.png\" alt=\"rac-trafic-aerien-web-pdf-11-01-2024_08_02_am-tab2.png\" align=\"center\" width=\"618\" height=\"193\" srcset=\"https:\/\/usagers-transports.haut-allier.eu\/wp-content\/uploads\/2024\/11\/rac-trafic-aerien-web-pdf-11-01-2024_08_02_am-tab2.png 618w, https:\/\/usagers-transports.haut-allier.eu\/wp-content\/uploads\/2024\/11\/rac-trafic-aerien-web-pdf-11-01-2024_08_02_am-tab2-300x94.png 300w\" sizes=\"auto, (max-width: 618px) 100vw, 618px\" \/><\/p>\n<p><strong>Des propositions de mesures \u00ab\u00a0justes\u00a0\u00bb<\/strong><\/p>\n<p>Une question-cl\u00e9 se pose alors : comment r\u00e9duire le trafic de mani\u00e8re efficace et socialement juste ? Pour le R\u00e9seau Action pour le Climat, une coalition d\u2019organisations de d\u00e9fense de l\u2019environnement, il n\u2019y a aucune r\u00e9ponse \u00e9vidente qui se dessine \u00e0 ce jour. <\/p>\n<p>Aujourd\u2019hui en France, le passager moyen est plut\u00f4t jeune, ais\u00e9, dipl\u00f4m\u00e9. Il habite en ville et voyage essentiellement pour ses loisirs. \u00ab\u00a0Les vols de loisirs repr\u00e9sentent ainsi 75% des \u00e9missions contre 13 % pour les vols professionnels et 12 % pour les vols familiaux\u00a0\u00bb, d\u00e9taille l\u2019organisation.<\/p>\n<p>Bien loin du mythe de la \u00ab d\u00e9mocratisation \u00bb avanc\u00e9 par les compagnies low cost, les in\u00e9galit\u00e9s d\u2019acc\u00e8s au voyage a\u00e9rien sont claires : \u00ab sur 100 voyageurs a\u00e9riens, on d\u00e9nombre 37 cadres sup\u00e9rieurs (contre 14 dans la population g\u00e9n\u00e9rale), et seulement 8 ouvriers (contre 21 dans la population g\u00e9n\u00e9rale) \u00bb. La position g\u00e9ographique joue \u00e9galement un r\u00f4le : \u00ab un habitant de la r\u00e9gion parisienne a ainsi 2 fois plus de chance qu\u2019un habitant de zone rurale de prendre l\u2019avion, toutes choses \u00e9gales par ailleurs \u00bb.<\/p>\n<p>Cette r\u00e9partition in\u00e9galitaire, d\u00e9j\u00e0 pr\u00e9sente en 2008, s\u2019est renforc\u00e9e en 2018 : le dernier d\u00e9cile de population, soit les personnes les plus ais\u00e9es, est encore plus repr\u00e9sent\u00e9 parmi les passagers a\u00e9riens (+ 4 points), tout comme les cadres sup\u00e9rieurs (+ 10 points).<\/p>\n<p><img loading=\"lazy\" decoding=\"async\" class=\" aligncenter size-full wp-image-5350\" src=\"http:\/\/5.45.101.177\/haut-allier\/usagers-transportse\/wp-content\/uploads\/2024\/11\/rac-trafic-aerien-web-pdf-11-01-2024_08_02_am-tab3.png\" alt=\"rac-trafic-aerien-web-pdf-11-01-2024_08_02_am-tab3.png\" align=\"center\" width=\"603\" height=\"428\" srcset=\"https:\/\/usagers-transports.haut-allier.eu\/wp-content\/uploads\/2024\/11\/rac-trafic-aerien-web-pdf-11-01-2024_08_02_am-tab3.png 603w, https:\/\/usagers-transports.haut-allier.eu\/wp-content\/uploads\/2024\/11\/rac-trafic-aerien-web-pdf-11-01-2024_08_02_am-tab3-300x213.png 300w\" sizes=\"auto, (max-width: 603px) 100vw, 603px\" \/><\/p>\n<p><strong>Mythe de la d\u00e9mocratisation des voyages en avion et low-cost<\/strong><\/p>\n<p>S\u2019il est vrai que de plus en plus d\u2019individus aux revenus h\u00e9t\u00e9rog\u00e8nes prennent l\u2019avion, l\u2019arriv\u00e9e de nouveaux voyageurs plus populaires s\u2019accompagne en parall\u00e8le de l\u2019intensification des pratiques des plus riches, qui multiplient les voyages en avion. Le rapport note : \u00ab\u00a0Dit autrement, l\u2019essor du low cost n\u2019a pas remis en cause les in\u00e9galit\u00e9s sociales d\u2019usage de l\u2019avion car il a permis \u00e0 des personnes qui voyageaient d\u00e9j\u00e0 en avion de le faire encore plus souvent, et sur des p\u00e9riodes plus courtes\u00a0\u00bb.<\/p>\n<p>Afin de r\u00e9partir \u00e9quitablement le poids de la transition \u00e0 la lumi\u00e8re de ces donn\u00e9es, le RAD envisage neuf mesures de mod\u00e9ration du trafic selon trois crit\u00e8res : leur impact climatique (soit la quantit\u00e9 d\u2019\u00e9missions produites), les recettes fiscales g\u00e9n\u00e9r\u00e9es permettant potentiellement \u00e0 l\u2019Etat d\u2019investir dans des moyens de transport d\u00e9carbon\u00e9s, et enfin \u00ab\u00a0la r\u00e9partition de l\u2019effort au sein de la population\u00a0\u00bb, soit l\u2019impact de la mesure sur les populations aux revenus modestes ou ais\u00e9s.<\/p>\n<p>A titre d\u2019exemple, la fin des programmes de fid\u00e9lit\u00e9 type \u00ab miles \u00bb est une mesure particuli\u00e8rement justes, puisqu\u2019elles font reposer l\u2019effort sur les passagers les plus ais\u00e9s. \u00ab\u00a0Autrement dit, ces mesures n\u2019auront aucun impact sur l\u2019immense majorit\u00e9 de la population\u00a0\u00bb dit RAC.<\/p>\n<p><img loading=\"lazy\" decoding=\"async\" class=\" aligncenter size-full wp-image-5351\" src=\"http:\/\/5.45.101.177\/haut-allier\/usagers-transportse\/wp-content\/uploads\/2024\/11\/rac-trafic-aerien-web-pdf-11-01-2024_08_02_am-tab5.png\" alt=\"rac-trafic-aerien-web-pdf-11-01-2024_08_02_am-tab5.png\" align=\"center\" width=\"675\" height=\"221\" srcset=\"https:\/\/usagers-transports.haut-allier.eu\/wp-content\/uploads\/2024\/11\/rac-trafic-aerien-web-pdf-11-01-2024_08_02_am-tab5.png 675w, https:\/\/usagers-transports.haut-allier.eu\/wp-content\/uploads\/2024\/11\/rac-trafic-aerien-web-pdf-11-01-2024_08_02_am-tab5-300x98.png 300w\" sizes=\"auto, (max-width: 675px) 100vw, 675px\" \/><\/p>\n<p><strong>Mesure juste et efficace: taxer les grands voyageurs<\/strong><\/p>\n<p>Parmi les neuf propositions pass\u00e9s au crible, \u00ab\u00a0une mesure sp\u00e9cifique satisfait tous les crit\u00e8res\u00a0\u00bb, analyse l\u2019organisation. La cr\u00e9ation d\u2019une \u201ctaxe grands voyageurs\u201d appara\u00eet comme un atout incontournable. \u00ab\u00a0Plus un passager prend r\u00e9guli\u00e8rement l\u2019avion, plus le prix unitaire d\u2019un billet augmente. Selon notre mod\u00e9lisation, cette mesure permettrait de baisser les \u00e9missions du secteur a\u00e9rien de 13,1 %, tout en faisant peser l\u2019essentiel de l\u2019effort sur les passagers les plus r\u00e9guliers et en g\u00e9n\u00e9rant 2,5 milliards de recettes\u00a0\u00bb.<\/p>\n<p><strong>Interdiction des jets priv\u00e9s<\/strong><\/p>\n<p>Pour le reste, l\u2019association plaide \u00e9galement pour l\u2019interdiction des jets priv\u00e9s \u2013 qui \u00e9taient pas moins de 250 000 \u00e0 d\u00e9coller ou atterrir dans le pays en 2023, la fermeture des liaisons les plus courtes comme Paris-Toulouse et Paris-Marseille, ou encore le plafonnement du trafic a\u00e9rien \u00e0 la baisse (-20%), qui engendrerait une r\u00e9duction des \u00e9missions de CO2 de 1,66 \u00e0 4,96 m\u00e9gatonnes par an.<\/p>\n<p><img loading=\"lazy\" decoding=\"async\" class=\" aligncenter size-full wp-image-5352\" src=\"http:\/\/5.45.101.177\/haut-allier\/usagers-transportse\/wp-content\/uploads\/2024\/11\/rac-trafic-aerien-web-pdf-11-01-2024_08_02_am-tab4.png\" alt=\"rac-trafic-aerien-web-pdf-11-01-2024_08_02_am-tab4.png\" align=\"center\" width=\"679\" height=\"473\" srcset=\"https:\/\/usagers-transports.haut-allier.eu\/wp-content\/uploads\/2024\/11\/rac-trafic-aerien-web-pdf-11-01-2024_08_02_am-tab4.png 679w, https:\/\/usagers-transports.haut-allier.eu\/wp-content\/uploads\/2024\/11\/rac-trafic-aerien-web-pdf-11-01-2024_08_02_am-tab4-300x209.png 300w\" sizes=\"auto, (max-width: 679px) 100vw, 679px\" \/><\/p>\n<p><strong>Economies fiscales de 100 milliards d\u2019euros n\u00e9cessaires \u00e0 la relance du ferroviaire<\/strong><\/p>\n<p>Au total, ces diff\u00e9rentes mesures permettraient des \u00e9conomies fiscales de 100 milliards d\u2019euros n\u00e9cessaires \u00e0 la relance du ferroviaire, comme annonc\u00e9s par le gouvernement Borne en f\u00e9vrier 2023. Une aubaine dans un contexte budg\u00e9taire difficile. \u00ab\u00a0Elles permettraient aussi d\u2019am\u00e9liorer l\u2019\u00e9quit\u00e9 fiscale entre les Fran\u00e7ais qui partent en vacances en voiture, et payent une taxe sur le carburant, et ceux qui voyagent en avion, qui n\u2019en payent pas\u00a0\u00bb, dit l&rsquo;\u00e9tude.<\/p>\n<p><strong>Pour financer massivement les moyens de transport d\u00e9carbon\u00e9s<\/strong><\/p>\n<p>Pour le R\u00e9seau Action Climat, la r\u00e9duction du trafic a\u00e9rien est indispensable pour respecter l\u2019Accord de Paris, mais loin suffisante. <em> <strong>\u00ab\u00a0Elle doit s\u2019accompagner d\u2019investissements massifs dans le ferroviaire, afin de permettre au plus grand nombre de voyager en train en France et en Europe\u00a0\u00bb<\/strong> <\/em>. A ce titre, l\u2019organisation plaide pour l\u2019ouverture de nouvelles lignes de train de nuit, la r\u00e9duction du montant des p\u00e9ages ferroviaires ou encore la mise en place d\u2019un billet de cong\u00e9s annuels \u00e0 prix abordable.<\/p>\n<p><strong>En Europe c&rsquo;est lan\u00e7\u00e9<\/strong><\/p>\n<p>Avant la France, d\u2019autres pays europ\u00e9ens ont saut\u00e9 le pas. L\u2019Italie a par exemple baiss\u00e9 drastiquement ses p\u00e9ages ferroviaires, ce qui a eu pour cons\u00e9quence \u00ab\u00a0une croissance importante de l\u2019offre, et une baisse cons\u00e9quente du prix des billets\u00a0\u00bb. L\u2019Autriche a quant \u00e0 elle massivement investi dans les trains de nuit, proposant r\u00e9cemment des nouvelles lignes depuis Vienne vers de nombreuses destinations europ\u00e9ennes (Rome, Amsterdam, Paris, Bruxelles, Milan, Zurich, Hambourg\u2026).<\/p>\n<p>\u00ab\u00a0L\u2019Allemagne a lanc\u00e9 un \u00ab ticket climat \u00bb (Deutschlandticket) \u00e0 la sortie de la crise sanitaire. Pour 49 \u20ac par mois, celui-ci permet d\u2019emprunter le train en illimit\u00e9 (transports urbains, trains r\u00e9gionaux et interr\u00e9gionaux \u2013 seuls les trains \u00e0 grande vitesse sont exclus)\u00a0\u00bb, ajoutent le r\u00e9seau. Et en France on attend quoi ?<\/p>\n","protected":false},"excerpt":{"rendered":"<p>Pour d\u00e9velopper tout le ferroviaire, pour r\u00e9duire l&rsquo;impact climatique d\u00e9sastreux de l&rsquo;avion il est obligatoire de r\u00e9duire l&rsquo;utilisation<\/p>\n","protected":false},"author":1,"featured_media":5347,"comment_status":"open","ping_status":"open","sticky":false,"template":"","format":"standard","meta":{"footnotes":""},"categories":[2],"tags":[],"class_list":["post-1151","post","type-post","status-publish","format-standard","has-post-thumbnail","hentry","category-infos"],"_links":{"self":[{"href":"https:\/\/usagers-transports.haut-allier.eu\/index.php\/wp-json\/wp\/v2\/posts\/1151","targetHints":{"allow":["GET"]}}],"collection":[{"href":"https:\/\/usagers-transports.haut-allier.eu\/index.php\/wp-json\/wp\/v2\/posts"}],"about":[{"href":"https:\/\/usagers-transports.haut-allier.eu\/index.php\/wp-json\/wp\/v2\/types\/post"}],"author":[{"embeddable":true,"href":"https:\/\/usagers-transports.haut-allier.eu\/index.php\/wp-json\/wp\/v2\/users\/1"}],"replies":[{"embeddable":true,"href":"https:\/\/usagers-transports.haut-allier.eu\/index.php\/wp-json\/wp\/v2\/comments?post=1151"}],"version-history":[{"count":0,"href":"https:\/\/usagers-transports.haut-allier.eu\/index.php\/wp-json\/wp\/v2\/posts\/1151\/revisions"}],"wp:featuredmedia":[{"embeddable":true,"href":"https:\/\/usagers-transports.haut-allier.eu\/index.php\/wp-json\/wp\/v2\/media\/5347"}],"wp:attachment":[{"href":"https:\/\/usagers-transports.haut-allier.eu\/index.php\/wp-json\/wp\/v2\/media?parent=1151"}],"wp:term":[{"taxonomy":"category","embeddable":true,"href":"https:\/\/usagers-transports.haut-allier.eu\/index.php\/wp-json\/wp\/v2\/categories?post=1151"},{"taxonomy":"post_tag","embeddable":true,"href":"https:\/\/usagers-transports.haut-allier.eu\/index.php\/wp-json\/wp\/v2\/tags?post=1151"}],"curies":[{"name":"wp","href":"https:\/\/api.w.org\/{rel}","templated":true}]}}