{"id":1152,"date":"2024-11-04T08:25:30","date_gmt":"2024-11-04T07:25:30","guid":{"rendered":"http:\/\/5.45.101.177\/haut-allier\/usagers-transportse\/index.php\/2024\/11\/04\/ligne-des-cevennes-trompes-par1152\/"},"modified":"2024-11-04T08:25:30","modified_gmt":"2024-11-04T07:25:30","slug":"ligne-des-cevennes-trompes-par1152","status":"publish","type":"post","link":"https:\/\/usagers-transports.haut-allier.eu\/index.php\/2024\/11\/04\/ligne-des-cevennes-trompes-par1152\/","title":{"rendered":"Ligne des C\u00e9vennes : Tromp\u00e9s par SNCF Connect nous avons annonc\u00e9 \u00e0 tort la reprise des circulations hier"},"content":{"rendered":"<p>Nous \u00e9tions ravis d&rsquo;annoncer la reprise progressive du trafic ferroviaire entre Clermont Fd et N\u00eemes hier, faisant confiance au site SNCF CONNECT qui affichait des trains.<\/p>\n<p>Durant TOUTE LA JOURNEE les sites de la SNCF montraient bien ces trains que nous vous avions indiqu\u00e9s d\u00e8s 8h.<\/p>\n<p>En fin de journ\u00e9e le doute s&rsquo;installa notamment avec la r\u00e9action d&rsquo;un agent SNCF en poste sur la ligne qui nous confiait qu&rsquo;il aimerait bien que ce soit ainsi mais que non ce n&rsquo;\u00e9tait pas le cas.<\/p>\n<p>La fausse bonne nouvelle fut confirm\u00e9e vers 20h30 avec un mail de nos coll\u00e8gues des Usagers SNCF du Gard :<\/p>\n<blockquote class=\"poesie\"><p>\n<em>SNCF R\u00e9seau a fait des expertises et nous a transmis ce communiqu\u00e9 :<br \/>\n\u00ab\u00a0&#8230;Les premiers diagnostics sur la section G\u00e9nolhac La Bastide sont termin\u00e9s. Je vous confirme que les d\u00e9g\u00e2ts sont importants. Les \u00e9quipes et entreprises sp\u00e9cialis\u00e9es vont pouvoir intervenir prochainement sur la zone afin de proc\u00e9der au retalutage du bord de chauss\u00e9e et \u00e0 l\u2019\u00e9vacuation des 1 200 m3 de terre. Cette intervention devrait n\u00e9cessiter plusieurs semaines, compte tenu des difficult\u00e9s d\u2019acc\u00e8s au site rendant l\u2019acheminement et l\u2019utilisation d\u2019engins lourds compliqu\u00e9s.\u00a0\u00bb et ajoute \u00e0 peu pr\u00e8s ceci \u00ab\u00a0Les circulations pourraient peut-\u00eatre, c&rsquo;est pas s\u00fbr s\u00fbr, on verra, difficile \u00e0 dire, on n&rsquo;a pas de vision sur une date, reprendre mi-d\u00e9cembre.\u00a0\u00bb<br \/>\n<\/em>\n<\/p><\/blockquote>\n<p><strong>Nous sommes choqu\u00e9s, comme on dit, de voir que le site et l&rsquo;application SNCF CONNECT induisent en erreur les citoyens et que ceux ci continuent \u00e0 acheter des billets de trajets inexistants !<\/strong><\/p>\n<p><strong>AUJOURD&rsquo;HUI ENCORE, MARDI 5 A 7H00, SNCF CONNECT AFFICHE DES TRAINS DANS LES 2 SENS !<\/strong><\/p>\n<p><img loading=\"lazy\" decoding=\"async\" class=\" aligncenter size-full wp-image-5354\" src=\"http:\/\/5.45.101.177\/haut-allier\/usagers-transportse\/wp-content\/uploads\/2024\/11\/sncf-connect-resultats-d-itineraires-aller-11-05-2024_07_22_am.png\" alt=\"sncf-connect-resultats-d-itineraires-aller-11-05-2024_07_22_am.png\" align=\"center\" width=\"1108\" height=\"599\" srcset=\"https:\/\/usagers-transports.haut-allier.eu\/wp-content\/uploads\/2024\/11\/sncf-connect-resultats-d-itineraires-aller-11-05-2024_07_22_am.png 1108w, https:\/\/usagers-transports.haut-allier.eu\/wp-content\/uploads\/2024\/11\/sncf-connect-resultats-d-itineraires-aller-11-05-2024_07_22_am-300x162.png 300w, https:\/\/usagers-transports.haut-allier.eu\/wp-content\/uploads\/2024\/11\/sncf-connect-resultats-d-itineraires-aller-11-05-2024_07_22_am-1024x554.png 1024w, https:\/\/usagers-transports.haut-allier.eu\/wp-content\/uploads\/2024\/11\/sncf-connect-resultats-d-itineraires-aller-11-05-2024_07_22_am-768x415.png 768w\" sizes=\"auto, (max-width: 1108px) 100vw, 1108px\" \/><br \/>\n<img loading=\"lazy\" decoding=\"async\" class=\" aligncenter size-full wp-image-5355\" src=\"http:\/\/5.45.101.177\/haut-allier\/usagers-transportse\/wp-content\/uploads\/2024\/11\/sncf-connect-resultats-d-itineraires-aller-11-05-2024_07_21_am.png\" alt=\"sncf-connect-resultats-d-itineraires-aller-11-05-2024_07_21_am.png\" align=\"center\" width=\"966\" height=\"680\" srcset=\"https:\/\/usagers-transports.haut-allier.eu\/wp-content\/uploads\/2024\/11\/sncf-connect-resultats-d-itineraires-aller-11-05-2024_07_21_am.png 966w, https:\/\/usagers-transports.haut-allier.eu\/wp-content\/uploads\/2024\/11\/sncf-connect-resultats-d-itineraires-aller-11-05-2024_07_21_am-300x211.png 300w, https:\/\/usagers-transports.haut-allier.eu\/wp-content\/uploads\/2024\/11\/sncf-connect-resultats-d-itineraires-aller-11-05-2024_07_21_am-768x541.png 768w\" sizes=\"auto, (max-width: 966px) 100vw, 966px\" \/><\/p>\n<p>Honte \u00e0 SNCF ! Honte aux r\u00e9gions qui n&rsquo;exercent aucun contr\u00f4le sur le service rendu aux populations de la part de leur prestataire !<\/p>\n<p>Et d\u00e9sol\u00e9s mille fois d&rsquo;avoir fait confiance \u00e0 la SNCF&#8230;<\/p>\n<p>[fond rouge][blanc]<strong>Si vous avez eu des probl\u00e8mes suite \u00e0 l&rsquo;achat de billets de trajets inexistants merci de le signaler ci-dessous, dans le forum. Nous ferons remonter aux r\u00e9gions qui sont les autorit\u00e9s organisatrices des transports sur la ligne des C\u00e9vennes.<\/strong>[\/blanc][\/fond rouge]<\/p>\n<p><em>La r\u00e9daction<\/em><\/p>\n<p>Voici l&rsquo;article de lundi que nous avions \u00e9labor\u00e9 \u00e0 partir de SNCF Connect :<\/p>\n<hr \/>\n<p>C&rsquo;\u00e9tait un vrai scandale et nous avions <a href=\"https:\/\/usagers-transports.haut-allier.eu\/?suite-au-deraillement-a-villefort,1149.html\"><em>alert\u00e9<\/em><\/a> tous azimuts : les trains ne circulaient plus sans raison entre Clermont-Ferrand et La Bastide au nord du d\u00e9raillement de Villefort. Nous avons \u00e9t\u00e9 entendu et voici les circulations des prochains jours :<\/p>\n<p>Les gares habituelles sont desservies.<\/p>\n<table>\n<tbody>\n<tr class='row_even'>\n<td>SENS<\/td>\n<td><strong>Clermont<\/strong><\/td>\n<td><strong>La Bastide St Laurent<\/strong><\/td>\n<td>SENS<\/td>\n<td><strong>La Bastide St Laurent<\/strong><\/td>\n<td><strong>Clermont<\/strong><\/td>\n<\/tr>\n<tr class='row_odd'>\n<td><strong>5 novembre<\/strong><\/td>\n<td> <\/td>\n<td><\/td>\n<td><\/td>\n<td><\/td>\n<td><\/td>\n<\/tr>\n<tr class='row_even'>\n<td><\/td>\n<td>12h56<\/td>\n<td>16h06<\/td>\n<td><\/td>\n<td>16h11<\/td>\n<td>19h14<\/td>\n<\/tr>\n<tr class='row_odd'>\n<td><\/td>\n<td><\/td>\n<td> <\/td>\n<td><\/td>\n<td>19h16<\/td>\n<td>22h24<\/td>\n<\/tr>\n<tr class='row_even'>\n<td><strong>6 novembre<\/strong><\/td>\n<td><\/td>\n<td><\/td>\n<td><\/td>\n<td><\/td>\n<td><\/td>\n<\/tr>\n<tr class='row_odd'>\n<td><\/td>\n<td>12h56<\/td>\n<td>16h06<\/td>\n<td><\/td>\n<td>16h11<\/td>\n<td>19h14<\/td>\n<\/tr>\n<tr class='row_even'>\n<td><\/td>\n<td><\/td>\n<td> <\/td>\n<td><\/td>\n<td>19h16<\/td>\n<td>22h24<\/td>\n<\/tr>\n<tr class='row_odd'>\n<td><strong>7 novembre<\/strong><\/td>\n<td> <\/td>\n<td><\/td>\n<td><\/td>\n<td><\/td>\n<td><\/td>\n<\/tr>\n<tr class='row_even'>\n<td><\/td>\n<td>06h45<\/td>\n<td>09h56<\/td>\n<td><\/td>\n<td>10h03<\/td>\n<td>13h17<\/td>\n<\/tr>\n<tr class='row_odd'>\n<td><\/td>\n<td>12h56<\/td>\n<td>16h06<\/td>\n<td><\/td>\n<td>16h11<\/td>\n<td>19h14<\/td>\n<\/tr>\n<tr class='row_even'>\n<td><\/td>\n<td>16h40<\/td>\n<td>20h00<\/td>\n<td><\/td>\n<td>19h16<\/td>\n<td>22h24<\/td>\n<\/tr>\n<tr class='row_odd'>\n<td><strong>8 novembre<\/strong><\/td>\n<td> <\/td>\n<td><\/td>\n<td><\/td>\n<td><\/td>\n<td><\/td>\n<\/tr>\n<tr class='row_even'>\n<td><\/td>\n<td>06h45<\/td>\n<td>09h56<\/td>\n<td><\/td>\n<td>10h03<\/td>\n<td>13h17<\/td>\n<\/tr>\n<tr class='row_odd'>\n<td><\/td>\n<td>12h56<\/td>\n<td>16h06<\/td>\n<td><\/td>\n<td>16h11<\/td>\n<td>19h14<\/td>\n<\/tr>\n<tr class='row_even'>\n<td><\/td>\n<td>16h40<\/td>\n<td>20h00<\/td>\n<td><\/td>\n<td>19h16<\/td>\n<td>22h24<\/td>\n<\/tr>\n<\/tbody>\n<\/table>\n<p>Pareil les jours suivants.<\/p>\n<p>C&rsquo;\u00e9tait si simple. On a perdu une semaine.<\/p>\n<p>Les fiches horaires officielles ne sont pas encore disponibles mais on peut se r\u00e9f\u00e9rer \u00e0 la fiche horaires standard :<br \/>\nhttps:\/\/ter-fiches-horaires.sncf.fr\/publish\/08_du_14-07-24_au_14-12-24-%20V1.pdf<\/p>\n<p><a href=\"http:\/\/5.45.101.177\/haut-allier\/usagers-transportse\/wp-content\/uploads\/2024\/11\/08_du_14-07-24_au_14-12-24-_v1.pdf\">08_du_14-07-24_au_14-12-24-_v1.pdf<\/a><\/p>\n<p><strong>De La Bastide rejoindre la M\u00e9diterrann\u00e9e<\/strong><\/p>\n<p>[blanc][fond rouge]<strong>En effet toutes les circulations entre La Bastide et N\u00eemes sont RETABLIES AUSSI DES LE 5 NOVEMBRE. Voir les fiches horaires habituelles.<\/strong>[\/fond rouge][\/blanc]<\/p>\n<p>Bravo \u00e0 SNCF R\u00e9seau qui a remis rapidement la voie en service apr\u00e8s l&rsquo;accident de Saint-Andr\u00e9 Capc\u00e8ze. Ce qui fait taire certains m\u00e9dias qui assuraient que la ligne serait ferm\u00e9e des mois durant. <\/p>\n<p>Et pour rejoindre B\u00e9ziers par la ligne des Causses c&rsquo;est toujours possible en prenant le bus n\u00b0 54044 jusqu&rsquo;\u00e0 Marvejols \u00e0 10h08 puis le TER 878957 qui arrive \u00e0 15h22 \u00e0 B\u00e9ziers. Co\u00fbt du voyage 2 euros !<\/p>\n<p>Le tout est v\u00e9rifiable et les billets sont en vente sur <a href=\"https:\/\/sncf-connect.com\"><em>SNCFConnect<\/em><\/a>.<\/p>\n<p><strong>[MAJ du 4\/11 \u00e0 23h00]<\/strong><br \/>\nEn fait aucune reprise mais nous l&rsquo;avons su que tr\u00e8s tard. SNCF Connect nous a induit en erreur toute la journ\u00e9e.<br \/>\nVoici la fiche horaire de lundi 4 mise en ligne ce lundi soir seulement !<br \/>\nAinsi que la fiche horaire de mardi 5 idem.<\/p>\n<p>Bravo pour tous ceux qui continuent \u00e0 acheter des billets qui n&rsquo;existent pas sur SNCF Connect. Bravo la SNCF ! Du bon boulot d&rsquo;information. Vraiment lamentable.<\/p>\n<p><a href=\"http:\/\/5.45.101.177\/haut-allier\/usagers-transportse\/wp-content\/uploads\/2024\/11\/fh08-005_ligne_08___clermont_ferrand_-_nimes_auvergne_04-11-2024_a3_v1_.pdf\">fh08-005_ligne_08___clermont_ferrand_-_nimes_auvergne_04-11-2024_a3_v1_.pdf<\/a><br \/>\n <a href=\"http:\/\/5.45.101.177\/haut-allier\/usagers-transportse\/wp-content\/uploads\/2024\/11\/fh08-006_ligne_08___clermont_ferrand_-_nimes_auvergne_05-11-2024_a3_v1.pdf\">fh08-006_ligne_08___clermont_ferrand_-_nimes_auvergne_05-11-2024_a3_v1.pdf<\/a><\/p>\n<hr \/>\n","protected":false},"excerpt":{"rendered":"<p>Nous \u00e9tions ravis d&rsquo;annoncer la reprise progressive du trafic ferroviaire entre Clermont Fd et N\u00eemes hier, faisant confiance<\/p>\n","protected":false},"author":1,"featured_media":5353,"comment_status":"open","ping_status":"open","sticky":false,"template":"","format":"standard","meta":{"footnotes":""},"categories":[2],"tags":[],"class_list":["post-1152","post","type-post","status-publish","format-standard","has-post-thumbnail","hentry","category-infos"],"_links":{"self":[{"href":"https:\/\/usagers-transports.haut-allier.eu\/index.php\/wp-json\/wp\/v2\/posts\/1152","targetHints":{"allow":["GET"]}}],"collection":[{"href":"https:\/\/usagers-transports.haut-allier.eu\/index.php\/wp-json\/wp\/v2\/posts"}],"about":[{"href":"https:\/\/usagers-transports.haut-allier.eu\/index.php\/wp-json\/wp\/v2\/types\/post"}],"author":[{"embeddable":true,"href":"https:\/\/usagers-transports.haut-allier.eu\/index.php\/wp-json\/wp\/v2\/users\/1"}],"replies":[{"embeddable":true,"href":"https:\/\/usagers-transports.haut-allier.eu\/index.php\/wp-json\/wp\/v2\/comments?post=1152"}],"version-history":[{"count":0,"href":"https:\/\/usagers-transports.haut-allier.eu\/index.php\/wp-json\/wp\/v2\/posts\/1152\/revisions"}],"wp:featuredmedia":[{"embeddable":true,"href":"https:\/\/usagers-transports.haut-allier.eu\/index.php\/wp-json\/wp\/v2\/media\/5353"}],"wp:attachment":[{"href":"https:\/\/usagers-transports.haut-allier.eu\/index.php\/wp-json\/wp\/v2\/media?parent=1152"}],"wp:term":[{"taxonomy":"category","embeddable":true,"href":"https:\/\/usagers-transports.haut-allier.eu\/index.php\/wp-json\/wp\/v2\/categories?post=1152"},{"taxonomy":"post_tag","embeddable":true,"href":"https:\/\/usagers-transports.haut-allier.eu\/index.php\/wp-json\/wp\/v2\/tags?post=1152"}],"curies":[{"name":"wp","href":"https:\/\/api.w.org\/{rel}","templated":true}]}}