{"id":1153,"date":"2024-11-08T19:30:45","date_gmt":"2024-11-08T18:30:45","guid":{"rendered":"http:\/\/5.45.101.177\/haut-allier\/usagers-transportse\/index.php\/2024\/11\/08\/la-reouverture-de-la-ligne1153\/"},"modified":"2024-11-08T19:30:45","modified_gmt":"2024-11-08T18:30:45","slug":"la-reouverture-de-la-ligne1153","status":"publish","type":"post","link":"https:\/\/usagers-transports.haut-allier.eu\/index.php\/2024\/11\/08\/la-reouverture-de-la-ligne1153\/","title":{"rendered":"La r\u00e9ouverture de la ligne ferroviaire des C\u00e9vennes aurait lieu le 18 novembre [CONFIRM\u00c9]"},"content":{"rendered":"<p>Cette fois-ci on esp\u00e8re ne pas se tromper, notre source est bien plus fiable que SNCF Connect. <\/p>\n<p>Apr\u00e8s le d\u00e9raillement le 25 octobre du train TER 873994 \u00e0 Saint-Andr\u00e9 Capc\u00e8ze pr\u00e8s de Villefort (Loz\u00e8re), il semble que la reprise des circulations sur l&rsquo;axe Clermont-Ferrand N\u00eemes puisse avoir lieu le lundi 18 novembre, moins d&rsquo;un mois apr\u00e8s.<\/p>\n<p>A surveiller de pr\u00e8s. Vous aurez en fin d&rsquo;article d\u00e8s qu&rsquo;elles seront disponibles les confirmations officielles de ce que nous avan\u00e7ons. Pour le moment il n&rsquo;y en a aucune. <\/p>\n<p><em>Une photo du d\u00e9raillement (Midi Libre)<\/em><br \/>\n<img loading=\"lazy\" decoding=\"async\" class=\" aligncenter size-full wp-image-5360\" src=\"http:\/\/5.45.101.177\/haut-allier\/usagers-transportse\/wp-content\/uploads\/2024\/11\/ter-image.jpg\" alt=\"ter-image.jpg\" align=\"center\" width=\"885\" height=\"500\" srcset=\"https:\/\/usagers-transports.haut-allier.eu\/wp-content\/uploads\/2024\/11\/ter-image.jpg 885w, https:\/\/usagers-transports.haut-allier.eu\/wp-content\/uploads\/2024\/11\/ter-image-300x169.jpg 300w, https:\/\/usagers-transports.haut-allier.eu\/wp-content\/uploads\/2024\/11\/ter-image-768x434.jpg 768w\" sizes=\"auto, (max-width: 885px) 100vw, 885px\" \/><\/p>\n<p>Si le site SNCF-Connect affiche toujours les trajets, vous devrier pouvoir selon toute vraisemblance acheter vos billets. Y compris ceux \u00e0 un euro des 7 et 8 d\u00e9cembre.<\/p>\n<p> <strong>MISE \u00c0 JOUR DU 15 NOVEMBRE 17H :<\/strong><\/p>\n<p>La reprise est confirm\u00e9e<br \/>\nDE CLERMONT A LANGOGNE<br \/>\nEntre Langogne et N\u00eemes toujours des bus.<br \/>\nC&rsquo;est vrai toute la semaine sauf le dimanche o\u00f9 des bus et des Taxis A la Demande sont mis en place.<br \/>\nDe plus La Bastide Saint-Laurent les Bains n&rsquo;est pas desservie ce qui aurait permis<br \/>\ndes correspondances vers Mende.<\/p>\n<p>3 semaines d&rsquo;interruption sans aucune raison.<br \/>\nC&rsquo;est une honte.<\/p>\n<p><a href=\"http:\/\/5.45.101.177\/haut-allier\/usagers-transportse\/wp-content\/uploads\/2024\/11\/08_aff_18-11-24_au_14-12-24-version_du_14-11-24_1_.pdf\">08_aff_18-11-24_au_14-12-24-version_du_14-11-24_1_.pdf<\/a><\/p>\n","protected":false},"excerpt":{"rendered":"<p>Cette fois-ci on esp\u00e8re ne pas se tromper, notre source est bien plus fiable que SNCF Connect. Apr\u00e8s<\/p>\n","protected":false},"author":1,"featured_media":5359,"comment_status":"closed","ping_status":"open","sticky":false,"template":"","format":"standard","meta":{"footnotes":""},"categories":[3],"tags":[],"class_list":["post-1153","post","type-post","status-publish","format-standard","has-post-thumbnail","hentry","category-en-train"],"_links":{"self":[{"href":"https:\/\/usagers-transports.haut-allier.eu\/index.php\/wp-json\/wp\/v2\/posts\/1153","targetHints":{"allow":["GET"]}}],"collection":[{"href":"https:\/\/usagers-transports.haut-allier.eu\/index.php\/wp-json\/wp\/v2\/posts"}],"about":[{"href":"https:\/\/usagers-transports.haut-allier.eu\/index.php\/wp-json\/wp\/v2\/types\/post"}],"author":[{"embeddable":true,"href":"https:\/\/usagers-transports.haut-allier.eu\/index.php\/wp-json\/wp\/v2\/users\/1"}],"replies":[{"embeddable":true,"href":"https:\/\/usagers-transports.haut-allier.eu\/index.php\/wp-json\/wp\/v2\/comments?post=1153"}],"version-history":[{"count":0,"href":"https:\/\/usagers-transports.haut-allier.eu\/index.php\/wp-json\/wp\/v2\/posts\/1153\/revisions"}],"wp:featuredmedia":[{"embeddable":true,"href":"https:\/\/usagers-transports.haut-allier.eu\/index.php\/wp-json\/wp\/v2\/media\/5359"}],"wp:attachment":[{"href":"https:\/\/usagers-transports.haut-allier.eu\/index.php\/wp-json\/wp\/v2\/media?parent=1153"}],"wp:term":[{"taxonomy":"category","embeddable":true,"href":"https:\/\/usagers-transports.haut-allier.eu\/index.php\/wp-json\/wp\/v2\/categories?post=1153"},{"taxonomy":"post_tag","embeddable":true,"href":"https:\/\/usagers-transports.haut-allier.eu\/index.php\/wp-json\/wp\/v2\/tags?post=1153"}],"curies":[{"name":"wp","href":"https:\/\/api.w.org\/{rel}","templated":true}]}}