{"id":1155,"date":"2024-11-18T17:50:06","date_gmt":"2024-11-18T16:50:06","guid":{"rendered":"http:\/\/5.45.101.177\/haut-allier\/usagers-transportse\/index.php\/2024\/11\/18\/lignedes-cevennes-le-premier-ter1155\/"},"modified":"2024-11-18T17:50:06","modified_gmt":"2024-11-18T16:50:06","slug":"lignedes-cevennes-le-premier-ter1155","status":"publish","type":"post","link":"https:\/\/usagers-transports.haut-allier.eu\/index.php\/2024\/11\/18\/lignedes-cevennes-le-premier-ter1155\/","title":{"rendered":"Ligne des C\u00e9vennes : le premier TER venant de Clermont depuis 24 jours est finalement arriv\u00e9 \u00e0 Langogne"},"content":{"rendered":"<p>Le TER 873991 venant de Clermont-Ferrand est arriv\u00e9 en gare de Langogne ce lundi \u00e0 10h25 apr\u00e8s presque un mois de coupure sans motif. <\/p>\n<p>Le terminus de plus \u00e9tait Langogne et non pas La Bastide Saint-Laurent les Bains o\u00f9 les voyageurs aurait pu prendre une correspondance pour Mende.<\/p>\n<p><img loading=\"lazy\" decoding=\"async\" class=\" aligncenter size-full wp-image-5362\" src=\"http:\/\/5.45.101.177\/haut-allier\/usagers-transportse\/wp-content\/uploads\/2024\/11\/dji_0026-scaled.jpg\" alt=\"dji_0026.jpg\" align=\"center\" width=\"2560\" height=\"1440\" srcset=\"https:\/\/usagers-transports.haut-allier.eu\/wp-content\/uploads\/2024\/11\/dji_0026-scaled.jpg 2560w, https:\/\/usagers-transports.haut-allier.eu\/wp-content\/uploads\/2024\/11\/dji_0026-300x169.jpg 300w, https:\/\/usagers-transports.haut-allier.eu\/wp-content\/uploads\/2024\/11\/dji_0026-1024x576.jpg 1024w, https:\/\/usagers-transports.haut-allier.eu\/wp-content\/uploads\/2024\/11\/dji_0026-768x432.jpg 768w, https:\/\/usagers-transports.haut-allier.eu\/wp-content\/uploads\/2024\/11\/dji_0026-1536x864.jpg 1536w, https:\/\/usagers-transports.haut-allier.eu\/wp-content\/uploads\/2024\/11\/dji_0026-2048x1152.jpg 2048w\" sizes=\"auto, (max-width: 2560px) 100vw, 2560px\" \/><\/p>\n<p><em>Le passage \u00e0 Alleyras \u00e0 9h39<\/em><br \/>\n<img loading=\"lazy\" decoding=\"async\" class=\" aligncenter size-full wp-image-5368\" src=\"http:\/\/5.45.101.177\/haut-allier\/usagers-transportse\/wp-content\/uploads\/2024\/11\/image0000011r-sb.jpg\" alt=\"image0000011r-sb.jpg\" align=\"center\" width=\"992\" height=\"761\" srcset=\"https:\/\/usagers-transports.haut-allier.eu\/wp-content\/uploads\/2024\/11\/image0000011r-sb.jpg 992w, https:\/\/usagers-transports.haut-allier.eu\/wp-content\/uploads\/2024\/11\/image0000011r-sb-300x230.jpg 300w, https:\/\/usagers-transports.haut-allier.eu\/wp-content\/uploads\/2024\/11\/image0000011r-sb-768x589.jpg 768w\" sizes=\"auto, (max-width: 992px) 100vw, 992px\" \/><\/p>\n<p>Des questions se posent : comment est-il possible que la r\u00e9gion en charge des circulations, Auvergne Rh\u00f4ne Alpes, et la SNCF r\u00e9gionale AURA puissent par simple d\u00e9cision de couloir annuler le service aux populations du haut Allier ?<\/p>\n<p>On attend les r\u00e9ponses et on les posera de vive voix \u00e0 la r\u00e9gion lors du prochain Comit\u00e9 des Mobilit\u00e9s \u00e0 Clermont.<\/p>\n<p>Voici pour rappel les horaires jusqu&rsquo;au 14 d\u00e9cembre jour de changement annuel de la grille horaire.<\/p>\n<p>Version Auvergne Rh\u00f4ne Alpes :<\/p>\n<p><img loading=\"lazy\" decoding=\"async\" class=\" aligncenter size-full wp-image-5363\" src=\"http:\/\/5.45.101.177\/haut-allier\/usagers-transportse\/wp-content\/uploads\/2024\/11\/08_aff_18-11-24_au_14-12-24-version_du_14-11-24.jpg\" alt=\"08_aff_18-11-24_au_14-12-24-version_du_14-11-24.jpg\" align=\"center\" width=\"1169\" height=\"1653\" srcset=\"https:\/\/usagers-transports.haut-allier.eu\/wp-content\/uploads\/2024\/11\/08_aff_18-11-24_au_14-12-24-version_du_14-11-24.jpg 1169w, https:\/\/usagers-transports.haut-allier.eu\/wp-content\/uploads\/2024\/11\/08_aff_18-11-24_au_14-12-24-version_du_14-11-24-212x300.jpg 212w, https:\/\/usagers-transports.haut-allier.eu\/wp-content\/uploads\/2024\/11\/08_aff_18-11-24_au_14-12-24-version_du_14-11-24-724x1024.jpg 724w, https:\/\/usagers-transports.haut-allier.eu\/wp-content\/uploads\/2024\/11\/08_aff_18-11-24_au_14-12-24-version_du_14-11-24-768x1086.jpg 768w, https:\/\/usagers-transports.haut-allier.eu\/wp-content\/uploads\/2024\/11\/08_aff_18-11-24_au_14-12-24-version_du_14-11-24-1086x1536.jpg 1086w\" sizes=\"auto, (max-width: 1169px) 100vw, 1169px\" \/><\/p>\n<p>Version Occitanie :<br \/>\n<strong>Il est \u00e0 noter que la voie est toujours coup\u00e9e entre Villefort et G\u00e9nolhac. Nous n&rsquo;avons pas de date du r\u00e9tablissement de la circulation.<\/strong><\/p>\n<p><img loading=\"lazy\" decoding=\"async\" class=\" aligncenter size-full wp-image-5364\" src=\"http:\/\/5.45.101.177\/haut-allier\/usagers-transportse\/wp-content\/uploads\/2024\/11\/adaptation_ca_c_vennes_du_18_novembre_au_14_da_c_cembre-a.jpg\" alt=\"adaptation_ca_c_vennes_du_18_novembre_au_14_da_c_cembre-a.jpg\" align=\"center\" width=\"1403\" height=\"1986\" srcset=\"https:\/\/usagers-transports.haut-allier.eu\/wp-content\/uploads\/2024\/11\/adaptation_ca_c_vennes_du_18_novembre_au_14_da_c_cembre-a.jpg 1403w, https:\/\/usagers-transports.haut-allier.eu\/wp-content\/uploads\/2024\/11\/adaptation_ca_c_vennes_du_18_novembre_au_14_da_c_cembre-a-212x300.jpg 212w, https:\/\/usagers-transports.haut-allier.eu\/wp-content\/uploads\/2024\/11\/adaptation_ca_c_vennes_du_18_novembre_au_14_da_c_cembre-a-723x1024.jpg 723w, https:\/\/usagers-transports.haut-allier.eu\/wp-content\/uploads\/2024\/11\/adaptation_ca_c_vennes_du_18_novembre_au_14_da_c_cembre-a-768x1087.jpg 768w, https:\/\/usagers-transports.haut-allier.eu\/wp-content\/uploads\/2024\/11\/adaptation_ca_c_vennes_du_18_novembre_au_14_da_c_cembre-a-1085x1536.jpg 1085w\" sizes=\"auto, (max-width: 1403px) 100vw, 1403px\" \/> <\/p>\n<p><img loading=\"lazy\" decoding=\"async\" class=\" aligncenter size-full wp-image-5365\" src=\"http:\/\/5.45.101.177\/haut-allier\/usagers-transportse\/wp-content\/uploads\/2024\/11\/adaptation_ca_c_vennes_du_18_novembre_au_14_da_c_cembre-b.jpg\" alt=\"adaptation_ca_c_vennes_du_18_novembre_au_14_da_c_cembre-b.jpg\" align=\"center\" width=\"1403\" height=\"1986\" srcset=\"https:\/\/usagers-transports.haut-allier.eu\/wp-content\/uploads\/2024\/11\/adaptation_ca_c_vennes_du_18_novembre_au_14_da_c_cembre-b.jpg 1403w, https:\/\/usagers-transports.haut-allier.eu\/wp-content\/uploads\/2024\/11\/adaptation_ca_c_vennes_du_18_novembre_au_14_da_c_cembre-b-212x300.jpg 212w, https:\/\/usagers-transports.haut-allier.eu\/wp-content\/uploads\/2024\/11\/adaptation_ca_c_vennes_du_18_novembre_au_14_da_c_cembre-b-723x1024.jpg 723w, https:\/\/usagers-transports.haut-allier.eu\/wp-content\/uploads\/2024\/11\/adaptation_ca_c_vennes_du_18_novembre_au_14_da_c_cembre-b-768x1087.jpg 768w, https:\/\/usagers-transports.haut-allier.eu\/wp-content\/uploads\/2024\/11\/adaptation_ca_c_vennes_du_18_novembre_au_14_da_c_cembre-b-1085x1536.jpg 1085w\" sizes=\"auto, (max-width: 1403px) 100vw, 1403px\" \/><\/p>\n<p><img loading=\"lazy\" decoding=\"async\" class=\" aligncenter size-full wp-image-5366\" src=\"http:\/\/5.45.101.177\/haut-allier\/usagers-transportse\/wp-content\/uploads\/2024\/11\/adaptation_ca_c_vennes_du_18_novembre_au_14_da_c_cembre-c.jpg\" alt=\"adaptation_ca_c_vennes_du_18_novembre_au_14_da_c_cembre-c.jpg\" align=\"center\" width=\"1403\" height=\"1986\" srcset=\"https:\/\/usagers-transports.haut-allier.eu\/wp-content\/uploads\/2024\/11\/adaptation_ca_c_vennes_du_18_novembre_au_14_da_c_cembre-c.jpg 1403w, https:\/\/usagers-transports.haut-allier.eu\/wp-content\/uploads\/2024\/11\/adaptation_ca_c_vennes_du_18_novembre_au_14_da_c_cembre-c-212x300.jpg 212w, https:\/\/usagers-transports.haut-allier.eu\/wp-content\/uploads\/2024\/11\/adaptation_ca_c_vennes_du_18_novembre_au_14_da_c_cembre-c-723x1024.jpg 723w, https:\/\/usagers-transports.haut-allier.eu\/wp-content\/uploads\/2024\/11\/adaptation_ca_c_vennes_du_18_novembre_au_14_da_c_cembre-c-768x1087.jpg 768w, https:\/\/usagers-transports.haut-allier.eu\/wp-content\/uploads\/2024\/11\/adaptation_ca_c_vennes_du_18_novembre_au_14_da_c_cembre-c-1085x1536.jpg 1085w\" sizes=\"auto, (max-width: 1403px) 100vw, 1403px\" \/><\/p>\n<p><strong>Le dimanche, pour les gares de Monistrol d&rsquo;Allier, Alleyras et Chapeauroux, des taxis \u00e0 la demande sont mis \u00e0 disposition. T\u00e9l\u00e9phoner la veille pour les r\u00e9server. Voir fiches.<\/strong><\/p>\n<p><center><br \/>\n<iframe loading=\"lazy\" width=\"560\" height=\"315\" src=\"https:\/\/www.youtube.com\/embed\/4zhkPHDGdAw?si=taygY-XEVDvRB186\" title=\"YouTube video player\" frameborder=\"0\" allow=\"accelerometer; autoplay; clipboard-write; encrypted-media; gyroscope; picture-in-picture; web-share\" referrerpolicy=\"strict-origin-when-cross-origin\" allowfullscreen><\/iframe><br \/>\n<\/center><\/p>\n","protected":false},"excerpt":{"rendered":"<p>Le TER 873991 venant de Clermont-Ferrand est arriv\u00e9 en gare de Langogne ce lundi \u00e0 10h25 apr\u00e8s presque<\/p>\n","protected":false},"author":1,"featured_media":5367,"comment_status":"closed","ping_status":"open","sticky":false,"template":"","format":"standard","meta":{"footnotes":""},"categories":[3],"tags":[],"class_list":["post-1155","post","type-post","status-publish","format-standard","has-post-thumbnail","hentry","category-en-train"],"_links":{"self":[{"href":"https:\/\/usagers-transports.haut-allier.eu\/index.php\/wp-json\/wp\/v2\/posts\/1155","targetHints":{"allow":["GET"]}}],"collection":[{"href":"https:\/\/usagers-transports.haut-allier.eu\/index.php\/wp-json\/wp\/v2\/posts"}],"about":[{"href":"https:\/\/usagers-transports.haut-allier.eu\/index.php\/wp-json\/wp\/v2\/types\/post"}],"author":[{"embeddable":true,"href":"https:\/\/usagers-transports.haut-allier.eu\/index.php\/wp-json\/wp\/v2\/users\/1"}],"replies":[{"embeddable":true,"href":"https:\/\/usagers-transports.haut-allier.eu\/index.php\/wp-json\/wp\/v2\/comments?post=1155"}],"version-history":[{"count":0,"href":"https:\/\/usagers-transports.haut-allier.eu\/index.php\/wp-json\/wp\/v2\/posts\/1155\/revisions"}],"wp:featuredmedia":[{"embeddable":true,"href":"https:\/\/usagers-transports.haut-allier.eu\/index.php\/wp-json\/wp\/v2\/media\/5367"}],"wp:attachment":[{"href":"https:\/\/usagers-transports.haut-allier.eu\/index.php\/wp-json\/wp\/v2\/media?parent=1155"}],"wp:term":[{"taxonomy":"category","embeddable":true,"href":"https:\/\/usagers-transports.haut-allier.eu\/index.php\/wp-json\/wp\/v2\/categories?post=1155"},{"taxonomy":"post_tag","embeddable":true,"href":"https:\/\/usagers-transports.haut-allier.eu\/index.php\/wp-json\/wp\/v2\/tags?post=1155"}],"curies":[{"name":"wp","href":"https:\/\/api.w.org\/{rel}","templated":true}]}}