{"id":1156,"date":"2024-11-20T15:12:30","date_gmt":"2024-11-20T14:12:30","guid":{"rendered":"http:\/\/5.45.101.177\/haut-allier\/usagers-transportse\/index.php\/2024\/11\/20\/ligne-beziers-neussargues-une1156\/"},"modified":"2024-11-20T15:12:30","modified_gmt":"2024-11-20T14:12:30","slug":"ligne-beziers-neussargues-une1156","status":"publish","type":"post","link":"https:\/\/usagers-transports.haut-allier.eu\/index.php\/2024\/11\/20\/ligne-beziers-neussargues-une1156\/","title":{"rendered":"Ligne B\u00e9ziers Neussargues : une bande dessin\u00e9e sur les luttes pour sa sauvegarde"},"content":{"rendered":"<p>Le combat que m\u00e8ne le <a href=\"https:\/\/convergence-nationale-rail.fr\/avenir-de-la-ligne-beziers-neussargues-clermont-ferrand-un-communique-du-comite-pluraliste-de-la-cnr\/\"><em>Comit\u00e9 Pluraliste<\/em><\/a> pour la sauvegarde et le d\u00e9veloppement de cette ligne du massif central fait l&rsquo;objet d&rsquo;une bande dessin\u00e9e, \u00ab\u00a0Silence sur le quai \u00ab\u00a0, par Alain Bujak qui a \u00e9crit le sc\u00e9nario et Elliot Royer qui a fait les dessins. <\/p>\n<p>\u00ab\u00a0Le train, un bien commun\u00a0\u00bb est le titre d&rsquo;un article qui lui est consacr\u00e9e, paru dans le Midi Libre du 29 octobre dernier. Le voici.<\/p>\n<p><img loading=\"lazy\" decoding=\"async\" class=\" aligncenter size-full wp-image-5370\" src=\"http:\/\/5.45.101.177\/haut-allier\/usagers-transportse\/wp-content\/uploads\/2024\/11\/interviewbdsurbeziersneussargues.jpg\" alt=\"interviewbdsurbeziersneussargues.jpg\" align=\"center\" width=\"1200\" height=\"1322\" srcset=\"https:\/\/usagers-transports.haut-allier.eu\/wp-content\/uploads\/2024\/11\/interviewbdsurbeziersneussargues.jpg 1200w, https:\/\/usagers-transports.haut-allier.eu\/wp-content\/uploads\/2024\/11\/interviewbdsurbeziersneussargues-272x300.jpg 272w, https:\/\/usagers-transports.haut-allier.eu\/wp-content\/uploads\/2024\/11\/interviewbdsurbeziersneussargues-930x1024.jpg 930w, https:\/\/usagers-transports.haut-allier.eu\/wp-content\/uploads\/2024\/11\/interviewbdsurbeziersneussargues-768x846.jpg 768w\" sizes=\"auto, (max-width: 1200px) 100vw, 1200px\" \/><\/p>\n<p>Apr\u00e8s des romans, des reportages \u00e9crits ou t\u00e9l\u00e9vis\u00e9s, du th\u00e9\u00e2tre, des films, des revues, des spectacles vivants, cette bande dessin\u00e9e relate d&rsquo;une fa\u00e7on originale par des dessins et un sc\u00e9nario militant les luttes depuis 30 ans autour de la ligne SNCF des Causses.<\/p>\n<p>Pour se  la procurer pour les personnes habitant l&rsquo;H\u00e9rault ou les hauts Cantons aupr\u00e8s de la librairie \u00e0 B\u00e9darieux \u00ab\u00a0La joie de conna\u00eetre\u00a0\u00bb, 17 rue de la R\u00e9publique 34600 B\u00e9darieux 04 67 95 05 65 ou 06 43 83 86 57 ou par email joiedeconnaitre@orange.fr . <\/p>\n<p>Pour les autres s&rsquo;adresser \u00e0 leur \u00e9diteur pour commander l&rsquo;ouvrage : <a href=\"https:\/\/www.futuropolis.fr\/\"><em>Editions Futuropolis<\/em><\/a> . <\/p>\n<p>Le prix : 19 euros.<\/p>\n","protected":false},"excerpt":{"rendered":"<p>Le combat que m\u00e8ne le Comit\u00e9 Pluraliste pour la sauvegarde et le d\u00e9veloppement de cette ligne du massif<\/p>\n","protected":false},"author":1,"featured_media":5369,"comment_status":"open","ping_status":"open","sticky":false,"template":"","format":"standard","meta":{"footnotes":""},"categories":[3],"tags":[],"class_list":["post-1156","post","type-post","status-publish","format-standard","has-post-thumbnail","hentry","category-en-train"],"_links":{"self":[{"href":"https:\/\/usagers-transports.haut-allier.eu\/index.php\/wp-json\/wp\/v2\/posts\/1156","targetHints":{"allow":["GET"]}}],"collection":[{"href":"https:\/\/usagers-transports.haut-allier.eu\/index.php\/wp-json\/wp\/v2\/posts"}],"about":[{"href":"https:\/\/usagers-transports.haut-allier.eu\/index.php\/wp-json\/wp\/v2\/types\/post"}],"author":[{"embeddable":true,"href":"https:\/\/usagers-transports.haut-allier.eu\/index.php\/wp-json\/wp\/v2\/users\/1"}],"replies":[{"embeddable":true,"href":"https:\/\/usagers-transports.haut-allier.eu\/index.php\/wp-json\/wp\/v2\/comments?post=1156"}],"version-history":[{"count":0,"href":"https:\/\/usagers-transports.haut-allier.eu\/index.php\/wp-json\/wp\/v2\/posts\/1156\/revisions"}],"wp:featuredmedia":[{"embeddable":true,"href":"https:\/\/usagers-transports.haut-allier.eu\/index.php\/wp-json\/wp\/v2\/media\/5369"}],"wp:attachment":[{"href":"https:\/\/usagers-transports.haut-allier.eu\/index.php\/wp-json\/wp\/v2\/media?parent=1156"}],"wp:term":[{"taxonomy":"category","embeddable":true,"href":"https:\/\/usagers-transports.haut-allier.eu\/index.php\/wp-json\/wp\/v2\/categories?post=1156"},{"taxonomy":"post_tag","embeddable":true,"href":"https:\/\/usagers-transports.haut-allier.eu\/index.php\/wp-json\/wp\/v2\/tags?post=1156"}],"curies":[{"name":"wp","href":"https:\/\/api.w.org\/{rel}","templated":true}]}}