{"id":1157,"date":"2024-11-27T10:50:56","date_gmt":"2024-11-27T09:50:56","guid":{"rendered":"http:\/\/5.45.101.177\/haut-allier\/usagers-transportse\/index.php\/2024\/11\/27\/transports-publics-dans-le-massif1157\/"},"modified":"2024-11-27T10:50:56","modified_gmt":"2024-11-27T09:50:56","slug":"transports-publics-dans-le-massif1157","status":"publish","type":"post","link":"https:\/\/usagers-transports.haut-allier.eu\/index.php\/2024\/11\/27\/transports-publics-dans-le-massif1157\/","title":{"rendered":"Transports publics dans le Massif central : l&rsquo;abandon r\u00e9v\u00e9l\u00e9 des gouvernants"},"content":{"rendered":"<p>On le savait et on le vivait au quotidien, mais cela appara\u00eet tr\u00e8s nettement apr\u00e8s l&rsquo;<a href=\"https:\/\/www.quechoisir.org\/action-ufc-que-choisir-plus-de-10-millions-de-francais-sans-alternatives-a-la-voiture-l-ufc-que-choisir-revele-les-zones-blanches-de-l-acces-aux-transports-publics-n132694\/\"><em>enqu\u00eate de l&rsquo;UFC Que Choisir<\/em><\/a> sur les zones blanches de l&rsquo;acc\u00e8s aux transports, le massif central en entier d\u00e9tient le pompon sauf le Puy de D\u00f4me et l&rsquo;Allier. Le coeur et le sud du massif en quelque sorte. Il s&rsquo;agit bien de transports en commun, bus et trains compris. <\/p>\n<p><em>Le r\u00e9sum\u00e9 :<\/em><br \/>\n<img loading=\"lazy\" decoding=\"async\" class=\" aligncenter size-full wp-image-5372\" src=\"http:\/\/5.45.101.177\/haut-allier\/usagers-transportse\/wp-content\/uploads\/2024\/11\/massifcentral-10mn-a-pied.jpg\" alt=\"massifcentral-10mn-a-pied.jpg\" align=\"center\" width=\"1102\" height=\"1153\" srcset=\"https:\/\/usagers-transports.haut-allier.eu\/wp-content\/uploads\/2024\/11\/massifcentral-10mn-a-pied.jpg 1102w, https:\/\/usagers-transports.haut-allier.eu\/wp-content\/uploads\/2024\/11\/massifcentral-10mn-a-pied-287x300.jpg 287w, https:\/\/usagers-transports.haut-allier.eu\/wp-content\/uploads\/2024\/11\/massifcentral-10mn-a-pied-979x1024.jpg 979w, https:\/\/usagers-transports.haut-allier.eu\/wp-content\/uploads\/2024\/11\/massifcentral-10mn-a-pied-768x804.jpg 768w\" sizes=\"auto, (max-width: 1102px) 100vw, 1102px\" \/><\/p>\n<p><em>La carte plus pr\u00e9cise :<\/em><br \/>\n<img loading=\"lazy\" decoding=\"async\" class=\" aligncenter size-full wp-image-5373\" src=\"http:\/\/5.45.101.177\/haut-allier\/usagers-transportse\/wp-content\/uploads\/2024\/11\/massifcentral-brut-10mnapied.jpg.png\" alt=\"massifcentral-brut-10mnapied.jpg.png\" align=\"center\" width=\"428\" height=\"445\" srcset=\"https:\/\/usagers-transports.haut-allier.eu\/wp-content\/uploads\/2024\/11\/massifcentral-brut-10mnapied.jpg.png 428w, https:\/\/usagers-transports.haut-allier.eu\/wp-content\/uploads\/2024\/11\/massifcentral-brut-10mnapied.jpg-289x300.png 289w\" sizes=\"auto, (max-width: 428px) 100vw, 428px\" \/> <\/p>\n<p>Concernant les trains seuls c&rsquo;est carr\u00e9ment 85,3% de la population fran\u00e7aise qui n&rsquo;a pas acc\u00e8s \u00e0 une gare \u00e0 moins de 10 minutes \u00e0 pied. Mis \u00e0 part Paris et Lyon le pays entier est sous d\u00e9velopp\u00e9.<\/p>\n<p><img loading=\"lazy\" decoding=\"async\" class=\" aligncenter size-full wp-image-5374\" src=\"http:\/\/5.45.101.177\/haut-allier\/usagers-transportse\/wp-content\/uploads\/2024\/11\/massifcentral-10mnapied-gare.jpg.png\" alt=\"massifcentral-10mnapied-gare.jpg.png\" align=\"center\" width=\"468\" height=\"489\" srcset=\"https:\/\/usagers-transports.haut-allier.eu\/wp-content\/uploads\/2024\/11\/massifcentral-10mnapied-gare.jpg.png 468w, https:\/\/usagers-transports.haut-allier.eu\/wp-content\/uploads\/2024\/11\/massifcentral-10mnapied-gare.jpg-287x300.png 287w\" sizes=\"auto, (max-width: 468px) 100vw, 468px\" \/><\/p>\n<p>L&rsquo;\u00e9tude enti\u00e8re est en t\u00e9l\u00e9chargement ici :<\/p>\n<p><a href=\"http:\/\/5.45.101.177\/haut-allier\/usagers-transportse\/wp-content\/uploads\/2024\/11\/etudeaccestransportspublics.pdf\">etudeaccestransportspublics.pdf<\/a><\/p>\n<p>Que font les ministres successifs pour changer les choses, alors que les r\u00e9seaux ferr\u00e9s structurants existent et ont \u00e9t\u00e9 ferm\u00e9s r\u00e9cemment ou plus anciennement ? Que font l&rsquo;Etat et son Comit\u00e9 de massif dont on dit qu&rsquo;une des missions est l&rsquo;am\u00e9nagement des territoires ? Que font les r\u00e9gions ?<\/p>\n<p>Les \u00e9lus locaux, les habitants, ont bien raison de s&rsquo;alarmer en permanence sur le peu de transports publics qu&rsquo;il leur reste. C&rsquo;est de l&rsquo;abandon pur et simple de territoires entiers. Le grand massif central est particuli\u00e8rement touch\u00e9 et ce n&rsquo;est pas du \u00e0 sa g\u00e9ographie : tout le massif alpin fran\u00e7ais est beaucoup mieux trait\u00e9, voir les cartes. <\/p>\n<p>Nous demandons quant \u00e0 nous, au collectif, \u00e0 <a href=\"https:\/\/aurail.eu\"><em>Aurail<\/em><\/a>, au <a href=\"https:\/\/reseauentrain.eu\"><em>R\u00e9seau europ\u00e9en #enTrain<\/em><\/a>, \u00e0 <a href=\"https:\/\/destinationtrainsdenuit.eu\"><em>Destination Trains de nuit<\/em><\/a>, la r\u00e9ouverture des axes ferroviaires ferm\u00e9s, la modernisation du r\u00e9seau, le retour des trains de nuit, un service de trains digne, cadenc\u00e9 et avec une plage horaire adapt\u00e9e \u00e0 la vie de tous.<\/p>\n<p><strong>Et donc quel seront les r\u00e9actions du ministre des transports, des r\u00e9gions Nouvelle Aquitaine, Occitanie, et Auvergne Rh\u00f4ne Alpes \u00e0 cette \u00e9tude ? Que planifiront ils pour inverser la vapeur ? Hausseront-ils une nouvelle fois les \u00e9paules en disant que les habitants du Massif central n&rsquo;ont qu&rsquo;\u00e0 se rapprocher des m\u00e9tropoles ?<\/strong><\/p>\n","protected":false},"excerpt":{"rendered":"<p>On le savait et on le vivait au quotidien, mais cela appara\u00eet tr\u00e8s nettement apr\u00e8s l&rsquo;enqu\u00eate de l&rsquo;UFC<\/p>\n","protected":false},"author":1,"featured_media":5371,"comment_status":"closed","ping_status":"open","sticky":false,"template":"","format":"standard","meta":{"footnotes":""},"categories":[8],"tags":[],"class_list":["post-1157","post","type-post","status-publish","format-standard","has-post-thumbnail","hentry","category-communiques"],"_links":{"self":[{"href":"https:\/\/usagers-transports.haut-allier.eu\/index.php\/wp-json\/wp\/v2\/posts\/1157","targetHints":{"allow":["GET"]}}],"collection":[{"href":"https:\/\/usagers-transports.haut-allier.eu\/index.php\/wp-json\/wp\/v2\/posts"}],"about":[{"href":"https:\/\/usagers-transports.haut-allier.eu\/index.php\/wp-json\/wp\/v2\/types\/post"}],"author":[{"embeddable":true,"href":"https:\/\/usagers-transports.haut-allier.eu\/index.php\/wp-json\/wp\/v2\/users\/1"}],"replies":[{"embeddable":true,"href":"https:\/\/usagers-transports.haut-allier.eu\/index.php\/wp-json\/wp\/v2\/comments?post=1157"}],"version-history":[{"count":0,"href":"https:\/\/usagers-transports.haut-allier.eu\/index.php\/wp-json\/wp\/v2\/posts\/1157\/revisions"}],"wp:featuredmedia":[{"embeddable":true,"href":"https:\/\/usagers-transports.haut-allier.eu\/index.php\/wp-json\/wp\/v2\/media\/5371"}],"wp:attachment":[{"href":"https:\/\/usagers-transports.haut-allier.eu\/index.php\/wp-json\/wp\/v2\/media?parent=1157"}],"wp:term":[{"taxonomy":"category","embeddable":true,"href":"https:\/\/usagers-transports.haut-allier.eu\/index.php\/wp-json\/wp\/v2\/categories?post=1157"},{"taxonomy":"post_tag","embeddable":true,"href":"https:\/\/usagers-transports.haut-allier.eu\/index.php\/wp-json\/wp\/v2\/tags?post=1157"}],"curies":[{"name":"wp","href":"https:\/\/api.w.org\/{rel}","templated":true}]}}