{"id":1158,"date":"2024-11-29T12:41:43","date_gmt":"2024-11-29T11:41:43","guid":{"rendered":"http:\/\/5.45.101.177\/haut-allier\/usagers-transportse\/index.php\/2024\/11\/29\/ligne-des-cevennes-le-plan-de-la1158\/"},"modified":"2024-11-29T12:41:43","modified_gmt":"2024-11-29T11:41:43","slug":"ligne-des-cevennes-le-plan-de-la1158","status":"publish","type":"post","link":"https:\/\/usagers-transports.haut-allier.eu\/index.php\/2024\/11\/29\/ligne-des-cevennes-le-plan-de-la1158\/","title":{"rendered":"Ligne des C\u00e9vennes : le plan de la gare d&rsquo;Alleyras (haut Allier) en 1898"},"content":{"rendered":"<p>Elle est mise en service le 16 mai 1870 par la Compagnie des chemins de fer de Paris \u00e0 Lyon et \u00e0 la M\u00e9diterran\u00e9e (PLM) d\u00e8s l&rsquo;inauguration de la ligne de Saint-Germain-des-Foss\u00e9s \u00e0 N\u00eemes-Courbessac dite du \u00ab\u00a0train C\u00e9venol\u00a0\u00bb. Voici le plan d\u00e9taill\u00e9 des installations ferroviaires de la gare d&rsquo;Alleyras en Haute Loire et dans les gorges du haut Allier, en 1898. Pour ceux qui aiment la cartographie. <\/p>\n<p>Un document exceptionnel aimablement retrouv\u00e9 dans ses archives par Jean-Marie Vedrenne, pr\u00e9sident de l&rsquo;association <a href=\"https:\/\/vivele.traincevenol.eu\"><em>Vive le train C\u00e9venol !<\/em><\/a>. <\/p>\n<p>A titre de comparaison sera affich\u00e9e ensuite une photo satellite IGN r\u00e9cente. La gare d&rsquo;Alleyras en 1930, avec ses deux quais, que nous avons coloris\u00e9e, viendra ensuite. Bonne exploration.<\/p>\n<p><img loading=\"lazy\" decoding=\"async\" class=\" aligncenter size-full wp-image-5377\" src=\"http:\/\/5.45.101.177\/haut-allier\/usagers-transportse\/wp-content\/uploads\/2024\/11\/lgdae1898-scaled.jpg\" alt=\"lgdae1898.jpg\" align=\"center\" width=\"2560\" height=\"1696\" srcset=\"https:\/\/usagers-transports.haut-allier.eu\/wp-content\/uploads\/2024\/11\/lgdae1898-scaled.jpg 2560w, https:\/\/usagers-transports.haut-allier.eu\/wp-content\/uploads\/2024\/11\/lgdae1898-300x199.jpg 300w, https:\/\/usagers-transports.haut-allier.eu\/wp-content\/uploads\/2024\/11\/lgdae1898-1024x678.jpg 1024w, https:\/\/usagers-transports.haut-allier.eu\/wp-content\/uploads\/2024\/11\/lgdae1898-768x509.jpg 768w, https:\/\/usagers-transports.haut-allier.eu\/wp-content\/uploads\/2024\/11\/lgdae1898-1536x1018.jpg 1536w, https:\/\/usagers-transports.haut-allier.eu\/wp-content\/uploads\/2024\/11\/lgdae1898-2048x1357.jpg 2048w\" sizes=\"auto, (max-width: 2560px) 100vw, 2560px\" \/><\/p>\n<p><img loading=\"lazy\" decoding=\"async\" class=\" aligncenter size-full wp-image-5378\" src=\"http:\/\/5.45.101.177\/haut-allier\/usagers-transportse\/wp-content\/uploads\/2024\/11\/capture_d_ecran_2024-11-29_12-16-51.jpg\" alt=\"capture_d_ecran_2024-11-29_12-16-51.jpg\" align=\"center\" width=\"768\" height=\"1014\" srcset=\"https:\/\/usagers-transports.haut-allier.eu\/wp-content\/uploads\/2024\/11\/capture_d_ecran_2024-11-29_12-16-51.jpg 768w, https:\/\/usagers-transports.haut-allier.eu\/wp-content\/uploads\/2024\/11\/capture_d_ecran_2024-11-29_12-16-51-227x300.jpg 227w\" sizes=\"auto, (max-width: 768px) 100vw, 768px\" \/><\/p>\n<p><img loading=\"lazy\" decoding=\"async\" class=\" aligncenter size-full wp-image-5379\" src=\"http:\/\/5.45.101.177\/haut-allier\/usagers-transportse\/wp-content\/uploads\/2024\/11\/garealleyras1930rc.jpg\" alt=\"garealleyras1930rc.jpg\" align=\"center\" width=\"933\" height=\"528\" srcset=\"https:\/\/usagers-transports.haut-allier.eu\/wp-content\/uploads\/2024\/11\/garealleyras1930rc.jpg 933w, https:\/\/usagers-transports.haut-allier.eu\/wp-content\/uploads\/2024\/11\/garealleyras1930rc-300x170.jpg 300w, https:\/\/usagers-transports.haut-allier.eu\/wp-content\/uploads\/2024\/11\/garealleyras1930rc-768x435.jpg 768w\" sizes=\"auto, (max-width: 933px) 100vw, 933px\" \/><\/p>\n","protected":false},"excerpt":{"rendered":"<p>Elle est mise en service le 16 mai 1870 par la Compagnie des chemins de fer de Paris<\/p>\n","protected":false},"author":1,"featured_media":5376,"comment_status":"closed","ping_status":"open","sticky":false,"template":"","format":"standard","meta":{"footnotes":""},"categories":[3],"tags":[],"class_list":["post-1158","post","type-post","status-publish","format-standard","has-post-thumbnail","hentry","category-en-train"],"_links":{"self":[{"href":"https:\/\/usagers-transports.haut-allier.eu\/index.php\/wp-json\/wp\/v2\/posts\/1158","targetHints":{"allow":["GET"]}}],"collection":[{"href":"https:\/\/usagers-transports.haut-allier.eu\/index.php\/wp-json\/wp\/v2\/posts"}],"about":[{"href":"https:\/\/usagers-transports.haut-allier.eu\/index.php\/wp-json\/wp\/v2\/types\/post"}],"author":[{"embeddable":true,"href":"https:\/\/usagers-transports.haut-allier.eu\/index.php\/wp-json\/wp\/v2\/users\/1"}],"replies":[{"embeddable":true,"href":"https:\/\/usagers-transports.haut-allier.eu\/index.php\/wp-json\/wp\/v2\/comments?post=1158"}],"version-history":[{"count":0,"href":"https:\/\/usagers-transports.haut-allier.eu\/index.php\/wp-json\/wp\/v2\/posts\/1158\/revisions"}],"wp:featuredmedia":[{"embeddable":true,"href":"https:\/\/usagers-transports.haut-allier.eu\/index.php\/wp-json\/wp\/v2\/media\/5376"}],"wp:attachment":[{"href":"https:\/\/usagers-transports.haut-allier.eu\/index.php\/wp-json\/wp\/v2\/media?parent=1158"}],"wp:term":[{"taxonomy":"category","embeddable":true,"href":"https:\/\/usagers-transports.haut-allier.eu\/index.php\/wp-json\/wp\/v2\/categories?post=1158"},{"taxonomy":"post_tag","embeddable":true,"href":"https:\/\/usagers-transports.haut-allier.eu\/index.php\/wp-json\/wp\/v2\/tags?post=1158"}],"curies":[{"name":"wp","href":"https:\/\/api.w.org\/{rel}","templated":true}]}}