{"id":1159,"date":"2024-11-30T18:19:32","date_gmt":"2024-11-30T17:19:32","guid":{"rendered":"http:\/\/5.45.101.177\/haut-allier\/usagers-transportse\/index.php\/2024\/11\/30\/l-association-des-elus-pour-la1159\/"},"modified":"2024-11-30T18:19:32","modified_gmt":"2024-11-30T17:19:32","slug":"l-association-des-elus-pour-la1159","status":"publish","type":"post","link":"https:\/\/usagers-transports.haut-allier.eu\/index.php\/2024\/11\/30\/l-association-des-elus-pour-la1159\/","title":{"rendered":"Association des \u00e9lus pour la d\u00e9fense du C\u00e9venol : un nouveau d\u00e9part"},"content":{"rendered":"<p>Autour du maire de Langogne Marc Oziol qui se pr\u00e9sentait \u00e0 la pr\u00e9sidence de l&rsquo;association. L&rsquo;organisation, apolitique, veut regouper les \u00e9lus de toute la ligne, du Gard au Puy de D\u00f4me. Son AG avait lieu \u00e0 la mairie de Langogne ce 30 novembre 2024. Les nombreux pr\u00e9sents assur\u00e8rent le nouveau pr\u00e9sident de leur soutien. <\/p>\n<p><img loading=\"lazy\" decoding=\"async\" class=\" aligncenter size-full wp-image-5381\" src=\"http:\/\/5.45.101.177\/haut-allier\/usagers-transportse\/wp-content\/uploads\/2024\/11\/2000-img_20241130_111339_755.jpg\" alt=\"2000-img_20241130_111339_755.jpg\" align=\"center\" width=\"2000\" height=\"1125\" srcset=\"https:\/\/usagers-transports.haut-allier.eu\/wp-content\/uploads\/2024\/11\/2000-img_20241130_111339_755.jpg 2000w, https:\/\/usagers-transports.haut-allier.eu\/wp-content\/uploads\/2024\/11\/2000-img_20241130_111339_755-300x169.jpg 300w, https:\/\/usagers-transports.haut-allier.eu\/wp-content\/uploads\/2024\/11\/2000-img_20241130_111339_755-1024x576.jpg 1024w, https:\/\/usagers-transports.haut-allier.eu\/wp-content\/uploads\/2024\/11\/2000-img_20241130_111339_755-768x432.jpg 768w, https:\/\/usagers-transports.haut-allier.eu\/wp-content\/uploads\/2024\/11\/2000-img_20241130_111339_755-1536x864.jpg 1536w\" sizes=\"auto, (max-width: 2000px) 100vw, 2000px\" \/><\/p>\n<p>Le collectif des Usagers des transports du haut Allier ainsi que le collectif AuRAil lui souhaitent plein succ\u00e8s et ils appuieront les actions de la nouvelle \u00e9quipe dans un esprit de compl\u00e9mentarit\u00e9 pour la d\u00e9fense. La ligne des C\u00e9vennes comme beaucoup d&rsquo;autres cumule les probl\u00e8mes et c&rsquo;est tous ensemble que nous ferons entendre notre voix.<\/p>\n<p><em>De gauche \u00e0 droite, Marc Oziol, Audrey Malaval, Jean Delescure<\/em><br \/>\n<img loading=\"lazy\" decoding=\"async\" class=\" aligncenter size-full wp-image-5382\" src=\"http:\/\/5.45.101.177\/haut-allier\/usagers-transportse\/wp-content\/uploads\/2024\/11\/2000-img_20241130_111448_999.jpg\" alt=\"2000-img_20241130_111448_999.jpg\" align=\"center\" width=\"2000\" height=\"1125\" srcset=\"https:\/\/usagers-transports.haut-allier.eu\/wp-content\/uploads\/2024\/11\/2000-img_20241130_111448_999.jpg 2000w, https:\/\/usagers-transports.haut-allier.eu\/wp-content\/uploads\/2024\/11\/2000-img_20241130_111448_999-300x169.jpg 300w, https:\/\/usagers-transports.haut-allier.eu\/wp-content\/uploads\/2024\/11\/2000-img_20241130_111448_999-1024x576.jpg 1024w, https:\/\/usagers-transports.haut-allier.eu\/wp-content\/uploads\/2024\/11\/2000-img_20241130_111448_999-768x432.jpg 768w, https:\/\/usagers-transports.haut-allier.eu\/wp-content\/uploads\/2024\/11\/2000-img_20241130_111448_999-1536x864.jpg 1536w\" sizes=\"auto, (max-width: 2000px) 100vw, 2000px\" \/><\/p>\n<p>Jean-Luc Gibelin, Vice-pr\u00e9sident charg\u00e9 des mobilit\u00e9s \u00e0 la r\u00e9gion Occitnaie nous adressait son message pour cl\u00f4turer la s\u00e9ance.<\/p>\n<p><img loading=\"lazy\" decoding=\"async\" class=\" aligncenter size-full wp-image-5383\" src=\"http:\/\/5.45.101.177\/haut-allier\/usagers-transportse\/wp-content\/uploads\/2024\/11\/2000-img_20241130_122858_490.jpg\" alt=\"2000-img_20241130_122858_490.jpg\" align=\"center\" width=\"2000\" height=\"1125\" srcset=\"https:\/\/usagers-transports.haut-allier.eu\/wp-content\/uploads\/2024\/11\/2000-img_20241130_122858_490.jpg 2000w, https:\/\/usagers-transports.haut-allier.eu\/wp-content\/uploads\/2024\/11\/2000-img_20241130_122858_490-300x169.jpg 300w, https:\/\/usagers-transports.haut-allier.eu\/wp-content\/uploads\/2024\/11\/2000-img_20241130_122858_490-1024x576.jpg 1024w, https:\/\/usagers-transports.haut-allier.eu\/wp-content\/uploads\/2024\/11\/2000-img_20241130_122858_490-768x432.jpg 768w, https:\/\/usagers-transports.haut-allier.eu\/wp-content\/uploads\/2024\/11\/2000-img_20241130_122858_490-1536x864.jpg 1536w\" sizes=\"auto, (max-width: 2000px) 100vw, 2000px\" \/><\/p>\n<p>Voici l&rsquo;audio int\u00e9grale de l&rsquo;AG :<\/p>\n<p><a href=\"http:\/\/5.45.101.177\/haut-allier\/usagers-transportse\/wp-content\/uploads\/2024\/11\/30nov2024-langogne-ag-elus.webm\">30nov2024-langogne-ag-elus.webm<\/a><\/p>\n<p>Le site de l&rsquo;association :<br \/>\n<a href=\"http:\/\/www.defense-promotion-cevenol.fr\/\">www.defense-promotion-cevenol.fr<\/a><\/p>\n","protected":false},"excerpt":{"rendered":"<p>Autour du maire de Langogne Marc Oziol qui se pr\u00e9sentait \u00e0 la pr\u00e9sidence de l&rsquo;association. L&rsquo;organisation, apolitique, veut<\/p>\n","protected":false},"author":1,"featured_media":5380,"comment_status":"open","ping_status":"open","sticky":false,"template":"","format":"standard","meta":{"footnotes":""},"categories":[5],"tags":[],"class_list":["post-1159","post","type-post","status-publish","format-standard","has-post-thumbnail","hentry","category-ensemble"],"_links":{"self":[{"href":"https:\/\/usagers-transports.haut-allier.eu\/index.php\/wp-json\/wp\/v2\/posts\/1159","targetHints":{"allow":["GET"]}}],"collection":[{"href":"https:\/\/usagers-transports.haut-allier.eu\/index.php\/wp-json\/wp\/v2\/posts"}],"about":[{"href":"https:\/\/usagers-transports.haut-allier.eu\/index.php\/wp-json\/wp\/v2\/types\/post"}],"author":[{"embeddable":true,"href":"https:\/\/usagers-transports.haut-allier.eu\/index.php\/wp-json\/wp\/v2\/users\/1"}],"replies":[{"embeddable":true,"href":"https:\/\/usagers-transports.haut-allier.eu\/index.php\/wp-json\/wp\/v2\/comments?post=1159"}],"version-history":[{"count":0,"href":"https:\/\/usagers-transports.haut-allier.eu\/index.php\/wp-json\/wp\/v2\/posts\/1159\/revisions"}],"wp:featuredmedia":[{"embeddable":true,"href":"https:\/\/usagers-transports.haut-allier.eu\/index.php\/wp-json\/wp\/v2\/media\/5380"}],"wp:attachment":[{"href":"https:\/\/usagers-transports.haut-allier.eu\/index.php\/wp-json\/wp\/v2\/media?parent=1159"}],"wp:term":[{"taxonomy":"category","embeddable":true,"href":"https:\/\/usagers-transports.haut-allier.eu\/index.php\/wp-json\/wp\/v2\/categories?post=1159"},{"taxonomy":"post_tag","embeddable":true,"href":"https:\/\/usagers-transports.haut-allier.eu\/index.php\/wp-json\/wp\/v2\/tags?post=1159"}],"curies":[{"name":"wp","href":"https:\/\/api.w.org\/{rel}","templated":true}]}}