{"id":116,"date":"2014-02-10T10:06:00","date_gmt":"2014-02-10T09:06:00","guid":{"rendered":"http:\/\/5.45.101.177\/haut-allier\/usagers-transportse\/index.php\/2014\/02\/10\/gare-halte-d-alleyras-la-sncf116\/"},"modified":"2014-02-10T10:06:00","modified_gmt":"2014-02-10T09:06:00","slug":"gare-halte-d-alleyras-la-sncf116","status":"publish","type":"post","link":"https:\/\/usagers-transports.haut-allier.eu\/index.php\/2014\/02\/10\/gare-halte-d-alleyras-la-sncf116\/","title":{"rendered":"Gare halte d&rsquo;Alleyras : la SNCF envoie ses lumi\u00e8res [Mis \u00e0 jour]"},"content":{"rendered":"<p><strong>[mise \u00e0 jour du 10 f\u00e9vrier]<\/strong><br \/>\n&nbsp;<br \/>\nNous venons de recevoir la r\u00e9ponse du directeur SNCF Auvergne suite \u00e0 nos r\u00e9clamations. On peut y apprendre que la gare halte appel\u00e9e \u00ab\u00a0aubette\u00a0\u00bb sera rafraichie cet \u00e9t\u00e9 (travaux de peinture certainement). Egalement que les abords v\u00e9g\u00e9taux sont entretenus par un organisme, trois fois par an. Dont acte, bien que sur ce dernier point il semble que personne ne soit pass\u00e9 cette ann\u00e9e.<br \/>\n&nbsp;<br \/>\nPar contre rien de pr\u00e9vu sur l&rsquo;am\u00e9nagement de l&rsquo;acc\u00e8s pour les handicap\u00e9s, rien de pr\u00e9vu sur l&rsquo;information en temps r\u00e9el.<br \/>\n&nbsp;<br \/>\n<img loading=\"lazy\" decoding=\"async\" class=\" aligncenter size-full wp-image-1592\" src=\"http:\/\/5.45.101.177\/haut-allier\/usagers-transportse\/wp-content\/uploads\/2014\/02\/lettre-sncf-auvergne-usagers-transports-haut-allier-janv-2014.jpg\" alt=\"lettre-sncf-auvergne-usagers-transports-haut-allier-janv-2014.jpg\" align=\"center\" width=\"800\" height=\"1252\" srcset=\"https:\/\/usagers-transports.haut-allier.eu\/wp-content\/uploads\/2014\/02\/lettre-sncf-auvergne-usagers-transports-haut-allier-janv-2014.jpg 800w, https:\/\/usagers-transports.haut-allier.eu\/wp-content\/uploads\/2014\/02\/lettre-sncf-auvergne-usagers-transports-haut-allier-janv-2014-192x300.jpg 192w, https:\/\/usagers-transports.haut-allier.eu\/wp-content\/uploads\/2014\/02\/lettre-sncf-auvergne-usagers-transports-haut-allier-janv-2014-654x1024.jpg 654w, https:\/\/usagers-transports.haut-allier.eu\/wp-content\/uploads\/2014\/02\/lettre-sncf-auvergne-usagers-transports-haut-allier-janv-2014-768x1202.jpg 768w\" sizes=\"auto, (max-width: 800px) 100vw, 800px\" \/><br \/>\n&nbsp;<br \/>\n<strong>Nous insistons vraiment afin qu&rsquo;un effort r\u00e9el soit fait au niveau de l&rsquo;accessibilit\u00e9 et d&rsquo;une bonne information. Egalement le changement ou un coup de peinture sur les lampadaires rouill\u00e9s serait du meilleur effet. <\/strong><\/p>\n<p>&nbsp;<br \/>\n<strong>[article du 4 f\u00e9vrier]<\/strong><br \/>\n&nbsp;<br \/>\n2 semaines apr\u00e8s notre bruyant <a href=\"http:\/\/usagers-transports.haut-allier.eu\/spip.php?article106\">article<\/a> sur l&rsquo;\u00e9tat d&rsquo;abandon des haltes de la ligne des C\u00e9vennes et de la gare d&rsquo;Alleyras en particulier, la SNCF a enfin d\u00e9cid\u00e9 d&rsquo;investir dans l&rsquo;\u00e9clairage pour un peu plus de confort lors du passage des derniers trains quotidiens.<br \/>\n&nbsp;<br \/>\n24 heures apr\u00e8s notre appel les quais \u00e9taient de nouveau \u00e9clair\u00e9s par les vieux lampadaires certainement agr\u00e9\u00e9s mais toujours rouill\u00e9s et inesth\u00e9tiques.<br \/>\n&nbsp;<br \/>\n<img loading=\"lazy\" decoding=\"async\" class=\" aligncenter size-full wp-image-1593\" src=\"http:\/\/5.45.101.177\/haut-allier\/usagers-transportse\/wp-content\/uploads\/2014\/02\/DSCF0037.jpg\" alt=\"DSCF0037.jpg\" align=\"center\" width=\"800\" height=\"559\" srcset=\"https:\/\/usagers-transports.haut-allier.eu\/wp-content\/uploads\/2014\/02\/DSCF0037.jpg 800w, https:\/\/usagers-transports.haut-allier.eu\/wp-content\/uploads\/2014\/02\/DSCF0037-300x210.jpg 300w, https:\/\/usagers-transports.haut-allier.eu\/wp-content\/uploads\/2014\/02\/DSCF0037-768x537.jpg 768w\" sizes=\"auto, (max-width: 800px) 100vw, 800px\" \/><br \/>\n&nbsp;<br \/>\nNous prenons note de la bonne r\u00e9activit\u00e9 des services mais nous d\u00e9plorons par contre leur allumage toute la nuit alors qu&rsquo;aucun train ne passe. Et surtout <strong>nous attendons la pose d&rsquo;un panneau informatif en temps r\u00e9el, l&rsquo;am\u00e9lioration de l&rsquo;acc\u00e8s aux quais pour les handicap\u00e9s<\/strong> et le rafra\u00eechissement et la d\u00e9coration du b\u00e2timent. Les feuilles A4 d&rsquo;information sont encore difficilement lisibles.<br \/>\n&nbsp;<br \/>\n<img loading=\"lazy\" decoding=\"async\" class=\" aligncenter size-full wp-image-1594\" src=\"http:\/\/5.45.101.177\/haut-allier\/usagers-transportse\/wp-content\/uploads\/2014\/02\/DSCF0038.jpg\" alt=\"DSCF0038.jpg\" align=\"center\" width=\"800\" height=\"532\" srcset=\"https:\/\/usagers-transports.haut-allier.eu\/wp-content\/uploads\/2014\/02\/DSCF0038.jpg 800w, https:\/\/usagers-transports.haut-allier.eu\/wp-content\/uploads\/2014\/02\/DSCF0038-300x200.jpg 300w, https:\/\/usagers-transports.haut-allier.eu\/wp-content\/uploads\/2014\/02\/DSCF0038-768x511.jpg 768w\" sizes=\"auto, (max-width: 800px) 100vw, 800px\" \/><br \/>\n&nbsp;<br \/>\n<em>Photos de notre envoy\u00e9 sp\u00e9cial St\u00e9phan Ballestra.<\/em><br \/>\n&nbsp;<br \/>\n<strong>Dans les m\u00e9dias :<\/strong><br \/>\n&nbsp;<br \/>\n<em>&#8211; La Montagne du 9 f\u00e9vrier :<\/em><br \/>\n&nbsp;<br \/>\n<img loading=\"lazy\" decoding=\"async\" class=\" aligncenter size-full wp-image-1595\" src=\"http:\/\/5.45.101.177\/haut-allier\/usagers-transportse\/wp-content\/uploads\/2014\/02\/art-20140209_et-la-lumiere-fut_la-montagne.jpg\" alt=\"art-20140209_et-la-lumiere-fut_la-montagne.jpg\" align=\"center\" width=\"352\" height=\"756\" srcset=\"https:\/\/usagers-transports.haut-allier.eu\/wp-content\/uploads\/2014\/02\/art-20140209_et-la-lumiere-fut_la-montagne.jpg 352w, https:\/\/usagers-transports.haut-allier.eu\/wp-content\/uploads\/2014\/02\/art-20140209_et-la-lumiere-fut_la-montagne-140x300.jpg 140w\" sizes=\"auto, (max-width: 352px) 100vw, 352px\" \/><br \/>\n&nbsp;<br \/>\n<em>Scan d&rsquo;Emmanuel A. Merci !<\/em><\/p>\n","protected":false},"excerpt":{"rendered":"<p>[mise \u00e0 jour du 10 f\u00e9vrier] &nbsp; Nous venons de recevoir la r\u00e9ponse du directeur SNCF Auvergne suite<\/p>\n","protected":false},"author":1,"featured_media":1591,"comment_status":"closed","ping_status":"open","sticky":false,"template":"","format":"standard","meta":{"footnotes":""},"categories":[2],"tags":[],"class_list":["post-116","post","type-post","status-publish","format-standard","has-post-thumbnail","hentry","category-infos"],"_links":{"self":[{"href":"https:\/\/usagers-transports.haut-allier.eu\/index.php\/wp-json\/wp\/v2\/posts\/116","targetHints":{"allow":["GET"]}}],"collection":[{"href":"https:\/\/usagers-transports.haut-allier.eu\/index.php\/wp-json\/wp\/v2\/posts"}],"about":[{"href":"https:\/\/usagers-transports.haut-allier.eu\/index.php\/wp-json\/wp\/v2\/types\/post"}],"author":[{"embeddable":true,"href":"https:\/\/usagers-transports.haut-allier.eu\/index.php\/wp-json\/wp\/v2\/users\/1"}],"replies":[{"embeddable":true,"href":"https:\/\/usagers-transports.haut-allier.eu\/index.php\/wp-json\/wp\/v2\/comments?post=116"}],"version-history":[{"count":0,"href":"https:\/\/usagers-transports.haut-allier.eu\/index.php\/wp-json\/wp\/v2\/posts\/116\/revisions"}],"wp:featuredmedia":[{"embeddable":true,"href":"https:\/\/usagers-transports.haut-allier.eu\/index.php\/wp-json\/wp\/v2\/media\/1591"}],"wp:attachment":[{"href":"https:\/\/usagers-transports.haut-allier.eu\/index.php\/wp-json\/wp\/v2\/media?parent=116"}],"wp:term":[{"taxonomy":"category","embeddable":true,"href":"https:\/\/usagers-transports.haut-allier.eu\/index.php\/wp-json\/wp\/v2\/categories?post=116"},{"taxonomy":"post_tag","embeddable":true,"href":"https:\/\/usagers-transports.haut-allier.eu\/index.php\/wp-json\/wp\/v2\/tags?post=116"}],"curies":[{"name":"wp","href":"https:\/\/api.w.org\/{rel}","templated":true}]}}