{"id":1161,"date":"2024-12-04T07:09:14","date_gmt":"2024-12-04T06:09:14","guid":{"rendered":"http:\/\/5.45.101.177\/haut-allier\/usagers-transportse\/index.php\/2024\/12\/04\/ligne-des-cevennes-et1161\/"},"modified":"2024-12-04T07:09:14","modified_gmt":"2024-12-04T06:09:14","slug":"ligne-des-cevennes-et1161","status":"publish","type":"post","link":"https:\/\/usagers-transports.haut-allier.eu\/index.php\/2024\/12\/04\/ligne-des-cevennes-et1161\/","title":{"rendered":"Ligne des C\u00e9vennes et Transloz\u00e9rienne : les nouveaux horaires apr\u00e8s le 15\/12 [MAJ]"},"content":{"rendered":"<p>Voici les nouvelles fiches horaires \u00e0 partir du 15 d\u00e9cembre 2024 et jusqu&rsquo;au 4 avril. Elles sont th\u00e9oriques puisque la ligne des C\u00e9vennes est coup\u00e9e et qu&rsquo;aucune date de r\u00e9ouverture n&rsquo;est avanc\u00e9e !<\/p>\n<p><img loading=\"lazy\" decoding=\"async\" class=\" aligncenter size-full wp-image-5385\" src=\"http:\/\/5.45.101.177\/haut-allier\/usagers-transportse\/wp-content\/uploads\/2024\/12\/web_fh27_na_mes_-_ala_s_-_clermont_semaine_we_4_pages-04.jpg\" alt=\"web_fh27_na_mes_-_ala_s_-_clermont_semaine_we_4_pages-04.jpg\" align=\"center\" width=\"1413\" height=\"1999\" srcset=\"https:\/\/usagers-transports.haut-allier.eu\/wp-content\/uploads\/2024\/12\/web_fh27_na_mes_-_ala_s_-_clermont_semaine_we_4_pages-04.jpg 1413w, https:\/\/usagers-transports.haut-allier.eu\/wp-content\/uploads\/2024\/12\/web_fh27_na_mes_-_ala_s_-_clermont_semaine_we_4_pages-04-212x300.jpg 212w, https:\/\/usagers-transports.haut-allier.eu\/wp-content\/uploads\/2024\/12\/web_fh27_na_mes_-_ala_s_-_clermont_semaine_we_4_pages-04-724x1024.jpg 724w, https:\/\/usagers-transports.haut-allier.eu\/wp-content\/uploads\/2024\/12\/web_fh27_na_mes_-_ala_s_-_clermont_semaine_we_4_pages-04-768x1087.jpg 768w, https:\/\/usagers-transports.haut-allier.eu\/wp-content\/uploads\/2024\/12\/web_fh27_na_mes_-_ala_s_-_clermont_semaine_we_4_pages-04-1086x1536.jpg 1086w\" sizes=\"auto, (max-width: 1413px) 100vw, 1413px\" \/><br \/>\n<img loading=\"lazy\" decoding=\"async\" class=\" aligncenter size-full wp-image-5386\" src=\"http:\/\/5.45.101.177\/haut-allier\/usagers-transportse\/wp-content\/uploads\/2024\/12\/web_fh27_na_mes_-_ala_s_-_clermont_semaine_we_4_pages-03.jpg\" alt=\"web_fh27_na_mes_-_ala_s_-_clermont_semaine_we_4_pages-03.jpg\" align=\"center\" width=\"1413\" height=\"1999\" srcset=\"https:\/\/usagers-transports.haut-allier.eu\/wp-content\/uploads\/2024\/12\/web_fh27_na_mes_-_ala_s_-_clermont_semaine_we_4_pages-03.jpg 1413w, https:\/\/usagers-transports.haut-allier.eu\/wp-content\/uploads\/2024\/12\/web_fh27_na_mes_-_ala_s_-_clermont_semaine_we_4_pages-03-212x300.jpg 212w, https:\/\/usagers-transports.haut-allier.eu\/wp-content\/uploads\/2024\/12\/web_fh27_na_mes_-_ala_s_-_clermont_semaine_we_4_pages-03-724x1024.jpg 724w, https:\/\/usagers-transports.haut-allier.eu\/wp-content\/uploads\/2024\/12\/web_fh27_na_mes_-_ala_s_-_clermont_semaine_we_4_pages-03-768x1087.jpg 768w, https:\/\/usagers-transports.haut-allier.eu\/wp-content\/uploads\/2024\/12\/web_fh27_na_mes_-_ala_s_-_clermont_semaine_we_4_pages-03-1086x1536.jpg 1086w\" sizes=\"auto, (max-width: 1413px) 100vw, 1413px\" \/><br \/>\n<img loading=\"lazy\" decoding=\"async\" class=\" aligncenter size-full wp-image-5387\" src=\"http:\/\/5.45.101.177\/haut-allier\/usagers-transportse\/wp-content\/uploads\/2024\/12\/web_fh27_na_mes_-_ala_s_-_clermont_semaine_we_4_pages-02.jpg\" alt=\"web_fh27_na_mes_-_ala_s_-_clermont_semaine_we_4_pages-02.jpg\" align=\"center\" width=\"1413\" height=\"1999\" srcset=\"https:\/\/usagers-transports.haut-allier.eu\/wp-content\/uploads\/2024\/12\/web_fh27_na_mes_-_ala_s_-_clermont_semaine_we_4_pages-02.jpg 1413w, https:\/\/usagers-transports.haut-allier.eu\/wp-content\/uploads\/2024\/12\/web_fh27_na_mes_-_ala_s_-_clermont_semaine_we_4_pages-02-212x300.jpg 212w, https:\/\/usagers-transports.haut-allier.eu\/wp-content\/uploads\/2024\/12\/web_fh27_na_mes_-_ala_s_-_clermont_semaine_we_4_pages-02-724x1024.jpg 724w, https:\/\/usagers-transports.haut-allier.eu\/wp-content\/uploads\/2024\/12\/web_fh27_na_mes_-_ala_s_-_clermont_semaine_we_4_pages-02-768x1087.jpg 768w, https:\/\/usagers-transports.haut-allier.eu\/wp-content\/uploads\/2024\/12\/web_fh27_na_mes_-_ala_s_-_clermont_semaine_we_4_pages-02-1086x1536.jpg 1086w\" sizes=\"auto, (max-width: 1413px) 100vw, 1413px\" \/><br \/>\n<img loading=\"lazy\" decoding=\"async\" class=\" aligncenter size-full wp-image-5388\" src=\"http:\/\/5.45.101.177\/haut-allier\/usagers-transportse\/wp-content\/uploads\/2024\/12\/web_fh27_na_mes_-_ala_s_-_clermont_semaine_we_4_pages-01.jpg\" alt=\"web_fh27_na_mes_-_ala_s_-_clermont_semaine_we_4_pages-01.jpg\" align=\"center\" width=\"1413\" height=\"1999\" srcset=\"https:\/\/usagers-transports.haut-allier.eu\/wp-content\/uploads\/2024\/12\/web_fh27_na_mes_-_ala_s_-_clermont_semaine_we_4_pages-01.jpg 1413w, https:\/\/usagers-transports.haut-allier.eu\/wp-content\/uploads\/2024\/12\/web_fh27_na_mes_-_ala_s_-_clermont_semaine_we_4_pages-01-212x300.jpg 212w, https:\/\/usagers-transports.haut-allier.eu\/wp-content\/uploads\/2024\/12\/web_fh27_na_mes_-_ala_s_-_clermont_semaine_we_4_pages-01-724x1024.jpg 724w, https:\/\/usagers-transports.haut-allier.eu\/wp-content\/uploads\/2024\/12\/web_fh27_na_mes_-_ala_s_-_clermont_semaine_we_4_pages-01-768x1087.jpg 768w, https:\/\/usagers-transports.haut-allier.eu\/wp-content\/uploads\/2024\/12\/web_fh27_na_mes_-_ala_s_-_clermont_semaine_we_4_pages-01-1086x1536.jpg 1086w\" sizes=\"auto, (max-width: 1413px) 100vw, 1413px\" \/><\/p>\n<p>Assez dr\u00f4le quand m\u00eame pour Lio (SNCF TER Occitanie) de publier des horaires qui ne seront pas appliqu\u00e9s. Enfin, \u00e0 priori. Sauf miracle.<\/p>\n<p><strong>[Mise \u00e0 jour du 4 d\u00e9cembre]<\/strong><\/p>\n<p>Et ce qui devait arriver arriva : la version de SNCF Auvergne Rh\u00f4ne Alpes jusqu&rsquo;au 19 janvier 2025 qui contredit la version LIO Occitanie.<\/p>\n<p><img loading=\"lazy\" decoding=\"async\" class=\" aligncenter size-full wp-image-5390\" src=\"http:\/\/5.45.101.177\/haut-allier\/usagers-transportse\/wp-content\/uploads\/2024\/12\/08_aff_15-12-24_au_19-01-25-version_du_03-12-24-a.jpg\" alt=\"08_aff_15-12-24_au_19-01-25-version_du_03-12-24-a.jpg\" align=\"center\" width=\"1403\" height=\"1984\" srcset=\"https:\/\/usagers-transports.haut-allier.eu\/wp-content\/uploads\/2024\/12\/08_aff_15-12-24_au_19-01-25-version_du_03-12-24-a.jpg 1403w, https:\/\/usagers-transports.haut-allier.eu\/wp-content\/uploads\/2024\/12\/08_aff_15-12-24_au_19-01-25-version_du_03-12-24-a-212x300.jpg 212w, https:\/\/usagers-transports.haut-allier.eu\/wp-content\/uploads\/2024\/12\/08_aff_15-12-24_au_19-01-25-version_du_03-12-24-a-724x1024.jpg 724w, https:\/\/usagers-transports.haut-allier.eu\/wp-content\/uploads\/2024\/12\/08_aff_15-12-24_au_19-01-25-version_du_03-12-24-a-768x1086.jpg 768w, https:\/\/usagers-transports.haut-allier.eu\/wp-content\/uploads\/2024\/12\/08_aff_15-12-24_au_19-01-25-version_du_03-12-24-a-1086x1536.jpg 1086w\" sizes=\"auto, (max-width: 1403px) 100vw, 1403px\" \/><\/p>\n<p>Un seul train circule entre Langogne et N\u00eemes, \u00e0 moins que ce soit une erreur, c&rsquo;est le TER du samedi D\u00e9part Langogne \u00e0 20h15 arriv\u00e9e N\u00eemes 23h23.<\/p>\n<p><strong>Si on comprend bien la reprise totale des circulations aurait lieu le 20 janvier ?<\/strong><\/p>\n","protected":false},"excerpt":{"rendered":"<p>Voici les nouvelles fiches horaires \u00e0 partir du 15 d\u00e9cembre 2024 et jusqu&rsquo;au 4 avril. Elles sont th\u00e9oriques<\/p>\n","protected":false},"author":1,"featured_media":5389,"comment_status":"open","ping_status":"open","sticky":false,"template":"","format":"standard","meta":{"footnotes":""},"categories":[3],"tags":[],"class_list":["post-1161","post","type-post","status-publish","format-standard","has-post-thumbnail","hentry","category-en-train"],"_links":{"self":[{"href":"https:\/\/usagers-transports.haut-allier.eu\/index.php\/wp-json\/wp\/v2\/posts\/1161","targetHints":{"allow":["GET"]}}],"collection":[{"href":"https:\/\/usagers-transports.haut-allier.eu\/index.php\/wp-json\/wp\/v2\/posts"}],"about":[{"href":"https:\/\/usagers-transports.haut-allier.eu\/index.php\/wp-json\/wp\/v2\/types\/post"}],"author":[{"embeddable":true,"href":"https:\/\/usagers-transports.haut-allier.eu\/index.php\/wp-json\/wp\/v2\/users\/1"}],"replies":[{"embeddable":true,"href":"https:\/\/usagers-transports.haut-allier.eu\/index.php\/wp-json\/wp\/v2\/comments?post=1161"}],"version-history":[{"count":0,"href":"https:\/\/usagers-transports.haut-allier.eu\/index.php\/wp-json\/wp\/v2\/posts\/1161\/revisions"}],"wp:featuredmedia":[{"embeddable":true,"href":"https:\/\/usagers-transports.haut-allier.eu\/index.php\/wp-json\/wp\/v2\/media\/5389"}],"wp:attachment":[{"href":"https:\/\/usagers-transports.haut-allier.eu\/index.php\/wp-json\/wp\/v2\/media?parent=1161"}],"wp:term":[{"taxonomy":"category","embeddable":true,"href":"https:\/\/usagers-transports.haut-allier.eu\/index.php\/wp-json\/wp\/v2\/categories?post=1161"},{"taxonomy":"post_tag","embeddable":true,"href":"https:\/\/usagers-transports.haut-allier.eu\/index.php\/wp-json\/wp\/v2\/tags?post=1161"}],"curies":[{"name":"wp","href":"https:\/\/api.w.org\/{rel}","templated":true}]}}