{"id":1163,"date":"2024-12-09T20:18:28","date_gmt":"2024-12-09T19:18:28","guid":{"rendered":"http:\/\/5.45.101.177\/haut-allier\/usagers-transportse\/index.php\/2024\/12\/09\/ligne-ferroviaire-nimes-clermont1163\/"},"modified":"2024-12-09T20:18:28","modified_gmt":"2024-12-09T19:18:28","slug":"ligne-ferroviaire-nimes-clermont1163","status":"publish","type":"post","link":"https:\/\/usagers-transports.haut-allier.eu\/index.php\/2024\/12\/09\/ligne-ferroviaire-nimes-clermont1163\/","title":{"rendered":"Ligne ferroviaire N\u00eemes Clermont-Ferrand : Reprise des circulations le 24 avril 2025"},"content":{"rendered":"<p>La direction territoriale de SNCF Occitanie vient de diffuser un communiqu\u00e9 annon\u00e7ant la date de r\u00e9ouverture des circulations entre Langogne et N\u00eemes sur la ligne des C\u00e9vennes : le <strong>jeudi 24 avril<\/strong>.<\/p>\n<p>C&rsquo;est sans compter sur les travaux au nord de la ligne qui, eux, s&rsquo;\u00e9talent jusqu&rsquo;au 6 juin. Et donc pas de trains entre Clermont et N\u00eemes pendant 8 mois ! Autant supprimer la ligne non ? Elle ne sert plus \u00e0 grand chose.<\/p>\n<p>6 mois pour que SNCF R\u00e9seau r\u00e9tablisse l&rsquo;axe N\u00eemes Langogne alors que des visites sur le terrain confirment que la voie n&rsquo;est que tr\u00e8s peu touch\u00e9e par le d\u00e9raillement du 25 octobre. Seules de l\u00e9g\u00e8res traces de roues sont visibles sur les traverses en bois.<\/p>\n<p>Les talus et murs v\u00e9g\u00e9taux ont \u00e9t\u00e9 d\u00e9gag\u00e9s en 15 jours apr\u00e8s un travail de jour et de nuit&#8230; mais les travaux sur la voie n&rsquo;ont pas d\u00e9but\u00e9, les experts n&rsquo;ayant pas encore rendu leur analyse. Ils l&rsquo;ont fait apparemment ce lundi ou ces tous derniers jours.<\/p>\n<p>D&rsquo;o\u00f9 la d\u00e9cision qui s&rsquo;en suit.<\/p>\n<p>[fond rouge][blanc]<strong>Ailleurs les traitements sont bien plus rapides<\/strong>[\/blanc][\/fond rouge]<\/p>\n<p>On regrettera et on d\u00e9noncera la priorisation donn\u00e9e \u00e0 ces travaux, en dernier dans l&rsquo;\u00e9chelle que SNCF R\u00e9seau a fix\u00e9 elle-m\u00eame, en classant la ligne UIC 7 \u00e0 9, c&rsquo;est-\u00e0-dire les derni\u00e8res classes \u00ab\u00a0avant fermeture\u00a0\u00bb, une hi\u00e9rarchisation extr\u00eamement pratique pour renvoyer tout ce qui concerne ces lignes dites \u00ab\u00a0\u00e0 vocation r\u00e9gionale\u00a0\u00bb \u00e0 des d\u00e9lais \u00ab\u00a0non urgents\u00a0\u00bb.<\/p>\n<p><strong>Pendant ce temps \u00e0 c\u00f4t\u00e9, entre Saint-Etienne et Givors la coupure apr\u00e8s la temp\u00eate Leslie a \u00e9t\u00e9 trait\u00e9e en 3 semaines. La ligne y est class\u00e9e UIC 3 \u00e0 4, \u00e0 grand trafic. Tous les moyens y ont \u00e9t\u00e9 mis.<\/strong><\/p>\n<p>Nous d\u00e9non\u00e7ons cet ordonnancement franco-fran\u00e7ais qui fait beaucoup de mal au r\u00e9seau ferr\u00e9 national en g\u00e9n\u00e9ral, contribuant \u00e0 deux types de service ferroviaire aux populations, les corridors urbains, souvent surpeupl\u00e9s, et les laiss\u00e9s pour compte, souvent les ruraux, desservis par un r\u00e9seau entretenu \u00e0 minima.<\/p>\n<p>[fond rouge][blanc]<strong>Les usagers trinquent<\/strong>[\/blanc][\/fond rouge]<\/p>\n<p>C&rsquo;est une nouvelle d\u00e9solante pour les lyc\u00e9ens, les coll\u00e9giens, et les habitants de Langogne, et Mende, qui devront, en pleine p\u00e9riode hivernale, rester sur place faute de bus autoris\u00e9s \u00e0 rouler sur des routes enneig\u00e9es et vergla\u00e7\u00e9es, faute aussi des trains habituels qui les emmenait sur le littoral par exemple.<\/p>\n<p>SNCF d\u00e9montre l\u00e0 une nouvelle fois son incomp\u00e9tence \u00e0 assurer un service ferroviaire fiable et sur lequel les habitants du massif central peuvent compter. Ils se passeront du train encore une fois et sans doute d\u00e9finitivement. Comme on les comprend.<\/p>\n<p><strong>Dans la presse :<\/strong><\/p>\n<p>&#8211; France Bleu Gard Loz\u00e8re du 9 d\u00e9cembre \u00e0 19h00 :<br \/>\n<em>Trains entre G\u00e9nolhac et Villefort : des travaux jusqu&rsquo;en avril 2025<\/em><br \/>\nhttps:\/\/www.francebleu.fr\/infos\/transports\/trains-entre-genolhac-et-villefort-des-travaux-jusqu-en-avril-2025-5073699<\/p>\n<p>&#8211; Midi Libre du 11 d\u00e9cembre :<br \/>\n<em>Ligne ferroviaire des C\u00e9vennes : quand les circulations des trains reprendront-elles entre G\u00e9nolhac et Villefort ?<\/em><br \/>\nhttps:\/\/www.midilibre.fr\/2024\/12\/10\/ligne-ferroviaire-des-cevennes-quand-les-circulations-des-trains-reprendront-elles-entre-genolhac-et-villefort-12382441.php<\/p>\n","protected":false},"excerpt":{"rendered":"<p>La direction territoriale de SNCF Occitanie vient de diffuser un communiqu\u00e9 annon\u00e7ant la date de r\u00e9ouverture des circulations<\/p>\n","protected":false},"author":1,"featured_media":5445,"comment_status":"closed","ping_status":"open","sticky":false,"template":"","format":"standard","meta":{"footnotes":""},"categories":[2],"tags":[],"class_list":["post-1163","post","type-post","status-publish","format-standard","has-post-thumbnail","hentry","category-infos"],"_links":{"self":[{"href":"https:\/\/usagers-transports.haut-allier.eu\/index.php\/wp-json\/wp\/v2\/posts\/1163","targetHints":{"allow":["GET"]}}],"collection":[{"href":"https:\/\/usagers-transports.haut-allier.eu\/index.php\/wp-json\/wp\/v2\/posts"}],"about":[{"href":"https:\/\/usagers-transports.haut-allier.eu\/index.php\/wp-json\/wp\/v2\/types\/post"}],"author":[{"embeddable":true,"href":"https:\/\/usagers-transports.haut-allier.eu\/index.php\/wp-json\/wp\/v2\/users\/1"}],"replies":[{"embeddable":true,"href":"https:\/\/usagers-transports.haut-allier.eu\/index.php\/wp-json\/wp\/v2\/comments?post=1163"}],"version-history":[{"count":0,"href":"https:\/\/usagers-transports.haut-allier.eu\/index.php\/wp-json\/wp\/v2\/posts\/1163\/revisions"}],"wp:featuredmedia":[{"embeddable":true,"href":"https:\/\/usagers-transports.haut-allier.eu\/index.php\/wp-json\/wp\/v2\/media\/5445"}],"wp:attachment":[{"href":"https:\/\/usagers-transports.haut-allier.eu\/index.php\/wp-json\/wp\/v2\/media?parent=1163"}],"wp:term":[{"taxonomy":"category","embeddable":true,"href":"https:\/\/usagers-transports.haut-allier.eu\/index.php\/wp-json\/wp\/v2\/categories?post=1163"},{"taxonomy":"post_tag","embeddable":true,"href":"https:\/\/usagers-transports.haut-allier.eu\/index.php\/wp-json\/wp\/v2\/tags?post=1163"}],"curies":[{"name":"wp","href":"https:\/\/api.w.org\/{rel}","templated":true}]}}