{"id":1164,"date":"2024-12-09T21:00:34","date_gmt":"2024-12-09T20:00:34","guid":{"rendered":"http:\/\/5.45.101.177\/haut-allier\/usagers-transportse\/index.php\/2024\/12\/09\/comite-des-partenaires-regionaux1164\/"},"modified":"2024-12-09T21:00:34","modified_gmt":"2024-12-09T20:00:34","slug":"comite-des-partenaires-regionaux1164","status":"publish","type":"post","link":"https:\/\/usagers-transports.haut-allier.eu\/index.php\/2024\/12\/09\/comite-des-partenaires-regionaux1164\/","title":{"rendered":"Comit\u00e9 des partenaires r\u00e9gionaux Auvergne : compte-rendu du 9 d\u00e9cembre 2025"},"content":{"rendered":"<p>Une r\u00e9union de 3 heures et demi une nouvelle fois d\u00e9cevante. Le show envers les usagers est maintenant bien rod\u00e9.<\/p>\n<p>Malgr\u00e9 les probl\u00e8mes \u00ab\u00a0not\u00e9s\u00a0\u00bb et les prises en compte polies de la r\u00e9gion Auvergne Rh\u00f4ne Alpes, on s&rsquo;aper\u00e7oit que pour toutes r\u00e9ponses nous recevons des d\u00e9lais de 2030 &#8211; 2035 voire au del\u00e0.<\/p>\n<p>Les correspondances cars &#8211; train : \u00ab\u00a0on attend les SERM (2035 au mieux), ce sera l&rsquo;occasion\u00a0\u00bb&#8230;  les autosatisfecits de SNCF&#8230; C&rsquo;est \u00e9puisant.<\/p>\n<p>On vous dispense du diaporama.<\/p>\n<p>Si vous en avez le courage \u00e9coutez l&rsquo;audio ci-dessous :<\/p>\n<p><a href=\"http:\/\/5.45.101.177\/haut-allier\/usagers-transportse\/wp-content\/uploads\/2024\/12\/2024-12-09_2013.34.07-40k.webm\">2024-12-09_2013.34.07-40k.webm<\/a><\/p>\n","protected":false},"excerpt":{"rendered":"<p>Une r\u00e9union de 3 heures et demi une nouvelle fois d\u00e9cevante. Le show envers les usagers est maintenant<\/p>\n","protected":false},"author":1,"featured_media":5446,"comment_status":"open","ping_status":"open","sticky":false,"template":"","format":"standard","meta":{"footnotes":""},"categories":[2],"tags":[],"class_list":["post-1164","post","type-post","status-publish","format-standard","has-post-thumbnail","hentry","category-infos"],"_links":{"self":[{"href":"https:\/\/usagers-transports.haut-allier.eu\/index.php\/wp-json\/wp\/v2\/posts\/1164","targetHints":{"allow":["GET"]}}],"collection":[{"href":"https:\/\/usagers-transports.haut-allier.eu\/index.php\/wp-json\/wp\/v2\/posts"}],"about":[{"href":"https:\/\/usagers-transports.haut-allier.eu\/index.php\/wp-json\/wp\/v2\/types\/post"}],"author":[{"embeddable":true,"href":"https:\/\/usagers-transports.haut-allier.eu\/index.php\/wp-json\/wp\/v2\/users\/1"}],"replies":[{"embeddable":true,"href":"https:\/\/usagers-transports.haut-allier.eu\/index.php\/wp-json\/wp\/v2\/comments?post=1164"}],"version-history":[{"count":0,"href":"https:\/\/usagers-transports.haut-allier.eu\/index.php\/wp-json\/wp\/v2\/posts\/1164\/revisions"}],"wp:featuredmedia":[{"embeddable":true,"href":"https:\/\/usagers-transports.haut-allier.eu\/index.php\/wp-json\/wp\/v2\/media\/5446"}],"wp:attachment":[{"href":"https:\/\/usagers-transports.haut-allier.eu\/index.php\/wp-json\/wp\/v2\/media?parent=1164"}],"wp:term":[{"taxonomy":"category","embeddable":true,"href":"https:\/\/usagers-transports.haut-allier.eu\/index.php\/wp-json\/wp\/v2\/categories?post=1164"},{"taxonomy":"post_tag","embeddable":true,"href":"https:\/\/usagers-transports.haut-allier.eu\/index.php\/wp-json\/wp\/v2\/tags?post=1164"}],"curies":[{"name":"wp","href":"https:\/\/api.w.org\/{rel}","templated":true}]}}