{"id":1165,"date":"2024-12-12T11:59:10","date_gmt":"2024-12-12T10:59:10","guid":{"rendered":"http:\/\/5.45.101.177\/haut-allier\/usagers-transportse\/index.php\/2024\/12\/12\/reouvertures-de-lignes1165\/"},"modified":"2024-12-12T11:59:10","modified_gmt":"2024-12-12T10:59:10","slug":"reouvertures-de-lignes1165","status":"publish","type":"post","link":"https:\/\/usagers-transports.haut-allier.eu\/index.php\/2024\/12\/12\/reouvertures-de-lignes1165\/","title":{"rendered":"R\u00e9ouvertures de lignes ferroviaires : la r\u00e9gion Occitanie jette-t-elle l&rsquo;\u00e9ponge ? [MAJ]"},"content":{"rendered":"<p>A en croire la presse quotidienne r\u00e9gionale les r\u00e9ouvertures de ligne promises en Aveyron et dans l&rsquo;Aude par la r\u00e9gion Occitanie vont faire les frais des coupes budg\u00e9taires qu&rsquo;elle doit appliquer \u00e0 la demande du gouvernement d\u00e9ficitaire.<\/p>\n<p><strong>L&rsquo;axe Limoux Quillan<\/strong><\/p>\n<p>La <a href=\"https:\/\/www.ladepeche.fr\/2024\/12\/11\/coup-darret-sur-la-ligne-limoux-quillan-12384276.php\"><em>D\u00e9p\u00eache du Midi<\/em><\/a> relate Midi Libre chez qui Carole Delga apr\u00e8s s&rsquo;\u00eatre pr\u00eat\u00e9e au jeu des questions-r\u00e9ponses avec un panel de lecteurs, a \u00e9voqu\u00e9 le sujet des lignes de train en annon\u00e7ant que la ligne Limoux &#8211; Quillan, dont l\u2019ouverture \u00e9tait esp\u00e9r\u00e9e \u00e0 l\u2019horizon 2030, \u00e9tait compromise.<\/p>\n<p><em>La gare de Quillan en 2017<\/em><br \/>\n<img loading=\"lazy\" decoding=\"async\" class=\" aligncenter size-full wp-image-5449\" src=\"http:\/\/5.45.101.177\/haut-allier\/usagers-transportse\/wp-content\/uploads\/2024\/12\/quillan_-_gare_de_quillan_-_20170630__1_-scaled.jpg\" alt=\"quillan_-_gare_de_quillan_-_20170630__1_.jpg\" align=\"center\" width=\"2560\" height=\"1920\" srcset=\"https:\/\/usagers-transports.haut-allier.eu\/wp-content\/uploads\/2024\/12\/quillan_-_gare_de_quillan_-_20170630__1_-scaled.jpg 2560w, https:\/\/usagers-transports.haut-allier.eu\/wp-content\/uploads\/2024\/12\/quillan_-_gare_de_quillan_-_20170630__1_-300x225.jpg 300w, https:\/\/usagers-transports.haut-allier.eu\/wp-content\/uploads\/2024\/12\/quillan_-_gare_de_quillan_-_20170630__1_-1024x768.jpg 1024w, https:\/\/usagers-transports.haut-allier.eu\/wp-content\/uploads\/2024\/12\/quillan_-_gare_de_quillan_-_20170630__1_-768x576.jpg 768w, https:\/\/usagers-transports.haut-allier.eu\/wp-content\/uploads\/2024\/12\/quillan_-_gare_de_quillan_-_20170630__1_-1536x1152.jpg 1536w, https:\/\/usagers-transports.haut-allier.eu\/wp-content\/uploads\/2024\/12\/quillan_-_gare_de_quillan_-_20170630__1_-2048x1536.jpg 2048w\" sizes=\"auto, (max-width: 2560px) 100vw, 2560px\" \/><\/p>\n<p><strong>L&rsquo;axe Millau Rodez<\/strong><\/p>\n<p>Et si on lit l&rsquo;article de <a href=\"https:\/\/www.centrepresseaveyron.fr\/2024\/12\/11\/on-verra-cest-en-reflexion-le-projet-dune-ligne-de-train-entre-rodez-et-millau-abandonne-12382891.php\"><em>Centre Presse Aveyron<\/em><\/a>, apr\u00e8s une visite lundi de la m\u00eame pr\u00e9sidente de r\u00e9gion en Aveyron, elle a annonc\u00e9 que le projet de relancer une ligne de train entre Rodez et Millau, estim\u00e9 \u00e0 plus de 120 millions d\u2019euros, \u00ab\u00a0est en suspens\u00a0\u00bb.<\/p>\n<p><em>La gare de Laissac<\/em><br \/>\n<img loading=\"lazy\" decoding=\"async\" class=\" aligncenter size-full wp-image-5450\" src=\"http:\/\/5.45.101.177\/haut-allier\/usagers-transportse\/wp-content\/uploads\/2024\/12\/laissac-12-12-2024_11_44_am.png\" alt=\"laissac-12-12-2024_11_44_am.png\" align=\"center\" width=\"903\" height=\"516\" srcset=\"https:\/\/usagers-transports.haut-allier.eu\/wp-content\/uploads\/2024\/12\/laissac-12-12-2024_11_44_am.png 903w, https:\/\/usagers-transports.haut-allier.eu\/wp-content\/uploads\/2024\/12\/laissac-12-12-2024_11_44_am-300x171.png 300w, https:\/\/usagers-transports.haut-allier.eu\/wp-content\/uploads\/2024\/12\/laissac-12-12-2024_11_44_am-768x439.png 768w\" sizes=\"auto, (max-width: 903px) 100vw, 903px\" \/><\/p>\n<p><strong>L&rsquo;axe Al\u00e8s Bess\u00e8ges<\/strong><\/p>\n<p>Apr\u00e8s le comit\u00e9 de pilotage d&rsquo;il y a un mois en sous-pr\u00e9fecture d&rsquo;Al\u00e8s, une date de r\u00e9ouverture a \u00e9t\u00e9 fix\u00e9e : d\u00e9but 2028. Jean-Luc Gibelin souhaite d&rsquo;ailleurs un all\u00e9gement des proc\u00e9dures. La Haute autorit\u00e9 environnementale estime en effet que les travaux n\u00e9cessaires sur la ligne, notamment ceux portant sur les passages \u00e0 niveau, sont assimil\u00e9s \u00e0 une ouverture de ligne, ce qui allonge les proc\u00e9dures et sans doute augmente le co\u00fbt de des travaux. On pourra lire le compte-rendu d&rsquo;<a href=\"https:\/\/www.objectifgard.com\/actualites\/ales-besseges-le-comite-de-pilotage-confirme-que-region-et-etat-ont-supprime-la-friture-sur-la-ligne-ferroviaire-123568.php\"><em>Objectif Gard<\/em><\/a>.<\/p>\n<p><em>La gare de Bess\u00e8ges et ses voies<\/em><br \/>\n<img loading=\"lazy\" decoding=\"async\" class=\" aligncenter size-full wp-image-5451\" src=\"http:\/\/5.45.101.177\/haut-allier\/usagers-transportse\/wp-content\/uploads\/2024\/12\/garedebesseges-scaled.jpg\" alt=\"garedebesseges.jpg\" align=\"center\" width=\"2560\" height=\"1920\" srcset=\"https:\/\/usagers-transports.haut-allier.eu\/wp-content\/uploads\/2024\/12\/garedebesseges-scaled.jpg 2560w, https:\/\/usagers-transports.haut-allier.eu\/wp-content\/uploads\/2024\/12\/garedebesseges-300x225.jpg 300w, https:\/\/usagers-transports.haut-allier.eu\/wp-content\/uploads\/2024\/12\/garedebesseges-1024x768.jpg 1024w, https:\/\/usagers-transports.haut-allier.eu\/wp-content\/uploads\/2024\/12\/garedebesseges-768x576.jpg 768w, https:\/\/usagers-transports.haut-allier.eu\/wp-content\/uploads\/2024\/12\/garedebesseges-1536x1152.jpg 1536w, https:\/\/usagers-transports.haut-allier.eu\/wp-content\/uploads\/2024\/12\/garedebesseges-2048x1536.jpg 2048w\" sizes=\"auto, (max-width: 2560px) 100vw, 2560px\" \/><\/p>\n<p><strong>Les r\u00e9ouvertures d\u00e9j\u00e0 effectu\u00e9es ou proches<\/strong><\/p>\n<p>&#8211; <strong>La rive droite du Rh\u00f4ne<\/strong> sur le p\u00e9rim\u00e8tre r\u00e9gional. Elle a <a href=\"https:\/\/usagers-transports.haut-allier.eu\/?rive-droite-du-rhone-mobilisation,921.html\"><em>rouvert<\/em><\/a> le 29 ao\u00fbt 2022 entre Bagnols, Pont St-Esprit et Avignon &#8211; N\u00eemes.<\/p>\n<p><em>Le premier TER Lio arrive en gare de Bagnols en 2022<\/em><br \/>\n<img loading=\"lazy\" decoding=\"async\" class=\" aligncenter size-full wp-image-5452\" src=\"http:\/\/5.45.101.177\/haut-allier\/usagers-transportse\/wp-content\/uploads\/2024\/12\/2000-vlcsnap-2022-08-29-10h23m35s034-2.jpg\" alt=\"2000-vlcsnap-2022-08-29-10h23m35s034-2.jpg\" align=\"center\" width=\"1900\" height=\"1068\" srcset=\"https:\/\/usagers-transports.haut-allier.eu\/wp-content\/uploads\/2024\/12\/2000-vlcsnap-2022-08-29-10h23m35s034-2.jpg 1900w, https:\/\/usagers-transports.haut-allier.eu\/wp-content\/uploads\/2024\/12\/2000-vlcsnap-2022-08-29-10h23m35s034-2-300x169.jpg 300w, https:\/\/usagers-transports.haut-allier.eu\/wp-content\/uploads\/2024\/12\/2000-vlcsnap-2022-08-29-10h23m35s034-2-1024x576.jpg 1024w, https:\/\/usagers-transports.haut-allier.eu\/wp-content\/uploads\/2024\/12\/2000-vlcsnap-2022-08-29-10h23m35s034-2-768x432.jpg 768w, https:\/\/usagers-transports.haut-allier.eu\/wp-content\/uploads\/2024\/12\/2000-vlcsnap-2022-08-29-10h23m35s034-2-1536x863.jpg 1536w\" sizes=\"auto, (max-width: 1900px) 100vw, 1900px\" \/><\/p>\n<p>&#8211; <strong>Luchon Montrejeaux<\/strong>. Pr\u00e9vue par la pr\u00e9sidente de cette r\u00e9gion en mai 2025. Cette ligne est reli\u00e9e \u00e0 celle de Toulouse \u00e0 Bayonne.<\/p>\n<p><em>La ligne \u00e0 son arriv\u00e9e \u00e0 Luchon<\/em><br \/>\n<img loading=\"lazy\" decoding=\"async\" class=\" aligncenter size-full wp-image-5453\" src=\"http:\/\/5.45.101.177\/haut-allier\/usagers-transportse\/wp-content\/uploads\/2024\/12\/bagneres-de-luchon_vallee_de_luchon__3_-scaled.jpg\" alt=\"bagneres-de-luchon_vallee_de_luchon__3_.jpg\" align=\"center\" width=\"2560\" height=\"1920\" srcset=\"https:\/\/usagers-transports.haut-allier.eu\/wp-content\/uploads\/2024\/12\/bagneres-de-luchon_vallee_de_luchon__3_-scaled.jpg 2560w, https:\/\/usagers-transports.haut-allier.eu\/wp-content\/uploads\/2024\/12\/bagneres-de-luchon_vallee_de_luchon__3_-300x225.jpg 300w, https:\/\/usagers-transports.haut-allier.eu\/wp-content\/uploads\/2024\/12\/bagneres-de-luchon_vallee_de_luchon__3_-1024x768.jpg 1024w, https:\/\/usagers-transports.haut-allier.eu\/wp-content\/uploads\/2024\/12\/bagneres-de-luchon_vallee_de_luchon__3_-768x576.jpg 768w, https:\/\/usagers-transports.haut-allier.eu\/wp-content\/uploads\/2024\/12\/bagneres-de-luchon_vallee_de_luchon__3_-1536x1152.jpg 1536w, https:\/\/usagers-transports.haut-allier.eu\/wp-content\/uploads\/2024\/12\/bagneres-de-luchon_vallee_de_luchon__3_-2048x1536.jpg 2048w\" sizes=\"auto, (max-width: 2560px) 100vw, 2560px\" \/><\/p>\n<p><strong>C\u00f4t\u00e9 Auvergne Rh\u00f4ne Alpes ?<\/strong><\/p>\n<p>Dans la r\u00e9gion voisine on fait mieux : on n&rsquo;a jamais rien promis, donc des r\u00e9ouvertures il n&rsquo;en est question. Au mieux \u00ab\u00a0On n&rsquo;injurie pas l&rsquo;avenir\u00a0\u00bb d\u00e9sormais c\u00e9l\u00e8bre formule de son ex pr\u00e9sident Laurent Wauquiez : par exemple pour le secteur Thiers &#8211; Bo\u00ebn suspendu soit l&rsquo;axe Lyon Saint-Etienne Clermont-Ferrand, il a \u00e9t\u00e9 demand\u00e9 \u00e0 SNCF R\u00e9seau de pr\u00e9server l&rsquo;infrastructure dans l&rsquo;attente d&rsquo;un budget suffisant pour faire les travaux et de ne pas fermer la ligne, soit certainement des dizaines d&rsquo;ann\u00e9es. SNCF R\u00e9seau qui \u00e9videmment fait tout pour faire capoter le projet et rechigne \u00e0 entretenir les installations : gares vandalis\u00e9es non entretenues, v\u00e9g\u00e9tation et arbustes au milieu des voies, passage \u00e0 niveaux enlev\u00e9s et bitum\u00e9s etc. L&rsquo;association <a href=\"https:\/\/letrain634269.org\"><em>Letrain634269<\/em><\/a> est indign\u00e9e et vent debout contre le comportement du gestionnaire monopolistique du r\u00e9seau ferr\u00e9 fran\u00e7ais. <\/p>\n<p>Autre exemple c\u00f4t\u00e9 ouest pour la ligne Volvic &#8211; Le MontDore \/ Ussel soit l&rsquo;axe Clermont Bordeaux l\u00e0 aussi la r\u00e9gion AuRA attend \/ ne prend aucune initiative alors que la demande est forte et qu&rsquo;une f\u00e9d\u00e9ration tr\u00e8s volontariste vient de se cr\u00e9er regroupant \u00e9lus, collectivit\u00e9s, usagers entre la Corr\u00e8ze et le Puy de D\u00f4me.<\/p>\n<p>[blanc][fond rouge]<strong>[Mise \u00e0 jour du 12 d\u00e9cembre]<\/strong>[\/fond rouge][\/blanc]<\/p>\n<p>R\u00e9action \u00e0 cet article du Vice-pr\u00e9sident de la r\u00e9gion Occitanie charg\u00e9 des mobilit\u00e9s Jean-Luc Gibelin sur Twitter \/ X :<\/p>\n<p><img loading=\"lazy\" decoding=\"async\" class=\" aligncenter size-full wp-image-5454\" src=\"http:\/\/5.45.101.177\/haut-allier\/usagers-transportse\/wp-content\/uploads\/2024\/12\/jlg-reouvertures.jpg\" alt=\"jlg-reouvertures.jpg\" align=\"center\" width=\"573\" height=\"98\" srcset=\"https:\/\/usagers-transports.haut-allier.eu\/wp-content\/uploads\/2024\/12\/jlg-reouvertures.jpg 573w, https:\/\/usagers-transports.haut-allier.eu\/wp-content\/uploads\/2024\/12\/jlg-reouvertures-300x51.jpg 300w\" sizes=\"auto, (max-width: 573px) 100vw, 573px\" \/><\/p>\n<p>[fond rouge][blanc]<strong>[Mise \u00e0 jour du 7 janvier 2025]<\/strong>[\/blanc][\/fond rouge]<\/p>\n<p>Dans un article de <a href=\"https:\/\/www.railpassion.fr\/infrastructure\/loccitanie-revoit-ses-investissements-ferroviaires\/\"><em>Rail Passion<\/em><\/a> nous apprenons que la r\u00e9gion Occitanie \u00ab\u00a0reste partenaire dans les deux projets de LGV (Bordeaux \u2013 Toulouse et Montpellier \u2013 Perpignan).\u00a0\u00bb. L&rsquo;heure des choix en quelque sorte.<\/p>\n<p>De son c\u00f4t\u00e9 en Auvergne Rh\u00f4ne Alpes le pr\u00e9sident de r\u00e9gion met en avant le fait d&rsquo;avoir fait voter 2,37 millions d&rsquo;euros pour la \u00ab\u00a0r\u00e9novation partielle\u00a0\u00bb de la gare du Teil (Ard\u00e8che) afin que les voyageurs ard\u00e9chois puissent monter dans le train vers N\u00eemes financ\u00e9 par Occitanie. Il y faisait jusque l\u00e0 un d\u00e9tour \u00e0 vide de 70 km pour des raisons techniques (manque de signalisation). <\/p>\n<p>Et le Vice-pr\u00e9sident d\u00e9l\u00e9gu\u00e9 aux transports de cette derni\u00e8re r\u00e9gion Fr\u00e9d\u00e9ric Aguilera serait favorable \u00e0 une r\u00e9ouverture aux voyageurs de l&rsquo;axe Clermont &#8211; Tulle, vers Brive et Bordeaux assez rapidement, sous trois ans. A suivre.<\/p>\n","protected":false},"excerpt":{"rendered":"<p>A en croire la presse quotidienne r\u00e9gionale les r\u00e9ouvertures de ligne promises en Aveyron et dans l&rsquo;Aude par<\/p>\n","protected":false},"author":1,"featured_media":5448,"comment_status":"open","ping_status":"open","sticky":false,"template":"","format":"standard","meta":{"footnotes":""},"categories":[2],"tags":[],"class_list":["post-1165","post","type-post","status-publish","format-standard","has-post-thumbnail","hentry","category-infos"],"_links":{"self":[{"href":"https:\/\/usagers-transports.haut-allier.eu\/index.php\/wp-json\/wp\/v2\/posts\/1165","targetHints":{"allow":["GET"]}}],"collection":[{"href":"https:\/\/usagers-transports.haut-allier.eu\/index.php\/wp-json\/wp\/v2\/posts"}],"about":[{"href":"https:\/\/usagers-transports.haut-allier.eu\/index.php\/wp-json\/wp\/v2\/types\/post"}],"author":[{"embeddable":true,"href":"https:\/\/usagers-transports.haut-allier.eu\/index.php\/wp-json\/wp\/v2\/users\/1"}],"replies":[{"embeddable":true,"href":"https:\/\/usagers-transports.haut-allier.eu\/index.php\/wp-json\/wp\/v2\/comments?post=1165"}],"version-history":[{"count":0,"href":"https:\/\/usagers-transports.haut-allier.eu\/index.php\/wp-json\/wp\/v2\/posts\/1165\/revisions"}],"wp:featuredmedia":[{"embeddable":true,"href":"https:\/\/usagers-transports.haut-allier.eu\/index.php\/wp-json\/wp\/v2\/media\/5448"}],"wp:attachment":[{"href":"https:\/\/usagers-transports.haut-allier.eu\/index.php\/wp-json\/wp\/v2\/media?parent=1165"}],"wp:term":[{"taxonomy":"category","embeddable":true,"href":"https:\/\/usagers-transports.haut-allier.eu\/index.php\/wp-json\/wp\/v2\/categories?post=1165"},{"taxonomy":"post_tag","embeddable":true,"href":"https:\/\/usagers-transports.haut-allier.eu\/index.php\/wp-json\/wp\/v2\/tags?post=1165"}],"curies":[{"name":"wp","href":"https:\/\/api.w.org\/{rel}","templated":true}]}}