{"id":1166,"date":"2024-12-14T18:50:54","date_gmt":"2024-12-14T17:50:54","guid":{"rendered":"http:\/\/5.45.101.177\/haut-allier\/usagers-transportse\/index.php\/2024\/12\/14\/ligne-des-cevennes-entre-brioude1166\/"},"modified":"2024-12-14T18:50:54","modified_gmt":"2024-12-14T17:50:54","slug":"ligne-des-cevennes-entre-brioude1166","status":"publish","type":"post","link":"https:\/\/usagers-transports.haut-allier.eu\/index.php\/2024\/12\/14\/ligne-des-cevennes-entre-brioude1166\/","title":{"rendered":"Le service sur la ligne des C\u00e9vennes entre Brioude et Clermont Fd : entre trains bond\u00e9s et usagers \u00e0 quai"},"content":{"rendered":"<p>De toute \u00e9vidence la r\u00e9gion Auvergne Rh\u00f4ne Alpes et SNCF TER AuRA sont incapables de transporter correctement les passagers du quotidien aux abords de Clermont Ferrand en direction de Brioude, portion de la ligne des C\u00e9vennes qui offre, en th\u00e9orie, une fr\u00e9quence d&rsquo;une heure environ entre les trains.<\/p>\n<p>Mais les trains sont hyper satur\u00e9s, inadapt\u00e9s ou carr\u00e9ment supprim\u00e9s. Les r\u00e9ponses de la collectivit\u00e9 et du transporteur sont toujours les m\u00eames : <em>\u00ab\u00a0On peut pas faire mieux\u00a0\u00bb<\/em>.<\/p>\n<p>C&rsquo;est en effet sans oublier que le transport du quotidien c&rsquo;est un choix politique, qu&rsquo;il faut y investir suffisamment et \u00e0 temps, pour \u00e9viter les catastrophes. Et c&rsquo;est pour cel\u00e0 que la r\u00e9gion AuRA serait bien inspir\u00e9e de r\u00e9viser sa politique du minima, concernant le transport ferroviaire. Il ne fonctionne pas correctement en Auvergne. Qui en fait les frais ? Les auvergnats.<\/p>\n<p>Pas un ph\u00e9nom\u00e8ne exceptionnel, c&rsquo;est m\u00eame monnaie courante, partout sur toutes les lignes reli\u00e9es \u00e0 Clermont le sous dimensionnement des compositions de trains est syst\u00e9matique : exemple vers Thiers et m\u00eame Lyon. <\/p>\n<p>L&rsquo;article de La Montagne de ce jour s&rsquo;en fait l&rsquo;\u00e9cho : <a href=\"https:\/\/www.lamontagne.fr\/clermont-ferrand-63000\/economie\/trains-supprimes-ou-archi-bondes-que-se-passe-t-il-regulierement-sur-la-ligne-80-reliant-clermont-ferrand-a-brioude_14612364\/\"><em>Trains supprim\u00e9s ou archi-bond\u00e9s : que se passe-t-il r\u00e9guli\u00e8rement sur la ligne 80 reliant Clermont-Ferrand \u00e0 Brioude ?<\/em><\/a> <\/p>\n<p><img loading=\"lazy\" decoding=\"async\" class=\" aligncenter size-full wp-image-5456\" src=\"http:\/\/5.45.101.177\/haut-allier\/usagers-transportse\/wp-content\/uploads\/2024\/12\/trains-supprimes-c-b-scaled.jpg\" alt=\"trains-supprimes-c-b.jpg\" align=\"center\" width=\"324\" height=\"2560\" srcset=\"https:\/\/usagers-transports.haut-allier.eu\/wp-content\/uploads\/2024\/12\/trains-supprimes-c-b-scaled.jpg 324w, https:\/\/usagers-transports.haut-allier.eu\/wp-content\/uploads\/2024\/12\/trains-supprimes-c-b-38x300.jpg 38w\" sizes=\"auto, (max-width: 324px) 100vw, 324px\" \/><\/p>\n<p>Voici les fiches horaires \u00e0 partir du 15 d\u00e9cembre jusqu&rsquo;au 12 juillet 2025, malheureusement aucune am\u00e9lioration pour ce \u00ab\u00a0nouveau\u00a0\u00bb service :<\/p>\n<p><img loading=\"lazy\" decoding=\"async\" class=\" aligncenter size-full wp-image-5457\" src=\"http:\/\/5.45.101.177\/haut-allier\/usagers-transportse\/wp-content\/uploads\/2024\/12\/80_du_15-12-24_au_12-07-25-_v2-7.jpg\" alt=\"80_du_15-12-24_au_12-07-25-_v2-7.jpg\" align=\"center\" width=\"1403\" height=\"1984\" srcset=\"https:\/\/usagers-transports.haut-allier.eu\/wp-content\/uploads\/2024\/12\/80_du_15-12-24_au_12-07-25-_v2-7.jpg 1403w, https:\/\/usagers-transports.haut-allier.eu\/wp-content\/uploads\/2024\/12\/80_du_15-12-24_au_12-07-25-_v2-7-212x300.jpg 212w, https:\/\/usagers-transports.haut-allier.eu\/wp-content\/uploads\/2024\/12\/80_du_15-12-24_au_12-07-25-_v2-7-724x1024.jpg 724w, https:\/\/usagers-transports.haut-allier.eu\/wp-content\/uploads\/2024\/12\/80_du_15-12-24_au_12-07-25-_v2-7-768x1086.jpg 768w, https:\/\/usagers-transports.haut-allier.eu\/wp-content\/uploads\/2024\/12\/80_du_15-12-24_au_12-07-25-_v2-7-1086x1536.jpg 1086w\" sizes=\"auto, (max-width: 1403px) 100vw, 1403px\" \/><br \/>\n<img loading=\"lazy\" decoding=\"async\" class=\" aligncenter size-full wp-image-5458\" src=\"http:\/\/5.45.101.177\/haut-allier\/usagers-transportse\/wp-content\/uploads\/2024\/12\/80_du_15-12-24_au_12-07-25-_v2-6.jpg\" alt=\"80_du_15-12-24_au_12-07-25-_v2-6.jpg\" align=\"center\" width=\"1403\" height=\"1984\" srcset=\"https:\/\/usagers-transports.haut-allier.eu\/wp-content\/uploads\/2024\/12\/80_du_15-12-24_au_12-07-25-_v2-6.jpg 1403w, https:\/\/usagers-transports.haut-allier.eu\/wp-content\/uploads\/2024\/12\/80_du_15-12-24_au_12-07-25-_v2-6-212x300.jpg 212w, https:\/\/usagers-transports.haut-allier.eu\/wp-content\/uploads\/2024\/12\/80_du_15-12-24_au_12-07-25-_v2-6-724x1024.jpg 724w, https:\/\/usagers-transports.haut-allier.eu\/wp-content\/uploads\/2024\/12\/80_du_15-12-24_au_12-07-25-_v2-6-768x1086.jpg 768w, https:\/\/usagers-transports.haut-allier.eu\/wp-content\/uploads\/2024\/12\/80_du_15-12-24_au_12-07-25-_v2-6-1086x1536.jpg 1086w\" sizes=\"auto, (max-width: 1403px) 100vw, 1403px\" \/><br \/>\n<img loading=\"lazy\" decoding=\"async\" class=\" aligncenter size-full wp-image-5459\" src=\"http:\/\/5.45.101.177\/haut-allier\/usagers-transportse\/wp-content\/uploads\/2024\/12\/80_du_15-12-24_au_12-07-25-_v2-5.jpg\" alt=\"80_du_15-12-24_au_12-07-25-_v2-5.jpg\" align=\"center\" width=\"1403\" height=\"1984\" srcset=\"https:\/\/usagers-transports.haut-allier.eu\/wp-content\/uploads\/2024\/12\/80_du_15-12-24_au_12-07-25-_v2-5.jpg 1403w, https:\/\/usagers-transports.haut-allier.eu\/wp-content\/uploads\/2024\/12\/80_du_15-12-24_au_12-07-25-_v2-5-212x300.jpg 212w, https:\/\/usagers-transports.haut-allier.eu\/wp-content\/uploads\/2024\/12\/80_du_15-12-24_au_12-07-25-_v2-5-724x1024.jpg 724w, https:\/\/usagers-transports.haut-allier.eu\/wp-content\/uploads\/2024\/12\/80_du_15-12-24_au_12-07-25-_v2-5-768x1086.jpg 768w, https:\/\/usagers-transports.haut-allier.eu\/wp-content\/uploads\/2024\/12\/80_du_15-12-24_au_12-07-25-_v2-5-1086x1536.jpg 1086w\" sizes=\"auto, (max-width: 1403px) 100vw, 1403px\" \/><br \/>\n<img loading=\"lazy\" decoding=\"async\" class=\" aligncenter size-full wp-image-5460\" src=\"http:\/\/5.45.101.177\/haut-allier\/usagers-transportse\/wp-content\/uploads\/2024\/12\/80_du_15-12-24_au_12-07-25-_v2-4.jpg\" alt=\"80_du_15-12-24_au_12-07-25-_v2-4.jpg\" align=\"center\" width=\"1403\" height=\"1984\" srcset=\"https:\/\/usagers-transports.haut-allier.eu\/wp-content\/uploads\/2024\/12\/80_du_15-12-24_au_12-07-25-_v2-4.jpg 1403w, https:\/\/usagers-transports.haut-allier.eu\/wp-content\/uploads\/2024\/12\/80_du_15-12-24_au_12-07-25-_v2-4-212x300.jpg 212w, https:\/\/usagers-transports.haut-allier.eu\/wp-content\/uploads\/2024\/12\/80_du_15-12-24_au_12-07-25-_v2-4-724x1024.jpg 724w, https:\/\/usagers-transports.haut-allier.eu\/wp-content\/uploads\/2024\/12\/80_du_15-12-24_au_12-07-25-_v2-4-768x1086.jpg 768w, https:\/\/usagers-transports.haut-allier.eu\/wp-content\/uploads\/2024\/12\/80_du_15-12-24_au_12-07-25-_v2-4-1086x1536.jpg 1086w\" sizes=\"auto, (max-width: 1403px) 100vw, 1403px\" \/><\/p>\n","protected":false},"excerpt":{"rendered":"<p>De toute \u00e9vidence la r\u00e9gion Auvergne Rh\u00f4ne Alpes et SNCF TER AuRA sont incapables de transporter correctement les<\/p>\n","protected":false},"author":1,"featured_media":5455,"comment_status":"open","ping_status":"open","sticky":false,"template":"","format":"standard","meta":{"footnotes":""},"categories":[3],"tags":[],"class_list":["post-1166","post","type-post","status-publish","format-standard","has-post-thumbnail","hentry","category-en-train"],"_links":{"self":[{"href":"https:\/\/usagers-transports.haut-allier.eu\/index.php\/wp-json\/wp\/v2\/posts\/1166","targetHints":{"allow":["GET"]}}],"collection":[{"href":"https:\/\/usagers-transports.haut-allier.eu\/index.php\/wp-json\/wp\/v2\/posts"}],"about":[{"href":"https:\/\/usagers-transports.haut-allier.eu\/index.php\/wp-json\/wp\/v2\/types\/post"}],"author":[{"embeddable":true,"href":"https:\/\/usagers-transports.haut-allier.eu\/index.php\/wp-json\/wp\/v2\/users\/1"}],"replies":[{"embeddable":true,"href":"https:\/\/usagers-transports.haut-allier.eu\/index.php\/wp-json\/wp\/v2\/comments?post=1166"}],"version-history":[{"count":0,"href":"https:\/\/usagers-transports.haut-allier.eu\/index.php\/wp-json\/wp\/v2\/posts\/1166\/revisions"}],"wp:featuredmedia":[{"embeddable":true,"href":"https:\/\/usagers-transports.haut-allier.eu\/index.php\/wp-json\/wp\/v2\/media\/5455"}],"wp:attachment":[{"href":"https:\/\/usagers-transports.haut-allier.eu\/index.php\/wp-json\/wp\/v2\/media?parent=1166"}],"wp:term":[{"taxonomy":"category","embeddable":true,"href":"https:\/\/usagers-transports.haut-allier.eu\/index.php\/wp-json\/wp\/v2\/categories?post=1166"},{"taxonomy":"post_tag","embeddable":true,"href":"https:\/\/usagers-transports.haut-allier.eu\/index.php\/wp-json\/wp\/v2\/tags?post=1166"}],"curies":[{"name":"wp","href":"https:\/\/api.w.org\/{rel}","templated":true}]}}