{"id":1167,"date":"2024-12-24T11:10:10","date_gmt":"2024-12-24T10:10:10","guid":{"rendered":"http:\/\/5.45.101.177\/haut-allier\/usagers-transportse\/index.php\/2024\/12\/24\/philippe-tabarot-ministre-delegue1167\/"},"modified":"2024-12-24T11:10:10","modified_gmt":"2024-12-24T10:10:10","slug":"philippe-tabarot-ministre-delegue1167","status":"publish","type":"post","link":"https:\/\/usagers-transports.haut-allier.eu\/index.php\/2024\/12\/24\/philippe-tabarot-ministre-delegue1167\/","title":{"rendered":"Philippe Tabarot : ministre d\u00e9l\u00e9gu\u00e9 aux transports du gouvernement Bayrou"},"content":{"rendered":"<p>Certains pr\u00e9ciseront de l&rsquo;\u00e9ph\u00e9m\u00e8re \u00e9quipe Bayrou vu les nominations que l&rsquo;on sait.<br \/>\nNous vivons sous nos yeux un d\u00e9fil\u00e9 acc\u00e9l\u00e9r\u00e9 de ministres depuis quelques temps. Cel\u00e0 n&rsquo;a \u00e9videmment rien de bon pour le pays puisque leur cr\u00e9dibilit\u00e9 m\u00eame est affaiblie, les vraies d\u00e9cisions \u00e9tant prises dans la p\u00e9nombre par les technocrates que l&rsquo;on conna\u00eet, SNCF R\u00e9seau en t\u00eate.<\/p>\n<p>Donc la c\u00e9r\u00e9monie de passation de pouvoir a eu lieu ce jour 24 d\u00e9cembre \u00e0 10h entre :<\/p>\n<p>L&rsquo;ancienne team de Catherine VAUTRIN, ministre du Partenariat avec les territoires et de la D\u00e9centralisation, Fran\u00e7oise GATEL, ministre d\u00e9l\u00e9gu\u00e9e charg\u00e9e de la Ruralit\u00e9, du Commerce et de l\u2019Artisanat, Fabrice LOHER, ministre d\u00e9l\u00e9gu\u00e9 charg\u00e9 de la Mer et de la P\u00eache, Fran\u00e7ois DUROVRAY, ministre d\u00e9l\u00e9gu\u00e9 charg\u00e9 des Transports qui n&rsquo;aura \u00e9t\u00e9 l\u00e0 donc que quelques mois,<\/p>\n<p>et<\/p>\n<p>Fran\u00e7ois REBSAMEN, le nouveau ministre de l\u2019Am\u00e9nagement du territoire et de la D\u00e9centralisation, <strong>Philippe TABAROT<\/strong>, le s\u00e9nateur des Alpes-Maritimes, nouveau ministre charg\u00e9 des Transports, Fran\u00e7oise GATEL, la ministre d\u00e9l\u00e9gu\u00e9e charg\u00e9e de la Ruralit\u00e9, Juliette M\u00c9ADEL, la nouvelle ministre d\u00e9l\u00e9gu\u00e9e charg\u00e9e de la Ville.<\/p>\n<p>Le 24 d\u00e9cembre \u00e0 10h00 \u00e0 l&rsquo;H\u00f4tel de Roquelaure \u00e0 Paris.<\/p>\n<p><strong>Bien que Philippe Tabarot ne soit pas l&rsquo;un des pires charg\u00e9s des transports que la r\u00e9gion PACA ait connu nous r\u00e9serverons notre avis et attendrons ses positions, ses d\u00e9cisions et sa capacit\u00e9 \u00e0 imposer le ferroviaire comme le mode de d\u00e9placement structurant les autres modes de transports, c&rsquo;est-\u00e0-dire s&rsquo;appuyant sur la compl\u00e9mentarit\u00e9 des autres moyens et non pas la concurrence entre les syst\u00e8mes, ce que beaucoup de politiques de son parti (LR) tentent de mettre en place dans leurs collectivit\u00e9s, au d\u00e9triment du train jug\u00e9 trop co\u00fbteux et complexe.<\/strong><\/p>\n","protected":false},"excerpt":{"rendered":"<p>Certains pr\u00e9ciseront de l&rsquo;\u00e9ph\u00e9m\u00e8re \u00e9quipe Bayrou vu les nominations que l&rsquo;on sait. Nous vivons sous nos yeux un<\/p>\n","protected":false},"author":1,"featured_media":5461,"comment_status":"open","ping_status":"open","sticky":false,"template":"","format":"standard","meta":{"footnotes":""},"categories":[2],"tags":[],"class_list":["post-1167","post","type-post","status-publish","format-standard","has-post-thumbnail","hentry","category-infos"],"_links":{"self":[{"href":"https:\/\/usagers-transports.haut-allier.eu\/index.php\/wp-json\/wp\/v2\/posts\/1167","targetHints":{"allow":["GET"]}}],"collection":[{"href":"https:\/\/usagers-transports.haut-allier.eu\/index.php\/wp-json\/wp\/v2\/posts"}],"about":[{"href":"https:\/\/usagers-transports.haut-allier.eu\/index.php\/wp-json\/wp\/v2\/types\/post"}],"author":[{"embeddable":true,"href":"https:\/\/usagers-transports.haut-allier.eu\/index.php\/wp-json\/wp\/v2\/users\/1"}],"replies":[{"embeddable":true,"href":"https:\/\/usagers-transports.haut-allier.eu\/index.php\/wp-json\/wp\/v2\/comments?post=1167"}],"version-history":[{"count":0,"href":"https:\/\/usagers-transports.haut-allier.eu\/index.php\/wp-json\/wp\/v2\/posts\/1167\/revisions"}],"wp:featuredmedia":[{"embeddable":true,"href":"https:\/\/usagers-transports.haut-allier.eu\/index.php\/wp-json\/wp\/v2\/media\/5461"}],"wp:attachment":[{"href":"https:\/\/usagers-transports.haut-allier.eu\/index.php\/wp-json\/wp\/v2\/media?parent=1167"}],"wp:term":[{"taxonomy":"category","embeddable":true,"href":"https:\/\/usagers-transports.haut-allier.eu\/index.php\/wp-json\/wp\/v2\/categories?post=1167"},{"taxonomy":"post_tag","embeddable":true,"href":"https:\/\/usagers-transports.haut-allier.eu\/index.php\/wp-json\/wp\/v2\/tags?post=1167"}],"curies":[{"name":"wp","href":"https:\/\/api.w.org\/{rel}","templated":true}]}}