{"id":1168,"date":"2024-12-24T12:05:31","date_gmt":"2024-12-24T11:05:31","guid":{"rendered":"http:\/\/5.45.101.177\/haut-allier\/usagers-transportse\/index.php\/2024\/12\/24\/ligne-du-train-cevenol-le1168\/"},"modified":"2024-12-24T12:05:31","modified_gmt":"2024-12-24T11:05:31","slug":"ligne-du-train-cevenol-le1168","status":"publish","type":"post","link":"https:\/\/usagers-transports.haut-allier.eu\/index.php\/2024\/12\/24\/ligne-du-train-cevenol-le1168\/","title":{"rendered":"Ligne du train C\u00e9venol :  le programme 2025 du Comit\u00e9 de d\u00e9fense des services publics en Hautes C\u00e9vennes"},"content":{"rendered":"<p>Le communiqu\u00e9 de nos amis du Comit\u00e9 de d\u00e9fense des services publics et des usagers dans les hautes C\u00e9vennes :<\/p>\n<hr \/>\n<p>Dans le marasme g\u00e9n\u00e9ral, il d\u00e9c\u00e8le actuellement, malgr\u00e9 la poursuite des difficult\u00e9s, des lueurs d\u2019espoir tr\u00e8s tangibles dont il voudra rapidement vous entretenir.<\/p>\n<p>Ce qui nous permettra \u00e0 tous de retrouver \u00e9nergie, conviction et action !<\/p>\n<p>Tout cela va se passer en janvier.  <\/p>\n<p>\u00ab Janvier 2025, mois des services publics dans les hautes C\u00e9vennes \u00bb.<\/p>\n<p>Le programme g\u00e9n\u00e9ral se trouve ci-dessous et vous permet d\u00e9j\u00e0 de r\u00e9server vos dates pour participer et peut-\u00eatre \u00eatre b\u00e9n\u00e9vole aussi (les march\u00e9s par exemple).<\/p>\n<p>Un peu plus tard, vous aurez le d\u00e9tail de chaque journ\u00e9e.<\/p>\n<p>Nous vous joignons d\u00e9j\u00e0 aussi le questionnaire, capital pour nous, \u00e0 remplir et \u00e0 d\u00e9poser en choisissant dans le mode d\u2019emploi. N\u2019h\u00e9sitez pas \u00e0 le transf\u00e9rer \u00e0 vos proches, vos amis, vos voisins.<\/p>\n<p>Et en prime, vous avez, le cadeau du P\u00e8re No\u00ebl, la Draisy (lien plus bas) qui sort de sa discr\u00e9tion pour appuyer notre tr\u00e8s forte demande de d\u00e9veloppement de la ligne ferroviaire des C\u00e9vennes et plus\u2026 le mode de transport le plus vertueux. Nous ferons des d\u00e9monstrations lors de l\u2019assembl\u00e9e g\u00e9n\u00e9rale qui cl\u00f4turera ce mois des Services publics !<\/p>\n<p>https:\/\/www.groupe-sncf.com\/fr\/innovation\/mobilite-territoires\/draisy<\/p>\n<p><img loading=\"lazy\" decoding=\"async\" class=\" aligncenter size-full wp-image-5463\" src=\"http:\/\/5.45.101.177\/haut-allier\/usagers-transportse\/wp-content\/uploads\/2024\/12\/janvier_2025___le_mois_des_services_publics_en_hautes_cevennes.jpg\" alt=\"janvier_2025___le_mois_des_services_publics_en_hautes_cevennes.jpg\" align=\"center\" width=\"826\" height=\"1169\" srcset=\"https:\/\/usagers-transports.haut-allier.eu\/wp-content\/uploads\/2024\/12\/janvier_2025___le_mois_des_services_publics_en_hautes_cevennes.jpg 826w, https:\/\/usagers-transports.haut-allier.eu\/wp-content\/uploads\/2024\/12\/janvier_2025___le_mois_des_services_publics_en_hautes_cevennes-212x300.jpg 212w, https:\/\/usagers-transports.haut-allier.eu\/wp-content\/uploads\/2024\/12\/janvier_2025___le_mois_des_services_publics_en_hautes_cevennes-724x1024.jpg 724w, https:\/\/usagers-transports.haut-allier.eu\/wp-content\/uploads\/2024\/12\/janvier_2025___le_mois_des_services_publics_en_hautes_cevennes-768x1087.jpg 768w\" sizes=\"auto, (max-width: 826px) 100vw, 826px\" \/><\/p>\n<p><a href=\"http:\/\/5.45.101.177\/haut-allier\/usagers-transportse\/wp-content\/uploads\/2024\/12\/quelle_est_la_situation_des_services_publics_en_hautes_cevennes_definitif-1.pdf\">quelle_est_la_situation_des_services_publics_en_hautes_cevennes_definitif-1.pdf<\/a><\/p>\n<hr \/>\n<p>[fond vert][blanc]<strong>Notre commentaire :<\/strong>[\/blanc][\/fond vert]<\/p>\n<p>Nous ne partageons pas l&rsquo;engouement des hauts c\u00e9venols pour le projet de train Draisy. C&rsquo;est un projet dangereux et incompatible avec les lignes du r\u00e9seau ferr\u00e9 existant. Il  nepourra qu&rsquo;amener \u00e0 des d\u00e9mant\u00e8lements avec ruptures de charges pour les voyageurs. Il peut \u00eatre int\u00e9ressant pour des lignes abandonn\u00e9es, ferm\u00e9es, \u00e0 rouvrir comme celle de Florac \u00e0 Sainte-C\u00e9cile d&rsquo;Andorge.<\/p>\n<p><img loading=\"lazy\" decoding=\"async\" class=\" aligncenter size-full wp-image-5465\" src=\"http:\/\/5.45.101.177\/haut-allier\/usagers-transportse\/wp-content\/uploads\/2024\/12\/ligne_florac-sainte-cecile-d-andorge-svg-12-24-2024_12_02_pm.jpg\" alt=\"ligne_florac-sainte-cecile-d-andorge-svg-12-24-2024_12_02_pm.jpg\" align=\"center\" width=\"618\" height=\"463\" srcset=\"https:\/\/usagers-transports.haut-allier.eu\/wp-content\/uploads\/2024\/12\/ligne_florac-sainte-cecile-d-andorge-svg-12-24-2024_12_02_pm.jpg 618w, https:\/\/usagers-transports.haut-allier.eu\/wp-content\/uploads\/2024\/12\/ligne_florac-sainte-cecile-d-andorge-svg-12-24-2024_12_02_pm-300x225.jpg 300w\" sizes=\"auto, (max-width: 618px) 100vw, 618px\" \/><\/p>\n<p>Le projet TELLI est nettement plus intelligent et compatible avec les lignes actuellement en service : <\/p>\n<p>https:\/\/www.groupe-sncf.com\/fr\/innovation\/interview-directeur-telli<\/p>\n","protected":false},"excerpt":{"rendered":"<p>Le communiqu\u00e9 de nos amis du Comit\u00e9 de d\u00e9fense des services publics et des usagers dans les hautes<\/p>\n","protected":false},"author":1,"featured_media":5462,"comment_status":"open","ping_status":"open","sticky":false,"template":"","format":"standard","meta":{"footnotes":""},"categories":[5],"tags":[],"class_list":["post-1168","post","type-post","status-publish","format-standard","has-post-thumbnail","hentry","category-ensemble"],"_links":{"self":[{"href":"https:\/\/usagers-transports.haut-allier.eu\/index.php\/wp-json\/wp\/v2\/posts\/1168","targetHints":{"allow":["GET"]}}],"collection":[{"href":"https:\/\/usagers-transports.haut-allier.eu\/index.php\/wp-json\/wp\/v2\/posts"}],"about":[{"href":"https:\/\/usagers-transports.haut-allier.eu\/index.php\/wp-json\/wp\/v2\/types\/post"}],"author":[{"embeddable":true,"href":"https:\/\/usagers-transports.haut-allier.eu\/index.php\/wp-json\/wp\/v2\/users\/1"}],"replies":[{"embeddable":true,"href":"https:\/\/usagers-transports.haut-allier.eu\/index.php\/wp-json\/wp\/v2\/comments?post=1168"}],"version-history":[{"count":0,"href":"https:\/\/usagers-transports.haut-allier.eu\/index.php\/wp-json\/wp\/v2\/posts\/1168\/revisions"}],"wp:featuredmedia":[{"embeddable":true,"href":"https:\/\/usagers-transports.haut-allier.eu\/index.php\/wp-json\/wp\/v2\/media\/5462"}],"wp:attachment":[{"href":"https:\/\/usagers-transports.haut-allier.eu\/index.php\/wp-json\/wp\/v2\/media?parent=1168"}],"wp:term":[{"taxonomy":"category","embeddable":true,"href":"https:\/\/usagers-transports.haut-allier.eu\/index.php\/wp-json\/wp\/v2\/categories?post=1168"},{"taxonomy":"post_tag","embeddable":true,"href":"https:\/\/usagers-transports.haut-allier.eu\/index.php\/wp-json\/wp\/v2\/tags?post=1168"}],"curies":[{"name":"wp","href":"https:\/\/api.w.org\/{rel}","templated":true}]}}