{"id":1169,"date":"2024-12-31T09:50:44","date_gmt":"2024-12-31T08:50:44","guid":{"rendered":"http:\/\/5.45.101.177\/haut-allier\/usagers-transportse\/index.php\/2024\/12\/31\/plusieurs-infos-en-vrac-pour-cette1169\/"},"modified":"2024-12-31T09:50:44","modified_gmt":"2024-12-31T08:50:44","slug":"plusieurs-infos-en-vrac-pour-cette1169","status":"publish","type":"post","link":"https:\/\/usagers-transports.haut-allier.eu\/index.php\/2024\/12\/31\/plusieurs-infos-en-vrac-pour-cette1169\/","title":{"rendered":"Nouvel an 2025 et quelques infos"},"content":{"rendered":"<p>Un petit r\u00e9capitulatif avant de vous souhaiter une belle et glorieuse ann\u00e9e 2025 !<\/p>\n<p>[noir][fond jaune]<strong>La Commission europ\u00e9enne vient de publier son rapport final sur la pauvret\u00e9 dans les transports : la France parmi les derniers pays<\/strong>[\/fond jaune][\/noir] <\/p>\n<p>La Commission europ\u00e9enne a publi\u00e9 son rapport final sur l&rsquo;\u00e9tude sur la pauvret\u00e9 dans les transports, intitul\u00e9e Pauvret\u00e9 dans les transports : d\u00e9finitions, indicateurs, d\u00e9terminants et strat\u00e9gies d&rsquo;att\u00e9nuation. Command\u00e9 par la DG EMPL, le rapport fournit une analyse approfondie de la pauvret\u00e9 dans les transports \u00e0 travers l&rsquo;Europe, en se concentrant sur sa d\u00e9finition, sa mesure et ses strat\u00e9gies d&rsquo;att\u00e9nuation.<\/p>\n<p>L&rsquo;\u00e9tude identifie trois dimensions principales de la pauvret\u00e9 des transports : la disponibilit\u00e9, l&rsquo;accessibilit\u00e9 et l&rsquo;abordabilit\u00e9, l&rsquo;ad\u00e9quation \u00e9tant un \u00e9l\u00e9ment transversal. Le rapport met en \u00e9vidence d\u2019importantes lacunes et incoh\u00e9rences dans les donn\u00e9es. Les principaux probl\u00e8mes incluent des donn\u00e9es d&rsquo;enqu\u00eate obsol\u00e8tes, des donn\u00e9es spatiales manquantes pour l&rsquo;accessibilit\u00e9 et des chiffres peu fiables sur les d\u00e9penses de transport dans certains ensembles de donn\u00e9es. Il appelle \u00e0 de meilleurs cadres de collecte de donn\u00e9es et de suivi pour bien comprendre le probl\u00e8me.<\/p>\n<p>L&rsquo;\u00e9tude explore \u00e9galement neuf indicateurs pr\u00e9liminaires et r\u00e9v\u00e8le que la pauvret\u00e9 dans les transports affecte non seulement les zones rurales mais \u00e9galement les zones urbaines p\u00e9riph\u00e9riques et certains centres urbains plus denses, en particulier parmi les groupes vuln\u00e9rables. Le rapport note que 21 % des m\u00e9nages menac\u00e9s de pauvret\u00e9 sont confront\u00e9s \u00e0 des co\u00fbts de transport inabordables.<\/p>\n<p>Dans son analyse politique, le rapport souligne l\u2019importance des solutions nationales et locales adapt\u00e9es \u00e0 des contextes sp\u00e9cifiques. Il met en lumi\u00e8re le r\u00f4le des autorit\u00e9s locales dans la lutte contre la pauvret\u00e9 dans les transports, parall\u00e8lement aux strat\u00e9gies de l&rsquo;UE.<\/p>\n<p>Notre merveilleux pays se classe avant dernier en ce qui concerne l&rsquo;\u00e9loignement d&rsquo;un arr\u00eat de transport public :<br \/>\n<img loading=\"lazy\" decoding=\"async\" class=\" aligncenter size-full wp-image-5467\" src=\"http:\/\/5.45.101.177\/haut-allier\/usagers-transportse\/wp-content\/uploads\/2024\/12\/population-eu-trp-loin-dun-arret-de-transport-public-m.jpg\" alt=\"population-eu-trp-loin-dun-arret-de-transport-public-m.jpg\" align=\"center\" width=\"700\" height=\"623\" srcset=\"https:\/\/usagers-transports.haut-allier.eu\/wp-content\/uploads\/2024\/12\/population-eu-trp-loin-dun-arret-de-transport-public-m.jpg 700w, https:\/\/usagers-transports.haut-allier.eu\/wp-content\/uploads\/2024\/12\/population-eu-trp-loin-dun-arret-de-transport-public-m-300x267.jpg 300w\" sizes=\"auto, (max-width: 700px) 100vw, 700px\" \/><\/p>\n<p>Egalement dans les 3 derniers pays sur le \u00ab\u00a0tr\u00e8s difficile acc\u00e8s\u00a0\u00bb \u00e0 un arr\u00eat de transport public :<br \/>\n<img loading=\"lazy\" decoding=\"async\" class=\" aligncenter size-full wp-image-5468\" src=\"http:\/\/5.45.101.177\/haut-allier\/usagers-transportse\/wp-content\/uploads\/2024\/12\/acces-tres-difficile.jpg\" alt=\"acces-tres-difficile.jpg\" align=\"center\" width=\"700\" height=\"534\" srcset=\"https:\/\/usagers-transports.haut-allier.eu\/wp-content\/uploads\/2024\/12\/acces-tres-difficile.jpg 700w, https:\/\/usagers-transports.haut-allier.eu\/wp-content\/uploads\/2024\/12\/acces-tres-difficile-300x229.jpg 300w\" sizes=\"auto, (max-width: 700px) 100vw, 700px\" \/><\/p>\n<p>https:\/\/employment-social-affairs.ec.europa.eu\/transport-poverty-definitions-indicators-determinants-and-mitigation-strategies-final-report_en<br \/>\n&nbsp;<br \/>\n&nbsp;<br \/>\n[noir][fond jaune]<strong>Le dossier de la r\u00e9ouverture de ligne Thiers &#8211; Bo\u00ebn et de l&rsquo;axe Clermont-Ferrand Saint-Etienne<\/strong>[\/fond jaune][\/noir]<\/p>\n<p>Une r\u00e9union publique du CA de l&rsquo;association aura lieu le samedi 4 janvier 2025 en pr\u00e9sentiel d\u00e8s 10h30 en mairie de Noir\u00e9table (Loire). On y discutera notamment de la future op\u00e9ration d\u00e9broussaillage avec XR R\u00e9bellion et les Amis du Patrimoine Thiernois.<\/p>\n<p><iframe loading=\"lazy\" width=\"560\" height=\"315\" src=\"https:\/\/www.youtube.com\/embed\/-OgQJGIhVlo?si=moqh7csLhacobnZU\" title=\"YouTube video player\" frameborder=\"0\" allow=\"accelerometer; autoplay; clipboard-write; encrypted-media; gyroscope; picture-in-picture; web-share\" referrerpolicy=\"strict-origin-when-cross-origin\" allowfullscreen><\/iframe><br \/>\n&nbsp;<br \/>\n&nbsp;<br \/>\n[noir][fond jaune]<strong>La comp\u00e9tence sur certaines routes nationales transf\u00e9r\u00e9e au 1er janvier 2025 \u00e0 la r\u00e9gion Auvergne Rh\u00f4ne Alpes<\/strong>[\/fond jaune][\/noir]<\/p>\n<p>La r\u00e9gion et son ancien pr\u00e9sident n&rsquo;ont pas attendu la promulgation de la loi pour s\u2019autoriser \u00e0 am\u00e9nager la d\u00e9viation de Saint-Hostien \/ Le Pertuis. Un projet estim\u00e9 \u00e0 226,5 millions d\u2019euros engag\u00e9 hors comp\u00e9tences donc.<\/p>\n<p><img loading=\"lazy\" decoding=\"async\" class=\" aligncenter size-full wp-image-5469\" src=\"http:\/\/5.45.101.177\/haut-allier\/usagers-transportse\/wp-content\/uploads\/2024\/12\/projet-de-deviation-routiere-rn-88-12-29-2024_10_37_am.jpg\" alt=\"projet-de-deviation-routiere-rn-88--12-29-2024_10_37_am.jpg\" align=\"center\" width=\"745\" height=\"558\" srcset=\"https:\/\/usagers-transports.haut-allier.eu\/wp-content\/uploads\/2024\/12\/projet-de-deviation-routiere-rn-88-12-29-2024_10_37_am.jpg 745w, https:\/\/usagers-transports.haut-allier.eu\/wp-content\/uploads\/2024\/12\/projet-de-deviation-routiere-rn-88-12-29-2024_10_37_am-300x225.jpg 300w\" sizes=\"auto, (max-width: 745px) 100vw, 745px\" \/><\/p>\n<p>https:\/\/aurail.eu\/2024\/12\/la-region-auvergne-rhone-alpes-devient-competente-a-sa-demande-dune-partie-du-reseau-routier-national\/<br \/>\n&nbsp;<br \/>\n&nbsp;<br \/>\n[noir][fond jaune]<strong>Trains de nuit : Destination Trains de Nuit \u00e9labore ses propositions de nouvelles lignes et nouveaux am\u00e9nagements \u00e0 court et moyen termes<\/strong>[\/fond jaune][\/noir]<\/p>\n<p>L&rsquo;association porte son action principalement aupr\u00e8s des d\u00e9cideurs politiques et industriels.<\/p>\n<p>Ses membres se r\u00e9unissent pour une journ\u00e9e de travail fin janvier pr\u00e8s d&rsquo;Avignon. La desserte compl\u00e8te du massif central que nous souhaitons tous sera enfin sur la table. Les objectifs prioritaires d\u00e9cid\u00e9s feront partie de leur nouveau memorendum. <\/p>\n<p><img loading=\"lazy\" decoding=\"async\" class=\" aligncenter size-full wp-image-5470\" src=\"http:\/\/5.45.101.177\/haut-allier\/usagers-transportse\/wp-content\/uploads\/2024\/12\/destination-trains-de-nuit-pour-le-developpement-des-trains-de-nuit-en-europe-12-31-2024_08_34_am.jpg\" alt=\"destination-trains-de-nuit---pour-le-developpement-des-trains-de-nuit-en-europe-12-31-2024_08_34_am.jpg\" align=\"center\" width=\"971\" height=\"630\" srcset=\"https:\/\/usagers-transports.haut-allier.eu\/wp-content\/uploads\/2024\/12\/destination-trains-de-nuit-pour-le-developpement-des-trains-de-nuit-en-europe-12-31-2024_08_34_am.jpg 971w, https:\/\/usagers-transports.haut-allier.eu\/wp-content\/uploads\/2024\/12\/destination-trains-de-nuit-pour-le-developpement-des-trains-de-nuit-en-europe-12-31-2024_08_34_am-300x195.jpg 300w, https:\/\/usagers-transports.haut-allier.eu\/wp-content\/uploads\/2024\/12\/destination-trains-de-nuit-pour-le-developpement-des-trains-de-nuit-en-europe-12-31-2024_08_34_am-768x498.jpg 768w\" sizes=\"auto, (max-width: 971px) 100vw, 971px\" \/><\/p>\n<blockquote class=\"wp-embedded-content\" data-secret=\"nb8s8ELZmz\"><p><a href=\"https:\/\/destinationtrainsdenuit.eu\/2024\/12\/20\/destination-trains-de-nuit-prepare-son-nouveau-memorandum\/\">DESTINATION TRAINS DE NUIT pr\u00e9pare son nouveau m\u00e9morandum<\/a><\/p><\/blockquote>\n<p><iframe loading=\"lazy\" class=\"wp-embedded-content\" sandbox=\"allow-scripts\" security=\"restricted\" style=\"position: absolute; visibility: hidden;\" title=\"\u00ab\u00a0DESTINATION TRAINS DE NUIT pr\u00e9pare son nouveau m\u00e9morandum\u00a0\u00bb \u2014 DESTINATION TRAINS DE NUIT\" src=\"https:\/\/destinationtrainsdenuit.eu\/2024\/12\/20\/destination-trains-de-nuit-prepare-son-nouveau-memorandum\/embed\/#?secret=FZi3zDSbKm#?secret=nb8s8ELZmz\" data-secret=\"nb8s8ELZmz\" width=\"600\" height=\"338\" frameborder=\"0\" marginwidth=\"0\" marginheight=\"0\" scrolling=\"no\"><\/iframe><br \/>\n&nbsp;<br \/>\n&nbsp;<br \/>\n[noir][fond jaune]<strong>Ligne Bordeaux &#8211; Toulouse &#8211; Marseille : la commande de nouvelles rames est pass\u00e9e<\/strong>[\/fond jaune][\/noir]<\/p>\n<p>L\u2019\u00c9tat, SNCF Voyageurs et l\u2019Agence de financement des infrastructures de transport de France (AFIT France) ont sign\u00e9 le 2 d\u00e9cembre 2024 une convention pour le financement d\u2019une commande de 22 rames automotrices \u00ab Oxyg\u00e8ne \u00bb pour les trains d\u2019\u00e9quilibre du territoire (TET) Bordeaux \u2013 Toulouse \u2013 Marseille. Ce financement a permis d\u2019enclencher ce vendredi 20 d\u00e9cembre 2024, la notification de commande de SNCF Voyageurs \u00e0 l\u2019entreprise Construcciones y Auxiliar de Ferrocarriles (CAF), ce qui lance leur construction. Elles seront fabriqu\u00e9es dans l&rsquo;usine de Reichshoffen (Bas-Rhin).<\/p>\n<p>Ces automotrices \u00e9lectriques, sp\u00e9cialement con\u00e7ues pour les dessertes ferroviaires de moyenne et de longue distance, seront mises en circulation \u00e0 partir de 2028 et remplaceront les trains Corail et leurs locomotives sur la Transversale Sud, entre Bordeaux et Marseille. Un investissement de pr\u00e8s de 650 M\u20ac que porte int\u00e9gralement l\u2019\u00c9tat. <\/p>\n<p><img loading=\"lazy\" decoding=\"async\" class=\" aligncenter size-full wp-image-5471\" src=\"http:\/\/5.45.101.177\/haut-allier\/usagers-transportse\/wp-content\/uploads\/2024\/12\/presentation_oxygene_-_vue_raprochee-scaled.jpg\" alt=\"presentation_oxygene_-_vue_raprochee.jpg\" align=\"center\" width=\"2560\" height=\"1920\" srcset=\"https:\/\/usagers-transports.haut-allier.eu\/wp-content\/uploads\/2024\/12\/presentation_oxygene_-_vue_raprochee-scaled.jpg 2560w, https:\/\/usagers-transports.haut-allier.eu\/wp-content\/uploads\/2024\/12\/presentation_oxygene_-_vue_raprochee-300x225.jpg 300w, https:\/\/usagers-transports.haut-allier.eu\/wp-content\/uploads\/2024\/12\/presentation_oxygene_-_vue_raprochee-1024x768.jpg 1024w, https:\/\/usagers-transports.haut-allier.eu\/wp-content\/uploads\/2024\/12\/presentation_oxygene_-_vue_raprochee-768x576.jpg 768w, https:\/\/usagers-transports.haut-allier.eu\/wp-content\/uploads\/2024\/12\/presentation_oxygene_-_vue_raprochee-1536x1152.jpg 1536w, https:\/\/usagers-transports.haut-allier.eu\/wp-content\/uploads\/2024\/12\/presentation_oxygene_-_vue_raprochee-2048x1536.jpg 2048w\" sizes=\"auto, (max-width: 2560px) 100vw, 2560px\" \/><\/p>\n<p>Le march\u00e9 conclu le 5 d\u00e9cembre 2019 entre SNCF Voyageurs et CAF comporte aussi une tranche ferme de 28 rames, qui sera mise en service en 2027 sur les lignes TET Paris \u2013 Clermont-Ferrand et Paris \u2013 Limoges \u2013 Toulouse, et une tranche optionnelle de 75 rames. Les 22 rames destin\u00e9es \u00e0 la ligne TET Bordeaux \u2013 Toulouse \u2013 Marseille sont les premi\u00e8res command\u00e9es sur la tranche optionnelle.<br \/>\n&nbsp;<br \/>\n&nbsp;<br \/>\n[noir][fond jaune]<strong>Le CEREMA organise une journ\u00e9e nationale \u00ab Petites lignes ferroviaires \u00bb, centr\u00e9e sur le transport de voyageurs le 18 mars 2025<\/strong>[\/fond jaune][\/noir]<\/p>\n<p>Elle se tiendra \u00e0 Champs-sur-Marne (15 mn de Paris par le RER A). <\/p>\n<p>Les 9 000 km de \u00ab petites lignes \u00bb du r\u00e9seau ferr\u00e9 national emprunt\u00e9es par des trains de voyageurs se caract\u00e9risent souvent par des trafics et des performances modestes. Cependant, nombre d&rsquo;entre elles pr\u00e9sentent \u00e9galement un potentiel strat\u00e9gique pour connecter les territoires ruraux aux grandes agglom\u00e9rations, en passant par les zones p\u00e9riurbaines.<\/p>\n<p>Comment exploiter le potentiel des petites lignes ? C\u2019est la question cl\u00e9 de cette journ\u00e9e, o\u00f9 d\u00e9cideurs, exploitants et techniciens se r\u00e9uniront pour partager leur expertise et leurs visions.<\/p>\n<p>Au programme :<\/p>\n<p>* Portrait actuel des petites lignes : quels enjeux territoriaux, techniques, financiers et soci\u00e9taux ?<br \/>\n* Retours d\u2019exp\u00e9riences : t\u00e9moignages de divers territoires.<br \/>\n* L\u2019avenir des petites lignes : vision strat\u00e9gique, nouveau cadre r\u00e9glementaire et solutions techniques.<\/p>\n<p>https:\/\/www.cerema.fr\/fr\/centre-ressources\/newsletters\/flash-mobilites-ex-transflash\/vos-agendas-journee-nationale-petites-lignes-ferroviaires<br \/>\n&nbsp;<br \/>\n&nbsp;<br \/>\n[noir][fond jaune]<strong>Voyager en train : l\u2019exp\u00e9rience slow \u00e0 essayer au moins une fois<\/strong>[\/fond jaune][\/noir]<\/p>\n<p>Nous sur la ligne des C\u00e9vennes nous la testons en permanence l&rsquo;exp\u00e9rience&#8230; Et on ajoute qu&rsquo;on y aimerait bien voyager l&rsquo;hiver, disons avant mi juin.<\/p>\n<p>Extrait : <\/p>\n<p>Voyager en train, c\u2019est embrasser une philosophie de lenteur b\u00e9n\u00e9fique et apaisante. Cette aventure \u00e9pur\u00e9e transcende le simple d\u00e9placement en offrant de v\u00e9ritables instants de contemplation. La magie des rails d\u00e9voile des paysages enchanteurs, invitant \u00e0 la r\u00eaverie.<\/p>\n<p>Chaque trajet devient une critique du fr\u00e9n\u00e9tique moderne, balayant les clich\u00e9s du voyage traditionnel. Les rencontres, souvent inattendues, nourrissent des \u00e9changes authentiques, fa\u00e7onnant des souvenirs inoubliables. Le train stimule une nouvelle mani\u00e8re de percevoir le temps, o\u00f9 chaque minute compte.<\/p>\n<p>Les exp\u00e9riences de voyage en train offrent un doux m\u00e9lange d\u2019immersion et d\u2019\u00e9merveillement. Faites le choix d\u2019une route singuli\u00e8re cette ann\u00e9e, permettant \u00e0 l\u2019\u00e2me de vagabonder en dehors des sentiers battus.<\/p>\n<p>R\u00e9capitulatif :<\/p>\n<p>Voyager en train offre une exp\u00e9rience immersive in\u00e9gal\u00e9e.<br \/>\nLe slow travel privil\u00e9gie le d\u00e9couvertes au fil du trajet.<br \/>\nLes paysages d\u00e9filants sont une invitation \u00e0 la m\u00e9ditation.<br \/>\nLes rencontres inattendues avec d\u2019autres voyageurs enrichissent le voyage.<br \/>\nLes trains de nuit permettent d\u2019optimiser le temps de voyage.<br \/>\nLe train est un mode de transport durable et \u00e9cologique.<br \/>\n\u00c9viter les tendances touristiques en choisissant des itin\u00e9raires moins fr\u00e9quent\u00e9s.<br \/>\nPrendre son temps renforce l\u2019authenticit\u00e9 des exp\u00e9riences.<br \/>\nFormer des souvenirs m\u00e9morables en savourant chaque instant.<br \/>\nLes trajets en train favorisent une immersion dans la culture locale.<\/p>\n<p><img loading=\"lazy\" decoding=\"async\" class=\" aligncenter size-full wp-image-5472\" src=\"http:\/\/5.45.101.177\/haut-allier\/usagers-transportse\/wp-content\/uploads\/2024\/12\/voyager-en-train-lexperience-slow-a-essayer-au-moins-une-fois.jpg\" alt=\"voyager-en-train-lexperience-slow-a-essayer-au-moins-une-fois.jpg\" align=\"center\" width=\"1425\" height=\"950\" srcset=\"https:\/\/usagers-transports.haut-allier.eu\/wp-content\/uploads\/2024\/12\/voyager-en-train-lexperience-slow-a-essayer-au-moins-une-fois.jpg 1425w, https:\/\/usagers-transports.haut-allier.eu\/wp-content\/uploads\/2024\/12\/voyager-en-train-lexperience-slow-a-essayer-au-moins-une-fois-300x200.jpg 300w, https:\/\/usagers-transports.haut-allier.eu\/wp-content\/uploads\/2024\/12\/voyager-en-train-lexperience-slow-a-essayer-au-moins-une-fois-1024x683.jpg 1024w, https:\/\/usagers-transports.haut-allier.eu\/wp-content\/uploads\/2024\/12\/voyager-en-train-lexperience-slow-a-essayer-au-moins-une-fois-768x512.jpg 768w\" sizes=\"auto, (max-width: 1425px) 100vw, 1425px\" \/><\/p>\n<p>https:\/\/www.leblogdes5filles.fr\/voyager-en-train-lexperience-slow-a-essayer-au-moins-une-fois\/<br \/>\n&nbsp;<br \/>\n&nbsp;<br \/>\n[noir][fond jaune]<strong>Le coup de gueule de notre ami franco-suisse \u00e0 Retournac<\/strong>[\/fond jaune][\/noir]<\/p>\n<blockquote class=\"poesie\"><p>\nJe suis \u00e0 la gare de Bas Monistrol, qui est occup\u00e9 avec du personnel.<\/p>\n<p>Je trouve ces explications et un feuille pour signer la p\u00e9tition.<\/p>\n<p><img loading=\"lazy\" decoding=\"async\" class=\" aligncenter size-full wp-image-5473\" src=\"http:\/\/5.45.101.177\/haut-allier\/usagers-transportse\/wp-content\/uploads\/2024\/12\/1000022999-scaled.jpg\" alt=\"1000022999.jpg\" align=\"center\" width=\"1920\" height=\"2560\" srcset=\"https:\/\/usagers-transports.haut-allier.eu\/wp-content\/uploads\/2024\/12\/1000022999-scaled.jpg 1920w, https:\/\/usagers-transports.haut-allier.eu\/wp-content\/uploads\/2024\/12\/1000022999-225x300.jpg 225w, https:\/\/usagers-transports.haut-allier.eu\/wp-content\/uploads\/2024\/12\/1000022999-768x1024.jpg 768w, https:\/\/usagers-transports.haut-allier.eu\/wp-content\/uploads\/2024\/12\/1000022999-1152x1536.jpg 1152w, https:\/\/usagers-transports.haut-allier.eu\/wp-content\/uploads\/2024\/12\/1000022999-1536x2048.jpg 1536w\" sizes=\"auto, (max-width: 1920px) 100vw, 1920px\" \/><\/p>\n<p>Nous sommes le 15 d\u00e9cembre 2024.<br \/>\nLes horaires ont chang\u00e9 cette nuit !<br \/>\nMalgr\u00e9 ce changement, seules les fiches d&rsquo;horaires p\u00e9rim\u00e9es sont encore expos\u00e9es.<\/p>\n<p>Pourquoi vous voulez gardez du personnel dans les gares, quand ceux-ci ne sont m\u00eame pas capables de faire un simple \u00e9change des horaires correctement.<\/p>\n<p>Un tel comportement inacceptable aurait  d\u00e9clench\u00e9 en Suisse (ou en Allemagne ou en Autriche) des articles de journal et des r\u00e9actions de clients&#8230; d\u00e9j\u00e0 en 1982,  quand la plupart des gares \u00e9taient encore ouvertes et de changer des documents et plaques d&rsquo;horaires NIGG en m\u00e9tal \u00e9tait beaucoup plus compliqu\u00e9 que d&rsquo;imprimer un pdf depuis l&rsquo;ordinateur, croyez-moi&#8230;<\/p>\n<p>Si les employ\u00e9s des gares travaillent tellement, ils pr\u00e9sentent des tr\u00e8s mauvaises pr\u00e9textes pour demander le maintien des ouvertures \u00e0 la direction, non&#8230;?<\/p>\n<p>Heureusement que les nouvelles fiches d&rsquo;horaires sont d\u00e9j\u00e0 disponibles au moins 2 semaines avant pour pr\u00e9voir et informer les clients correctement&#8230;!<\/p>\n<p>Il faut toujours voir au moins les deux c\u00f4t\u00e9s d&rsquo;une histoire&#8230; Et \u00e7a c&rsquo;\u00e9tait de nouveau un tr\u00e8s joli exemple.<\/p>\n<p>Moi, comme client, je dois TOUJOURS scrupuleusement suivre les regles. Mais SNCF les suit quand elle a vraiment envie.<\/p>\n<p><em>Hansruedi <\/em>\n<\/p><\/blockquote>\n<p>&nbsp;<br \/>\n&nbsp;<br \/>\n[noir][fond jaune]<strong>La ligne des C\u00e9vennes toujours ferm\u00e9e<\/strong>[\/fond jaune][\/noir]<\/p>\n<p>Quant \u00e0 notre ligne N\u00eemes Clermont-Ferrand elle ne rouvrira que le 6 juin, apr\u00e8s le d\u00e9raillement pr\u00e8s de Villefort et la coupure de trois mois planifi\u00e9e pour travaux \u00ab\u00a0de maintien en l&rsquo;\u00e9tat\u00a0\u00bb.<\/p>\n<p>Aucune am\u00e9lioration de ce c\u00f4t\u00e9 l\u00e0 les usagers continueront \u00e0 se d\u00e9tourner du train et prendront leurs voitures car ils d\u00e9testent les bus de substitution quand il y en a, et on ne paie pas un billet de train pour voyager en car.<\/p>\n<p><strong>Joyeuse ann\u00e9e quand m\u00eame.<\/strong><\/p>\n","protected":false},"excerpt":{"rendered":"<p>Un petit r\u00e9capitulatif avant de vous souhaiter une belle et glorieuse ann\u00e9e 2025 ! [noir][fond jaune]La Commission europ\u00e9enne<\/p>\n","protected":false},"author":1,"featured_media":5466,"comment_status":"open","ping_status":"open","sticky":false,"template":"","format":"standard","meta":{"footnotes":""},"categories":[2],"tags":[],"class_list":["post-1169","post","type-post","status-publish","format-standard","has-post-thumbnail","hentry","category-infos"],"_links":{"self":[{"href":"https:\/\/usagers-transports.haut-allier.eu\/index.php\/wp-json\/wp\/v2\/posts\/1169","targetHints":{"allow":["GET"]}}],"collection":[{"href":"https:\/\/usagers-transports.haut-allier.eu\/index.php\/wp-json\/wp\/v2\/posts"}],"about":[{"href":"https:\/\/usagers-transports.haut-allier.eu\/index.php\/wp-json\/wp\/v2\/types\/post"}],"author":[{"embeddable":true,"href":"https:\/\/usagers-transports.haut-allier.eu\/index.php\/wp-json\/wp\/v2\/users\/1"}],"replies":[{"embeddable":true,"href":"https:\/\/usagers-transports.haut-allier.eu\/index.php\/wp-json\/wp\/v2\/comments?post=1169"}],"version-history":[{"count":0,"href":"https:\/\/usagers-transports.haut-allier.eu\/index.php\/wp-json\/wp\/v2\/posts\/1169\/revisions"}],"wp:featuredmedia":[{"embeddable":true,"href":"https:\/\/usagers-transports.haut-allier.eu\/index.php\/wp-json\/wp\/v2\/media\/5466"}],"wp:attachment":[{"href":"https:\/\/usagers-transports.haut-allier.eu\/index.php\/wp-json\/wp\/v2\/media?parent=1169"}],"wp:term":[{"taxonomy":"category","embeddable":true,"href":"https:\/\/usagers-transports.haut-allier.eu\/index.php\/wp-json\/wp\/v2\/categories?post=1169"},{"taxonomy":"post_tag","embeddable":true,"href":"https:\/\/usagers-transports.haut-allier.eu\/index.php\/wp-json\/wp\/v2\/tags?post=1169"}],"curies":[{"name":"wp","href":"https:\/\/api.w.org\/{rel}","templated":true}]}}