{"id":117,"date":"2014-02-10T20:01:24","date_gmt":"2014-02-10T19:01:24","guid":{"rendered":"http:\/\/5.45.101.177\/haut-allier\/usagers-transportse\/index.php\/2014\/02\/10\/22-fevrier-a-clermont117\/"},"modified":"2026-09-01T15:53:22","modified_gmt":"2026-09-01T13:53:22","slug":"22-fevrier-a-clermont117","status":"publish","type":"post","link":"https:\/\/usagers-transports.haut-allier.eu\/index.php\/2014\/02\/10\/22-fevrier-a-clermont117\/","title":{"rendered":"22 f\u00e9vrier \u00e0 Clermont : rassemblement pour le service public SNCF dans le massif central"},"content":{"rendered":"C&rsquo;est d\u00e9sormais officiel (voir notre <a href=\"http:\/\/usagers-transports.haut-allier.eu\/spip.php?article100\">article<\/a> du 19 d\u00e9cembre)  7 lignes ferroviaires impactant les relations interr\u00e9gionales partant, arrivant ou passant par le massif central sont menac\u00e9es de fermeture d&rsquo;ici 2020 si des travaux ne sont pas engag\u00e9s.\n&nbsp;\nSuite \u00e0 la r\u00e9union du vendredi 7 f\u00e9vrier \u00e0 Clermont il a \u00e9t\u00e9 d\u00e9cid\u00e9 par les pr\u00e9sents une grande action au printemps sur toute la r\u00e9gion avant un rendez-vous avec le ministre.\n&nbsp;\nEn attendant les cheminots CGT de la r\u00e9gion Auvergne Nivernais appellent \u00e0 un rassemblement le plus large pour imposer le d\u00e9veloppement du service public SNCF dans le massif central. Une action d&rsquo;int\u00e9r\u00eat g\u00e9n\u00e9ral mais aussi vital pour eux.\n&nbsp;\n<strong>Samedi 22 f\u00e9vrier 2014\nde 10 heures 45 \u00e0 14 heures\nDevant la gare puis place du 1er mai \nClermont-Ferrand<\/strong>\n&nbsp;\nUsagers, et \u00e9lus sont concern\u00e9s et convi\u00e9s \u00e0 se joindre \u00e0 la manifestation.\n&nbsp;\nL&rsquo;appel du sympathique cheminot :\n&nbsp;\n<a href=\"IMG\/avi\/cheminot-nn.avi\">cheminot-nn.avi<\/a><p>&nbsp;<\/p>\n\n\t<figure class=\"wp-block-gallery columns-1 is-cropped wp-block-gallery-1 is-layout-flex wp-block-gallery-is-layout-flex\">\n\t\t<ul class=\"blocks-gallery-grid\">\n\t\t\t<li class=\"blocks-gallery-item\">\n\t\t\t\t<figure>\n\t\t\t\t\t\t\t\t\t\t\t<img loading=\"lazy\" decoding=\"async\" width=\"640\" height=\"480\" src=\"http:\/\/5.45.101.177\/haut-allier\/usagers-transportse\/wp-content\/uploads\/2014\/02\/vlcsnap-2014-02-10-19h46m55s150.jpg\"\n\t\t\t\t\t\t alt=\"vlcsnap-2014-02-10-19h46m55s150.jpg\"\n\t\t\t\t\t\t data-id=\"1597\"\n\t\t\t\t\t\t data-full-url=\"http:\/\/5.45.101.177\/haut-allier\/usagers-transportse\/wp-content\/uploads\/2014\/02\/vlcsnap-2014-02-10-19h46m55s150.jpg\"\n\t\t\t\t\t\t data-link=\"http:\/\/5.45.101.177\/haut-allier\/usagers-transportse\/attachment-vlcsnap-2014-02-10-19h46m55s150-jpg\/\"\n\t\t\t\t\t\t class=\"wp-image-1597\" srcset=\"https:\/\/usagers-transports.haut-allier.eu\/wp-content\/uploads\/2014\/02\/vlcsnap-2014-02-10-19h46m55s150.jpg 640w, https:\/\/usagers-transports.haut-allier.eu\/wp-content\/uploads\/2014\/02\/vlcsnap-2014-02-10-19h46m55s150-300x225.jpg 300w\" sizes=\"auto, (max-width: 640px) 100vw, 640px\" \/>\n\t\t\t\t<\/figure>\n\t\t\t<\/li>\n\t\t<\/ul>\n\t<\/figure>\n","protected":false},"excerpt":{"rendered":"<p>C&rsquo;est d\u00e9sormais officiel (voir notre article du 19 d\u00e9cembre) 7 lignes ferroviaires impactant les relations interr\u00e9gionales partant, arrivant<\/p>\n","protected":false},"author":1,"featured_media":1596,"comment_status":"closed","ping_status":"open","sticky":false,"template":"","format":"standard","meta":{"footnotes":""},"categories":[2],"tags":[],"class_list":["post-117","post","type-post","status-publish","format-standard","has-post-thumbnail","hentry","category-infos"],"_links":{"self":[{"href":"https:\/\/usagers-transports.haut-allier.eu\/index.php\/wp-json\/wp\/v2\/posts\/117","targetHints":{"allow":["GET"]}}],"collection":[{"href":"https:\/\/usagers-transports.haut-allier.eu\/index.php\/wp-json\/wp\/v2\/posts"}],"about":[{"href":"https:\/\/usagers-transports.haut-allier.eu\/index.php\/wp-json\/wp\/v2\/types\/post"}],"author":[{"embeddable":true,"href":"https:\/\/usagers-transports.haut-allier.eu\/index.php\/wp-json\/wp\/v2\/users\/1"}],"replies":[{"embeddable":true,"href":"https:\/\/usagers-transports.haut-allier.eu\/index.php\/wp-json\/wp\/v2\/comments?post=117"}],"version-history":[{"count":1,"href":"https:\/\/usagers-transports.haut-allier.eu\/index.php\/wp-json\/wp\/v2\/posts\/117\/revisions"}],"predecessor-version":[{"id":1598,"href":"https:\/\/usagers-transports.haut-allier.eu\/index.php\/wp-json\/wp\/v2\/posts\/117\/revisions\/1598"}],"wp:featuredmedia":[{"embeddable":true,"href":"https:\/\/usagers-transports.haut-allier.eu\/index.php\/wp-json\/wp\/v2\/media\/1596"}],"wp:attachment":[{"href":"https:\/\/usagers-transports.haut-allier.eu\/index.php\/wp-json\/wp\/v2\/media?parent=117"}],"wp:term":[{"taxonomy":"category","embeddable":true,"href":"https:\/\/usagers-transports.haut-allier.eu\/index.php\/wp-json\/wp\/v2\/categories?post=117"},{"taxonomy":"post_tag","embeddable":true,"href":"https:\/\/usagers-transports.haut-allier.eu\/index.php\/wp-json\/wp\/v2\/tags?post=117"}],"curies":[{"name":"wp","href":"https:\/\/api.w.org\/{rel}","templated":true}]}}