{"id":1170,"date":"2025-01-08T08:32:00","date_gmt":"2025-01-08T07:32:00","guid":{"rendered":"http:\/\/5.45.101.177\/haut-allier\/usagers-transportse\/index.php\/2025\/01\/08\/les-webinaires-du-reseau-europeen1170\/"},"modified":"2025-01-08T08:32:00","modified_gmt":"2025-01-08T07:32:00","slug":"les-webinaires-du-reseau-europeen1170","status":"publish","type":"post","link":"https:\/\/usagers-transports.haut-allier.eu\/index.php\/2025\/01\/08\/les-webinaires-du-reseau-europeen1170\/","title":{"rendered":"Les webinaires du R\u00e9seau europ\u00e9en #enTrain \u00e0 partir du 15 janvier"},"content":{"rendered":"<p>Le r\u00e9seau #enTrain propose une nouvelle s\u00e9rie de s\u00e9minaires en ligne et les ouvre \u00e0 tous. Ils s&rsquo;inscrivent dans le cadre de la pr\u00e9paration des forums annuels de l&rsquo;association \u00e0 l&rsquo;automne : en 2024 \u00e0 Lille le th\u00e8me \u00e9tait \u00ab\u00a0Les RER m\u00e9tropolitains, splendeur et mis\u00e8re\u00a0\u00bb, en 2023 \u00e0 Bruxelles le th\u00e8me fut \u00ab\u00a0Le train par del\u00e0 les fronti\u00e8res\u00a0\u00bb.<\/p>\n<p>Ils se d\u00e9rouleront tous les 10 du mois \u00e0 18 heures sauf le premier, pr\u00e9vu le 15 janvier de 18h00 \u00e0 19h30.<\/p>\n<p>On pourra recevoir le programme complet 2025 en s&rsquo;inscrivant \u00e0 leur lettre \u00e9lectronique.<br \/>\n[rouge]reseau.entrain@laposte.net[\/rouge]<\/p>\n<p><strong>Le 15 janvier prochain \u00e0 18h nous parlerons d&rsquo;un risque, celui de la m\u00e9tropolisation qui interviendra s\u00fbrement si la mise en place des RER r\u00e9gionaux, les SERM, sont install\u00e9s sans la prise en compte des dessertes plus rurales. La question abord\u00e9e sera donc : <em>Vers des d\u00e9placements toujours plus agglocentr\u00e9s ?<\/strong><\/em><\/p>\n<p>L\u2019exemple pris sera celui de Lille avec Mathieu Chassignet, Ing\u00e9nieur sp\u00e9cialiste des mobilit\u00e9s durables et contributeur du think tank lillois Axe culture. Il portera un regard averti sur les nouveaux projets de transports lillois et reviendra sur le danger accru de m\u00e9tropolisation, th\u00e8me de notre forum 2024.<\/p>\n<p>Un lien visio vous sera communiqu\u00e9 apr\u00e8s inscription (en donnant vos noms et pr\u00e9noms) au m\u00eame mail :<br \/>\n[rouge]reseau.entrain@laposte.net[\/rouge]<\/p>\n<p><img loading=\"lazy\" decoding=\"async\" class=\" aligncenter size-full wp-image-5475\" src=\"http:\/\/5.45.101.177\/haut-allier\/usagers-transportse\/wp-content\/uploads\/2025\/01\/webinaireentrain01-f.jpg\" alt=\"webinaireentrain01-f.jpg\" align=\"center|kenburns=1.15\" width=\"1265\" height=\"1789\" srcset=\"https:\/\/usagers-transports.haut-allier.eu\/wp-content\/uploads\/2025\/01\/webinaireentrain01-f.jpg 1265w, https:\/\/usagers-transports.haut-allier.eu\/wp-content\/uploads\/2025\/01\/webinaireentrain01-f-212x300.jpg 212w, https:\/\/usagers-transports.haut-allier.eu\/wp-content\/uploads\/2025\/01\/webinaireentrain01-f-724x1024.jpg 724w, https:\/\/usagers-transports.haut-allier.eu\/wp-content\/uploads\/2025\/01\/webinaireentrain01-f-768x1086.jpg 768w, https:\/\/usagers-transports.haut-allier.eu\/wp-content\/uploads\/2025\/01\/webinaireentrain01-f-1086x1536.jpg 1086w\" sizes=\"auto, (max-width: 1265px) 100vw, 1265px\" \/><\/p>\n<p>N&rsquo;h\u00e9sitez pas c&rsquo;est ouvert \u00e0 tous et toutes.<\/p>\n<p>Le site du <a href=\"https:\/\/reseauentrain.eu\"><em>R\u00e9seau europ\u00e9en #enTrain<\/em><\/a>.<\/p>\n","protected":false},"excerpt":{"rendered":"<p>Le r\u00e9seau #enTrain propose une nouvelle s\u00e9rie de s\u00e9minaires en ligne et les ouvre \u00e0 tous. Ils s&rsquo;inscrivent<\/p>\n","protected":false},"author":1,"featured_media":5474,"comment_status":"open","ping_status":"open","sticky":false,"template":"","format":"standard","meta":{"footnotes":""},"categories":[5],"tags":[],"class_list":["post-1170","post","type-post","status-publish","format-standard","has-post-thumbnail","hentry","category-ensemble"],"_links":{"self":[{"href":"https:\/\/usagers-transports.haut-allier.eu\/index.php\/wp-json\/wp\/v2\/posts\/1170","targetHints":{"allow":["GET"]}}],"collection":[{"href":"https:\/\/usagers-transports.haut-allier.eu\/index.php\/wp-json\/wp\/v2\/posts"}],"about":[{"href":"https:\/\/usagers-transports.haut-allier.eu\/index.php\/wp-json\/wp\/v2\/types\/post"}],"author":[{"embeddable":true,"href":"https:\/\/usagers-transports.haut-allier.eu\/index.php\/wp-json\/wp\/v2\/users\/1"}],"replies":[{"embeddable":true,"href":"https:\/\/usagers-transports.haut-allier.eu\/index.php\/wp-json\/wp\/v2\/comments?post=1170"}],"version-history":[{"count":0,"href":"https:\/\/usagers-transports.haut-allier.eu\/index.php\/wp-json\/wp\/v2\/posts\/1170\/revisions"}],"wp:featuredmedia":[{"embeddable":true,"href":"https:\/\/usagers-transports.haut-allier.eu\/index.php\/wp-json\/wp\/v2\/media\/5474"}],"wp:attachment":[{"href":"https:\/\/usagers-transports.haut-allier.eu\/index.php\/wp-json\/wp\/v2\/media?parent=1170"}],"wp:term":[{"taxonomy":"category","embeddable":true,"href":"https:\/\/usagers-transports.haut-allier.eu\/index.php\/wp-json\/wp\/v2\/categories?post=1170"},{"taxonomy":"post_tag","embeddable":true,"href":"https:\/\/usagers-transports.haut-allier.eu\/index.php\/wp-json\/wp\/v2\/tags?post=1170"}],"curies":[{"name":"wp","href":"https:\/\/api.w.org\/{rel}","templated":true}]}}