{"id":1171,"date":"2025-01-08T15:54:22","date_gmt":"2025-01-08T14:54:22","guid":{"rendered":"http:\/\/5.45.101.177\/haut-allier\/usagers-transportse\/index.php\/2025\/01\/08\/la-galere-pour-acheter-un-billet1171\/"},"modified":"2025-01-08T15:54:22","modified_gmt":"2025-01-08T14:54:22","slug":"la-galere-pour-acheter-un-billet1171","status":"publish","type":"post","link":"https:\/\/usagers-transports.haut-allier.eu\/index.php\/2025\/01\/08\/la-galere-pour-acheter-un-billet1171\/","title":{"rendered":"La gal\u00e8re pour acheter un billet sur SNCF Connect ? Passez \u00e0 1.2.Train"},"content":{"rendered":"<p>On n&rsquo;en peut plus de SNCF-Connect ? Que dirions nous d&rsquo;une solution ultra rapide pour r\u00e9gler nos places SNCF ? C&rsquo;est <em> <strong>1.2.Train<\/strong> <\/em> qu&rsquo;il nous faut. De quoi \u00e9chapper \u00e0 la bouse de la SNCF, un site enfin tout simple, sans application monstrueuse \u00e0 t\u00e9l\u00e9charger tous les 15 jours, sans publicit\u00e9s (pour l&rsquo;instant), et tr\u00e8s rapide pour obtenir des billets. 1.2. Test.<\/p>\n<p>D&rsquo;entr\u00e9e les d\u00e9fauts rapidement apparents :<\/p>\n<p>&#8211; Encore quelques bugs de jeunesse<br \/>\n&#8211; Aucune r\u00e9ponse affich\u00e9e pour certains parcours (le concepteur nous indique r\u00e9percuter les r\u00e9sultats de SNCF, il manquerait selon nous un message d&rsquo;erreur explicatif)<br \/>\n&#8211; Toujours pas de solutions affich\u00e9es pour les trajets \u00e0 plus de 2 correspondances<br \/>\n&#8211; Incapable de proposer des combinaisons TGV avec place v\u00e9lo + TER<\/p>\n<p>Mais le principal est l\u00e0 :<\/p>\n<p>&#8211; il prend en compte les cartes de r\u00e9duction<br \/>\n&#8211; les prix semblent tr\u00e8s corrects<br \/>\n&#8211; il est effectivement tr\u00e8s rapide : <em>\u00ab\u00a01.2.Train fait tout pour vous permettre de prendre vos billets en quelques clics en moins d&rsquo;une minute\u00a0\u00bb<\/em> est le credo du site. Le concepteur a m\u00eame r\u00e9alis\u00e9 une vid\u00e9o pour d\u00e9montrer sa rapidit\u00e9 sur un billet TGV Inoui :<\/p>\n<p><a href=\"http:\/\/5.45.101.177\/haut-allier\/usagers-transportse\/wp-content\/uploads\/2025\/01\/145c07cfb6523593.mp4\">145c07cfb6523593.mp4<\/a><\/p>\n<p>L&rsquo;op\u00e9rateur de voyages et de s\u00e9jours est d\u00e9clar\u00e9 \u00e0 Strasbourg. Le fondateur et reponsable technique de 1.2.Train est \u00e9galement le cr\u00e9ateur du site et de l&rsquo;application <a href=\"https:\/\/www.trainoclock.com\/\"><em>TrainOClock<\/em><\/a> \u00e9labor\u00e9es dans le m\u00eame esprit de rapidit\u00e9 et simplicit\u00e9 mais ce dernier site ne fait pas de vente de billets et sert uniquement \u00e0 rechercher ses horaires et ses trajets et <strong>les r\u00e9sultats ne sont pas limit\u00e9es \u00e0 deux correspondances et \u00e0 un seul op\u00e9rateur<\/strong>. Un MUST. Exemple : <\/p>\n<p><img loading=\"lazy\" decoding=\"async\" class=\" aligncenter size-full wp-image-5478\" src=\"http:\/\/5.45.101.177\/haut-allier\/usagers-transportse\/wp-content\/uploads\/2025\/01\/horaires-de-train-alleyras-marseille-saint-charles-01-08-2025_02_46_pm.jpg\" alt=\"horaires-de-train-alleyras-marseille-saint-charles-01-08-2025_02_46_pm.jpg\" align=\"center\" width=\"1325\" height=\"1050\" srcset=\"https:\/\/usagers-transports.haut-allier.eu\/wp-content\/uploads\/2025\/01\/horaires-de-train-alleyras-marseille-saint-charles-01-08-2025_02_46_pm.jpg 1325w, https:\/\/usagers-transports.haut-allier.eu\/wp-content\/uploads\/2025\/01\/horaires-de-train-alleyras-marseille-saint-charles-01-08-2025_02_46_pm-300x238.jpg 300w, https:\/\/usagers-transports.haut-allier.eu\/wp-content\/uploads\/2025\/01\/horaires-de-train-alleyras-marseille-saint-charles-01-08-2025_02_46_pm-1024x811.jpg 1024w, https:\/\/usagers-transports.haut-allier.eu\/wp-content\/uploads\/2025\/01\/horaires-de-train-alleyras-marseille-saint-charles-01-08-2025_02_46_pm-768x609.jpg 768w\" sizes=\"auto, (max-width: 1325px) 100vw, 1325px\" \/><\/p>\n<p>Train Oclock \u00e9labore sur demande une fiche horaire d\u00e9taill\u00e9e qui vous permetra de tout savoir et planifier sur votre trajet. Attention c&rsquo;est long et notre article continue dessous :<\/p>\n<p><img loading=\"lazy\" decoding=\"async\" class=\" aligncenter size-full wp-image-5479\" src=\"http:\/\/5.45.101.177\/haut-allier\/usagers-transportse\/wp-content\/uploads\/2025\/01\/fiche-horaire-alleyras-vers-marseille-saint-charles-ter-horaires-hebdomadaires-01-08-2025_03_00_pm-scaled.jpg\" alt=\"fiche-horaire-alleyras-vers-marseille-saint-charles-ter-horaires-hebdomadaires-01-08-2025_03_00_pm.jpg\" align=\"center\" width=\"140\" height=\"2560\" srcset=\"https:\/\/usagers-transports.haut-allier.eu\/wp-content\/uploads\/2025\/01\/fiche-horaire-alleyras-vers-marseille-saint-charles-ter-horaires-hebdomadaires-01-08-2025_03_00_pm-scaled.jpg 140w, https:\/\/usagers-transports.haut-allier.eu\/wp-content\/uploads\/2025\/01\/fiche-horaire-alleyras-vers-marseille-saint-charles-ter-horaires-hebdomadaires-01-08-2025_03_00_pm-56x1024.jpg 56w, https:\/\/usagers-transports.haut-allier.eu\/wp-content\/uploads\/2025\/01\/fiche-horaire-alleyras-vers-marseille-saint-charles-ter-horaires-hebdomadaires-01-08-2025_03_00_pm-84x1536.jpg 84w, https:\/\/usagers-transports.haut-allier.eu\/wp-content\/uploads\/2025\/01\/fiche-horaire-alleyras-vers-marseille-saint-charles-ter-horaires-hebdomadaires-01-08-2025_03_00_pm-112x2048.jpg 112w\" sizes=\"auto, (max-width: 140px) 100vw, 140px\" \/><\/p>\n<p>De plus il est possible de rechercher des trajets de train dans le monde entier ! T\u00e9moin la liste des pays affich\u00e9e \u00e0 la <a href=\"https:\/\/www.trainoclock.com\/\"><em>connexion<\/em><\/a>:<\/p>\n<p><img loading=\"lazy\" decoding=\"async\" class=\" aligncenter size-full wp-image-5480\" src=\"http:\/\/5.45.101.177\/haut-allier\/usagers-transportse\/wp-content\/uploads\/2025\/01\/train-o-clock-international-train-times-01-08-2025_03_02_pm.jpg\" alt=\"train-o-clock-international-train-times-01-08-2025_03_02_pm.jpg\" align=\"center\" width=\"757\" height=\"1316\" srcset=\"https:\/\/usagers-transports.haut-allier.eu\/wp-content\/uploads\/2025\/01\/train-o-clock-international-train-times-01-08-2025_03_02_pm.jpg 757w, https:\/\/usagers-transports.haut-allier.eu\/wp-content\/uploads\/2025\/01\/train-o-clock-international-train-times-01-08-2025_03_02_pm-173x300.jpg 173w, https:\/\/usagers-transports.haut-allier.eu\/wp-content\/uploads\/2025\/01\/train-o-clock-international-train-times-01-08-2025_03_02_pm-589x1024.jpg 589w\" sizes=\"auto, (max-width: 757px) 100vw, 757px\" \/><\/p>\n<p>Les f\u00e9rus de programmation reconna\u00eetront dans le code g\u00e9n\u00e9r\u00e9 par les deux sites une ma\u00eetrise exemplaire du programmeur. Nos f\u00e9licitations. Il ne reste plus qu&rsquo;\u00e0 r\u00e9soudre les petits bugs de jeunesse avec notamment le non affichage de certains trajets.<\/p>\n<p>1.2.Train est de plus une soci\u00e9t\u00e9 100% autofinanc\u00e9e, <a href=\"https:\/\/www.12train.com\/about\">sans appel de fonds<\/a> ext\u00e9rieur.<\/p>\n<p><strong>En conclusion TrainOClock est compl\u00e9mentaire de 1.2.Train puisque vous pourrez scinder vos trajets en plusieurs billets achetables sur 1.2.Train. Nous sommes l\u00e0 en pr\u00e9sence de deux p\u00e9pites que nous allons nous empresser d&rsquo;utiliser conjointement !<\/strong><\/p>\n<p>Voici la d\u00e9marche pour acheter un billet en un \u00e9clair sur <a href=\"https:\/\/12train.com\">1.2.Train<\/a> (d\u00e9crite aussi sur la vid\u00e9o) :<\/p>\n<p>1) La page d&rsquo;accueil \u00e0 renseigner :<\/p>\n<p><img loading=\"lazy\" decoding=\"async\" class=\" aligncenter size-full wp-image-5481\" src=\"http:\/\/5.45.101.177\/haut-allier\/usagers-transportse\/wp-content\/uploads\/2025\/01\/1-2-train-billets-de-train-sncf-01-08-2025_02_00_pm.jpg\" alt=\"1-2-train-billets-de-train-sncf-01-08-2025_02_00_pm.jpg\" align=\"center\" width=\"437\" height=\"526\" srcset=\"https:\/\/usagers-transports.haut-allier.eu\/wp-content\/uploads\/2025\/01\/1-2-train-billets-de-train-sncf-01-08-2025_02_00_pm.jpg 437w, https:\/\/usagers-transports.haut-allier.eu\/wp-content\/uploads\/2025\/01\/1-2-train-billets-de-train-sncf-01-08-2025_02_00_pm-249x300.jpg 249w\" sizes=\"auto, (max-width: 437px) 100vw, 437px\" \/><\/p>\n<p>2) Les premier r\u00e9sultats de la recherche pour un Paris (toutes gares) &#8211; Alleyras (Haute-Loire) :<\/p>\n<p><img loading=\"lazy\" decoding=\"async\" class=\" aligncenter size-full wp-image-5482\" src=\"http:\/\/5.45.101.177\/haut-allier\/usagers-transportse\/wp-content\/uploads\/2025\/01\/1-2-train-billets-de-train-sncf-01-08-2025_02_04_pm.jpg\" alt=\"1-2-train-billets-de-train-sncf-01-08-2025_02_04_pm.jpg\" align=\"center\" width=\"1325\" height=\"1073\" srcset=\"https:\/\/usagers-transports.haut-allier.eu\/wp-content\/uploads\/2025\/01\/1-2-train-billets-de-train-sncf-01-08-2025_02_04_pm.jpg 1325w, https:\/\/usagers-transports.haut-allier.eu\/wp-content\/uploads\/2025\/01\/1-2-train-billets-de-train-sncf-01-08-2025_02_04_pm-300x243.jpg 300w, https:\/\/usagers-transports.haut-allier.eu\/wp-content\/uploads\/2025\/01\/1-2-train-billets-de-train-sncf-01-08-2025_02_04_pm-1024x829.jpg 1024w, https:\/\/usagers-transports.haut-allier.eu\/wp-content\/uploads\/2025\/01\/1-2-train-billets-de-train-sncf-01-08-2025_02_04_pm-768x622.jpg 768w\" sizes=\"auto, (max-width: 1325px) 100vw, 1325px\" \/><\/p>\n<p>3) On s\u00e9lectionne une des solutions propos\u00e9es (ici une seule) puis on renseigne la nouvelle page de ses coordonn\u00e9es, on y choisit sa place, \u00e9ventuellement on indique ses cartes de r\u00e9ductions SNCF ou TER :<\/p>\n<p><img loading=\"lazy\" decoding=\"async\" class=\" aligncenter size-full wp-image-5483\" src=\"http:\/\/5.45.101.177\/haut-allier\/usagers-transportse\/wp-content\/uploads\/2025\/01\/1-2-train-billets-de-train-sncf-01-08-2025_02_09_pm.jpg\" alt=\"1-2-train-billets-de-train-sncf-01-08-2025_02_09_pm.jpg\" align=\"center\" width=\"1325\" height=\"678\" srcset=\"https:\/\/usagers-transports.haut-allier.eu\/wp-content\/uploads\/2025\/01\/1-2-train-billets-de-train-sncf-01-08-2025_02_09_pm.jpg 1325w, https:\/\/usagers-transports.haut-allier.eu\/wp-content\/uploads\/2025\/01\/1-2-train-billets-de-train-sncf-01-08-2025_02_09_pm-300x154.jpg 300w, https:\/\/usagers-transports.haut-allier.eu\/wp-content\/uploads\/2025\/01\/1-2-train-billets-de-train-sncf-01-08-2025_02_09_pm-1024x524.jpg 1024w, https:\/\/usagers-transports.haut-allier.eu\/wp-content\/uploads\/2025\/01\/1-2-train-billets-de-train-sncf-01-08-2025_02_09_pm-768x393.jpg 768w\" sizes=\"auto, (max-width: 1325px) 100vw, 1325px\" \/><\/p>\n<p>4) On va payer son billet maintenant et on tombe sur leur banque, le Cr\u00e9dit Mutuel qui nous demande nos coordonn\u00e9es de carte :<\/p>\n<p><img loading=\"lazy\" decoding=\"async\" class=\" aligncenter size-full wp-image-5484\" src=\"http:\/\/5.45.101.177\/haut-allier\/usagers-transportse\/wp-content\/uploads\/2025\/01\/credit-mutuel-espace-de-paiement-securise-par-carte-bancaire-01-08-2025_02_10_pm.jpg\" alt=\"credit-mutuel-espace-de-paiement-securise-par-carte-bancaire-01-08-2025_02_10_pm.jpg\" align=\"center\" width=\"1325\" height=\"723\" srcset=\"https:\/\/usagers-transports.haut-allier.eu\/wp-content\/uploads\/2025\/01\/credit-mutuel-espace-de-paiement-securise-par-carte-bancaire-01-08-2025_02_10_pm.jpg 1325w, https:\/\/usagers-transports.haut-allier.eu\/wp-content\/uploads\/2025\/01\/credit-mutuel-espace-de-paiement-securise-par-carte-bancaire-01-08-2025_02_10_pm-300x164.jpg 300w, https:\/\/usagers-transports.haut-allier.eu\/wp-content\/uploads\/2025\/01\/credit-mutuel-espace-de-paiement-securise-par-carte-bancaire-01-08-2025_02_10_pm-1024x559.jpg 1024w, https:\/\/usagers-transports.haut-allier.eu\/wp-content\/uploads\/2025\/01\/credit-mutuel-espace-de-paiement-securise-par-carte-bancaire-01-08-2025_02_10_pm-768x419.jpg 768w\" sizes=\"auto, (max-width: 1325px) 100vw, 1325px\" \/><\/p>\n<p>5) On renseigne l\u00e0 aussi et si tout se passe bien on re\u00e7oit son billet et son QR CODE.<\/p>\n<p>Il faudra sans doute affiner et les bugs sont possibles mais c&rsquo;est parfaitement utilisable. N&rsquo;h\u00e9sitez pas \u00e0 contacter le d\u00e9veloppeur Jean-Baptiste Marie :<br \/>\nhttps:\/\/www.12train.com\/support<\/p>\n<p>Les sites pour rappel :<br \/>\n&#8211; <a href=\"https:\/\/www.12train.com\/\"><em>1.2.Train<\/em><\/a><br \/>\n&#8211; <a href=\"https:\/\/www.trainoclock.com\/\"><em>TrainOClock<\/em><\/a><br \/>\n&#8211; <a href=\"https:\/\/www.sncf-connect.com\/\">SNCF-Connect<\/a> <\/p>\n","protected":false},"excerpt":{"rendered":"<p>On n&rsquo;en peut plus de SNCF-Connect ? Que dirions nous d&rsquo;une solution ultra rapide pour r\u00e9gler nos places<\/p>\n","protected":false},"author":1,"featured_media":5476,"comment_status":"open","ping_status":"open","sticky":false,"template":"","format":"standard","meta":{"footnotes":""},"categories":[3],"tags":[],"class_list":["post-1171","post","type-post","status-publish","format-standard","has-post-thumbnail","hentry","category-en-train"],"_links":{"self":[{"href":"https:\/\/usagers-transports.haut-allier.eu\/index.php\/wp-json\/wp\/v2\/posts\/1171","targetHints":{"allow":["GET"]}}],"collection":[{"href":"https:\/\/usagers-transports.haut-allier.eu\/index.php\/wp-json\/wp\/v2\/posts"}],"about":[{"href":"https:\/\/usagers-transports.haut-allier.eu\/index.php\/wp-json\/wp\/v2\/types\/post"}],"author":[{"embeddable":true,"href":"https:\/\/usagers-transports.haut-allier.eu\/index.php\/wp-json\/wp\/v2\/users\/1"}],"replies":[{"embeddable":true,"href":"https:\/\/usagers-transports.haut-allier.eu\/index.php\/wp-json\/wp\/v2\/comments?post=1171"}],"version-history":[{"count":0,"href":"https:\/\/usagers-transports.haut-allier.eu\/index.php\/wp-json\/wp\/v2\/posts\/1171\/revisions"}],"wp:featuredmedia":[{"embeddable":true,"href":"https:\/\/usagers-transports.haut-allier.eu\/index.php\/wp-json\/wp\/v2\/media\/5476"}],"wp:attachment":[{"href":"https:\/\/usagers-transports.haut-allier.eu\/index.php\/wp-json\/wp\/v2\/media?parent=1171"}],"wp:term":[{"taxonomy":"category","embeddable":true,"href":"https:\/\/usagers-transports.haut-allier.eu\/index.php\/wp-json\/wp\/v2\/categories?post=1171"},{"taxonomy":"post_tag","embeddable":true,"href":"https:\/\/usagers-transports.haut-allier.eu\/index.php\/wp-json\/wp\/v2\/tags?post=1171"}],"curies":[{"name":"wp","href":"https:\/\/api.w.org\/{rel}","templated":true}]}}