{"id":1172,"date":"2025-01-18T15:24:46","date_gmt":"2025-01-18T14:24:46","guid":{"rendered":"http:\/\/5.45.101.177\/haut-allier\/usagers-transportse\/index.php\/2025\/01\/18\/ligne-des-cevennes-les-trains-ter1172\/"},"modified":"2025-01-18T15:24:46","modified_gmt":"2025-01-18T14:24:46","slug":"ligne-des-cevennes-les-trains-ter1172","status":"publish","type":"post","link":"https:\/\/usagers-transports.haut-allier.eu\/index.php\/2025\/01\/18\/ligne-des-cevennes-les-trains-ter1172\/","title":{"rendered":"Ligne des C\u00e9vennes : les trains TER continuent de circuler entre Langogne et Clermont-Ferrand [video]"},"content":{"rendered":"<p>C&rsquo;est presque un miracle mais profitez en bien car SNCF ferme toute circulation du 24 f\u00e9vrier au 6 juin entre Langeac et Langogne \u00ab\u00a0en raison d&rsquo;importants travaux de maintenance\u00a0\u00bb dit-elle sur ses fiches horaires.<\/p>\n<p>En attendant, quand il n&rsquo;y a pas trop de vent, quand il n&rsquo;y pas trop de neige, quand il n&rsquo;y a pas trop de feuilles sur les voies, les TER roulent dans les gorges du haut Allier, \u00f4 pas vite, \u00e0 40 kmh maximum, t\u00e9moin cette vid\u00e9o (4K) captur\u00e9e samedi 18 janvier au matin :<\/p>\n<p><iframe style=\"width: 100%; aspect-ratio: 16 \/ 9\" src=\"https:\/\/www.youtube.com\/embed\/_oMjiQ41lWA?si=LPKDf8SczN9MYaES\" title=\"YouTube video player\" frameborder=\"0\" allow=\"accelerometer; autoplay; clipboard-write; encrypted-media; gyroscope; picture-in-picture; web-share\" referrerpolicy=\"strict-origin-when-cross-origin\" allowfullscreen><\/iframe><\/p>\n","protected":false},"excerpt":{"rendered":"<p>C&rsquo;est presque un miracle mais profitez en bien car SNCF ferme toute circulation du 24 f\u00e9vrier au 6<\/p>\n","protected":false},"author":1,"featured_media":5485,"comment_status":"open","ping_status":"open","sticky":false,"template":"","format":"standard","meta":{"footnotes":""},"categories":[3],"tags":[],"class_list":["post-1172","post","type-post","status-publish","format-standard","has-post-thumbnail","hentry","category-en-train"],"_links":{"self":[{"href":"https:\/\/usagers-transports.haut-allier.eu\/index.php\/wp-json\/wp\/v2\/posts\/1172","targetHints":{"allow":["GET"]}}],"collection":[{"href":"https:\/\/usagers-transports.haut-allier.eu\/index.php\/wp-json\/wp\/v2\/posts"}],"about":[{"href":"https:\/\/usagers-transports.haut-allier.eu\/index.php\/wp-json\/wp\/v2\/types\/post"}],"author":[{"embeddable":true,"href":"https:\/\/usagers-transports.haut-allier.eu\/index.php\/wp-json\/wp\/v2\/users\/1"}],"replies":[{"embeddable":true,"href":"https:\/\/usagers-transports.haut-allier.eu\/index.php\/wp-json\/wp\/v2\/comments?post=1172"}],"version-history":[{"count":0,"href":"https:\/\/usagers-transports.haut-allier.eu\/index.php\/wp-json\/wp\/v2\/posts\/1172\/revisions"}],"wp:featuredmedia":[{"embeddable":true,"href":"https:\/\/usagers-transports.haut-allier.eu\/index.php\/wp-json\/wp\/v2\/media\/5485"}],"wp:attachment":[{"href":"https:\/\/usagers-transports.haut-allier.eu\/index.php\/wp-json\/wp\/v2\/media?parent=1172"}],"wp:term":[{"taxonomy":"category","embeddable":true,"href":"https:\/\/usagers-transports.haut-allier.eu\/index.php\/wp-json\/wp\/v2\/categories?post=1172"},{"taxonomy":"post_tag","embeddable":true,"href":"https:\/\/usagers-transports.haut-allier.eu\/index.php\/wp-json\/wp\/v2\/tags?post=1172"}],"curies":[{"name":"wp","href":"https:\/\/api.w.org\/{rel}","templated":true}]}}