{"id":1173,"date":"2025-01-21T13:36:01","date_gmt":"2025-01-21T12:36:01","guid":{"rendered":"http:\/\/5.45.101.177\/haut-allier\/usagers-transportse\/index.php\/2025\/01\/21\/week-end-du-1-et-2-fevrier-en1173\/"},"modified":"2025-01-21T13:36:01","modified_gmt":"2025-01-21T12:36:01","slug":"week-end-du-1-et-2-fevrier-en1173","status":"publish","type":"post","link":"https:\/\/usagers-transports.haut-allier.eu\/index.php\/2025\/01\/21\/week-end-du-1-et-2-fevrier-en1173\/","title":{"rendered":"Week-end du 1 et 2 f\u00e9vrier en Occitanie : billets de train \u00e0 1 euro disponibles"},"content":{"rendered":"<p>Fid\u00e8le \u00e0 son programme de promotion du train, la r\u00e9gion Occitanie renouvelle son op\u00e9ration Train LiO \u00e0 1 euro sur tout son r\u00e9seau et au del\u00e0 vers Clermont, Avignon, Pau, Agen&#8230; durant le premier week-end du mois de f\u00e9vrier, les 1 et 2.<\/p>\n<p>Les billets seront disponibles d\u00e8s le mercredi 22 janvier sur les sites Internet et dans les gares.<\/p>\n<p>Comme d&rsquo;habitude on devrait pouvoir obtenir des billets Langogne Clermont et invers\u00e9ment \u00e0 1 euro.<\/p>\n<p>C&rsquo;est d&rsquo;ailleurs aussi la date d&rsquo;ouverture des billets TGV et Intercit\u00e9s jusqu&rsquo;au 11 mai 2025 et les premiers arriv\u00e9s auront les tarifs les plus bas !<\/p>\n<p>Sur la partie sud de la ligne des C\u00e9vennes, entre La Bastide St Laurent et N\u00eemes la ligne rouvrira le 25 avril. Sur la partie Nord la coupure durera, r\u00e9p\u00e9tons le jusqu&rsquo;au 6 juin.<\/p>\n<p>Entre La Bastide St Laurent les Bains et Marvejols ne circulent actuellement que des bus, mais \u00e0 1 euro aussi. Entre Saint Ch\u00e9ly d&rsquo;Apcher et B\u00e9ziers circule un seul TER AR par jour \u00e0 un euro toute l&rsquo;ann\u00e9e. Si on s&rsquo;organise bien on peut profiter du train \u00e0 un euro depuis l&rsquo;Auvergne et la Loz\u00e8re pour atteindre la M\u00e9diterran\u00e9e, les Pyr\u00e9n\u00e9es, le Sud Ouest.<\/p>\n<p><em>Le train jaune des Pyr\u00e9n\u00e9es catalanes sera aussi \u00e0 un euro<\/em><br \/>\n<img loading=\"lazy\" decoding=\"async\" class=\" aligncenter size-full wp-image-5487\" src=\"http:\/\/5.45.101.177\/haut-allier\/usagers-transportse\/wp-content\/uploads\/2025\/01\/train-jaune-pyrenees-neige-imelenchon-istock-902648078.jpg\" alt=\"train-jaune-pyrenees-neige-imelenchon-istock-902648078.jpg\" align=\"center\" width=\"961\" height=\"637\" srcset=\"https:\/\/usagers-transports.haut-allier.eu\/wp-content\/uploads\/2025\/01\/train-jaune-pyrenees-neige-imelenchon-istock-902648078.jpg 961w, https:\/\/usagers-transports.haut-allier.eu\/wp-content\/uploads\/2025\/01\/train-jaune-pyrenees-neige-imelenchon-istock-902648078-300x199.jpg 300w, https:\/\/usagers-transports.haut-allier.eu\/wp-content\/uploads\/2025\/01\/train-jaune-pyrenees-neige-imelenchon-istock-902648078-768x509.jpg 768w\" sizes=\"auto, (max-width: 961px) 100vw, 961px\" \/><\/p>\n<p>Retrouvez toutes les offres int\u00e9ressantes de LiO train en Occitanie :<br \/>\nhttps:\/\/www.ter.sncf.com\/occitanie\/se-deplacer\/horaires<\/p>\n<p>Sinon les r\u00e9ductions se retrouvent aussi sur :<br \/>\nhttps:\/\/www.sncf-connect.com<\/p>\n<p>Pour organiser un voyage n\u00e9cessitant plus de 2 changements et le d\u00e9couper en plusieurs billets :<br \/>\nhttps:\/\/www.trainoclock.com<\/p>\n<p>Bonnes balades pas ch\u00e8res !<\/p>\n","protected":false},"excerpt":{"rendered":"<p>Fid\u00e8le \u00e0 son programme de promotion du train, la r\u00e9gion Occitanie renouvelle son op\u00e9ration Train LiO \u00e0 1<\/p>\n","protected":false},"author":1,"featured_media":5486,"comment_status":"open","ping_status":"open","sticky":false,"template":"","format":"standard","meta":{"footnotes":""},"categories":[3],"tags":[],"class_list":["post-1173","post","type-post","status-publish","format-standard","has-post-thumbnail","hentry","category-en-train"],"_links":{"self":[{"href":"https:\/\/usagers-transports.haut-allier.eu\/index.php\/wp-json\/wp\/v2\/posts\/1173","targetHints":{"allow":["GET"]}}],"collection":[{"href":"https:\/\/usagers-transports.haut-allier.eu\/index.php\/wp-json\/wp\/v2\/posts"}],"about":[{"href":"https:\/\/usagers-transports.haut-allier.eu\/index.php\/wp-json\/wp\/v2\/types\/post"}],"author":[{"embeddable":true,"href":"https:\/\/usagers-transports.haut-allier.eu\/index.php\/wp-json\/wp\/v2\/users\/1"}],"replies":[{"embeddable":true,"href":"https:\/\/usagers-transports.haut-allier.eu\/index.php\/wp-json\/wp\/v2\/comments?post=1173"}],"version-history":[{"count":0,"href":"https:\/\/usagers-transports.haut-allier.eu\/index.php\/wp-json\/wp\/v2\/posts\/1173\/revisions"}],"wp:featuredmedia":[{"embeddable":true,"href":"https:\/\/usagers-transports.haut-allier.eu\/index.php\/wp-json\/wp\/v2\/media\/5486"}],"wp:attachment":[{"href":"https:\/\/usagers-transports.haut-allier.eu\/index.php\/wp-json\/wp\/v2\/media?parent=1173"}],"wp:term":[{"taxonomy":"category","embeddable":true,"href":"https:\/\/usagers-transports.haut-allier.eu\/index.php\/wp-json\/wp\/v2\/categories?post=1173"},{"taxonomy":"post_tag","embeddable":true,"href":"https:\/\/usagers-transports.haut-allier.eu\/index.php\/wp-json\/wp\/v2\/tags?post=1173"}],"curies":[{"name":"wp","href":"https:\/\/api.w.org\/{rel}","templated":true}]}}