{"id":1175,"date":"2025-01-21T14:34:15","date_gmt":"2025-01-21T13:34:15","guid":{"rendered":"http:\/\/5.45.101.177\/haut-allier\/usagers-transportse\/index.php\/2025\/01\/21\/massif-central-la-ligne-ter-gueret1175\/"},"modified":"2026-09-01T16:10:41","modified_gmt":"2026-09-01T14:10:41","slug":"massif-central-la-ligne-ter-gueret1175","status":"publish","type":"post","link":"https:\/\/usagers-transports.haut-allier.eu\/index.php\/2025\/01\/21\/massif-central-la-ligne-ter-gueret1175\/","title":{"rendered":"Massif central : la ligne TER Gu\u00e9ret &#8211; Felletin bient\u00f4t suspendue"},"content":{"rendered":"SNCF R\u00e9seau le confirme : l&rsquo;arr\u00eat de la circulation des trains est pr\u00e9vu avant la fin de l&rsquo;ann\u00e9e sur cet axe qui dessert le sud de la Creuse. Elle assure actuellement deux allers &#8211; retours par jour en s&rsquo;arr\u00eatant \u00e0 Aubusson.\n\nSauf que la ligne n&rsquo;a pas \u00e9t\u00e9 entretenue et la facture de r\u00e9novation s&rsquo;\u00e9l\u00e8ve \u00e0 plusieurs millions d&rsquo;euros, 50 \u00e0 80 selon la pr\u00e9fecture de la Creuse. La r\u00e9gion Nouvelle Aquitaine qui a beaucoup investi sur cette ligne ne peut pas faire plus. C&rsquo;est \u00e0 l&rsquo;Etat de s&rsquo;activer et il est, comme sur beaucoup d&rsquo;autres sujets, aux abonn\u00e9s absents. \n\nOn le sait dans le Massif central et en zone rurale, qui dit ligne suspendue dit ligne ferm\u00e9e. Les infrastructures des pays peu denses n&rsquo;int\u00e9ressent personne. \n\n<img loading=\"lazy\" decoding=\"async\" class=\" aligncenter size-full wp-image-5490\" src=\"http:\/\/5.45.101.177\/haut-allier\/usagers-transportse\/wp-content\/uploads\/2025\/01\/map-felletin.jpg\" alt=\"map-felletin.jpg\" align=\"center\" width=\"907\" height=\"505\" srcset=\"https:\/\/usagers-transports.haut-allier.eu\/wp-content\/uploads\/2025\/01\/map-felletin.jpg 907w, https:\/\/usagers-transports.haut-allier.eu\/wp-content\/uploads\/2025\/01\/map-felletin-300x167.jpg 300w, https:\/\/usagers-transports.haut-allier.eu\/wp-content\/uploads\/2025\/01\/map-felletin-768x428.jpg 768w\" sizes=\"auto, (max-width: 907px) 100vw, 907px\" \/>\n\nTout le monde est pourtant sur les dents, le d\u00e9put\u00e9 de la Creuse, la r\u00e9gion Nouvelle Aquitaine, les cheminots, les usagers&#8230; Une p\u00e9tition a \u00e9t\u00e9 cr\u00e9\u00e9e, elle a recueilli \u00e0 ce jour pr\u00e8s de 1900 signatures. Elle peut se signer ici, n&rsquo;h\u00e9sitez pas :\n\nhttps:\/\/www.change.org\/p\/touche-pas-%C3%A0-ma-p-tite-ligne\n\n<img loading=\"lazy\" decoding=\"async\" class=\" aligncenter size-full wp-image-5491\" src=\"http:\/\/5.45.101.177\/haut-allier\/usagers-transportse\/wp-content\/uploads\/2025\/01\/qlngzappqognlal-800x450-nopad.jpg\" alt=\"qlngzappqognlal-800x450-nopad.jpg\" align=\"center\" width=\"800\" height=\"450\" srcset=\"https:\/\/usagers-transports.haut-allier.eu\/wp-content\/uploads\/2025\/01\/qlngzappqognlal-800x450-nopad.jpg 800w, https:\/\/usagers-transports.haut-allier.eu\/wp-content\/uploads\/2025\/01\/qlngzappqognlal-800x450-nopad-300x169.jpg 300w, https:\/\/usagers-transports.haut-allier.eu\/wp-content\/uploads\/2025\/01\/qlngzappqognlal-800x450-nopad-768x432.jpg 768w\" sizes=\"auto, (max-width: 800px) 100vw, 800px\" \/>\n\nAinsi le Massif central est en train de perdre une nouvelle ligne. Aucun plan de mobilit\u00e9 pour les territoires de la part du gouvernement \u00e0 part les ex\u00e9crables bus et vos propres voitures, v\u00e9los et ce que bon vous semble.\n\nAlors que partout en Europe on rouvre des lignes \u00e0 tour de bras, ici on continue \u00e0 les supprimer.\n\nEt si la ligne Gueret Felletin saute c\u2019est tout le r\u00e9seau ferroviaire creusois qui va dispara\u00eetre. La fermeture de la ligne de Felletin touche bien au del\u00e0 que la simple desserte Gueret Felletin, elle entra\u00eenera \u00e0 terme celle de Gu\u00e9ret &#8211; Montlu\u00e7on, compromettant la r\u00e9ouverture de Lyon &#8211; Bordeaux, malgr\u00e9 une infrastructure en excellent \u00e9tat.\n\nL&rsquo;article \u00e0 lire de Ici \/ Radio France :\nhttps:\/\/www.francebleu.fr\/infos\/transports\/la-ligne-ter-gueret-aubusson-felletin-vit-ses-derniers-mois-9914433\n\n<em>La gare de Felletin (photo France Bleu Creuse)<\/em>\n<img loading=\"lazy\" decoding=\"async\" class=\" aligncenter size-full wp-image-5492\" src=\"http:\/\/5.45.101.177\/haut-allier\/usagers-transportse\/wp-content\/uploads\/2025\/01\/1200x680_sc_gare-felletin.jpg\" alt=\"1200x680_sc_gare-felletin.jpg\" align=\"center\" width=\"1164\" height=\"680\" srcset=\"https:\/\/usagers-transports.haut-allier.eu\/wp-content\/uploads\/2025\/01\/1200x680_sc_gare-felletin.jpg 1164w, https:\/\/usagers-transports.haut-allier.eu\/wp-content\/uploads\/2025\/01\/1200x680_sc_gare-felletin-300x175.jpg 300w, https:\/\/usagers-transports.haut-allier.eu\/wp-content\/uploads\/2025\/01\/1200x680_sc_gare-felletin-1024x598.jpg 1024w, https:\/\/usagers-transports.haut-allier.eu\/wp-content\/uploads\/2025\/01\/1200x680_sc_gare-felletin-768x449.jpg 768w\" sizes=\"auto, (max-width: 1164px) 100vw, 1164px\" \/>\n\nNous terminerons avec quelques photos dont celles de notre ami Alexandre de Villefort :\n\n<em>Le viaduc de la ligne<\/em>\n<img loading=\"lazy\" decoding=\"async\" class=\" aligncenter size-full wp-image-5493\" src=\"http:\/\/5.45.101.177\/haut-allier\/usagers-transportse\/wp-content\/uploads\/2025\/01\/img_8950-scaled.jpg\" alt=\"img_8950.jpg\" align=\"center\" width=\"2560\" height=\"1920\" srcset=\"https:\/\/usagers-transports.haut-allier.eu\/wp-content\/uploads\/2025\/01\/img_8950-scaled.jpg 2560w, https:\/\/usagers-transports.haut-allier.eu\/wp-content\/uploads\/2025\/01\/img_8950-300x225.jpg 300w, https:\/\/usagers-transports.haut-allier.eu\/wp-content\/uploads\/2025\/01\/img_8950-1024x768.jpg 1024w, https:\/\/usagers-transports.haut-allier.eu\/wp-content\/uploads\/2025\/01\/img_8950-768x576.jpg 768w, https:\/\/usagers-transports.haut-allier.eu\/wp-content\/uploads\/2025\/01\/img_8950-1536x1152.jpg 1536w, https:\/\/usagers-transports.haut-allier.eu\/wp-content\/uploads\/2025\/01\/img_8950-2048x1536.jpg 2048w\" sizes=\"auto, (max-width: 2560px) 100vw, 2560px\" \/>\n<img loading=\"lazy\" decoding=\"async\" class=\" aligncenter size-full wp-image-5494\" src=\"http:\/\/5.45.101.177\/haut-allier\/usagers-transportse\/wp-content\/uploads\/2025\/01\/img_8938-scaled.jpg\" alt=\"img_8938.jpg\" align=\"center\" width=\"2560\" height=\"1920\" srcset=\"https:\/\/usagers-transports.haut-allier.eu\/wp-content\/uploads\/2025\/01\/img_8938-scaled.jpg 2560w, https:\/\/usagers-transports.haut-allier.eu\/wp-content\/uploads\/2025\/01\/img_8938-300x225.jpg 300w, https:\/\/usagers-transports.haut-allier.eu\/wp-content\/uploads\/2025\/01\/img_8938-1024x768.jpg 1024w, https:\/\/usagers-transports.haut-allier.eu\/wp-content\/uploads\/2025\/01\/img_8938-768x576.jpg 768w, https:\/\/usagers-transports.haut-allier.eu\/wp-content\/uploads\/2025\/01\/img_8938-1536x1152.jpg 1536w, https:\/\/usagers-transports.haut-allier.eu\/wp-content\/uploads\/2025\/01\/img_8938-2048x1536.jpg 2048w\" sizes=\"auto, (max-width: 2560px) 100vw, 2560px\" \/>\n\n<em>La gare d&rsquo;Aubusson<\/em>\n<img loading=\"lazy\" decoding=\"async\" class=\" aligncenter size-full wp-image-5495\" src=\"http:\/\/5.45.101.177\/haut-allier\/usagers-transportse\/wp-content\/uploads\/2025\/01\/aubusson_gare.jpg\" alt=\"aubusson_gare.jpg\" align=\"center\" width=\"2048\" height=\"1536\" srcset=\"https:\/\/usagers-transports.haut-allier.eu\/wp-content\/uploads\/2025\/01\/aubusson_gare.jpg 2048w, https:\/\/usagers-transports.haut-allier.eu\/wp-content\/uploads\/2025\/01\/aubusson_gare-300x225.jpg 300w, https:\/\/usagers-transports.haut-allier.eu\/wp-content\/uploads\/2025\/01\/aubusson_gare-1024x768.jpg 1024w, https:\/\/usagers-transports.haut-allier.eu\/wp-content\/uploads\/2025\/01\/aubusson_gare-768x576.jpg 768w, https:\/\/usagers-transports.haut-allier.eu\/wp-content\/uploads\/2025\/01\/aubusson_gare-1536x1152.jpg 1536w\" sizes=\"auto, (max-width: 2048px) 100vw, 2048px\" \/>\n<img loading=\"lazy\" decoding=\"async\" class=\" aligncenter size-full wp-image-5496\" src=\"http:\/\/5.45.101.177\/haut-allier\/usagers-transportse\/wp-content\/uploads\/2025\/01\/img_8951-scaled.jpg\" alt=\"img_8951.jpg\" align=\"center\" width=\"2560\" height=\"1920\" srcset=\"https:\/\/usagers-transports.haut-allier.eu\/wp-content\/uploads\/2025\/01\/img_8951-scaled.jpg 2560w, https:\/\/usagers-transports.haut-allier.eu\/wp-content\/uploads\/2025\/01\/img_8951-300x225.jpg 300w, https:\/\/usagers-transports.haut-allier.eu\/wp-content\/uploads\/2025\/01\/img_8951-1024x768.jpg 1024w, https:\/\/usagers-transports.haut-allier.eu\/wp-content\/uploads\/2025\/01\/img_8951-768x576.jpg 768w, https:\/\/usagers-transports.haut-allier.eu\/wp-content\/uploads\/2025\/01\/img_8951-1536x1152.jpg 1536w, https:\/\/usagers-transports.haut-allier.eu\/wp-content\/uploads\/2025\/01\/img_8951-2048x1536.jpg 2048w\" sizes=\"auto, (max-width: 2560px) 100vw, 2560px\" \/>\n\n<p>&nbsp;<\/p>\n\n\t<figure class=\"wp-block-gallery columns-1 is-cropped wp-block-gallery-1 is-layout-flex wp-block-gallery-is-layout-flex\">\n\t\t<ul class=\"blocks-gallery-grid\">\n\t\t\t<li class=\"blocks-gallery-item\">\n\t\t\t\t<figure>\n\t\t\t\t\t\t\t\t\t\t\t<img loading=\"lazy\" decoding=\"async\" width=\"2560\" height=\"1920\" src=\"http:\/\/5.45.101.177\/haut-allier\/usagers-transportse\/wp-content\/uploads\/2025\/01\/img_8934-scaled.jpg\"\n\t\t\t\t\t\t alt=\"img_8934.jpg\"\n\t\t\t\t\t\t data-id=\"5497\"\n\t\t\t\t\t\t data-full-url=\"http:\/\/5.45.101.177\/haut-allier\/usagers-transportse\/wp-content\/uploads\/2025\/01\/img_8934-scaled.jpg\"\n\t\t\t\t\t\t data-link=\"http:\/\/5.45.101.177\/haut-allier\/usagers-transportse\/attachment-img_8934-jpg\/\"\n\t\t\t\t\t\t class=\"wp-image-5497\" srcset=\"https:\/\/usagers-transports.haut-allier.eu\/wp-content\/uploads\/2025\/01\/img_8934-scaled.jpg 2560w, https:\/\/usagers-transports.haut-allier.eu\/wp-content\/uploads\/2025\/01\/img_8934-300x225.jpg 300w, https:\/\/usagers-transports.haut-allier.eu\/wp-content\/uploads\/2025\/01\/img_8934-1024x768.jpg 1024w, https:\/\/usagers-transports.haut-allier.eu\/wp-content\/uploads\/2025\/01\/img_8934-768x576.jpg 768w, https:\/\/usagers-transports.haut-allier.eu\/wp-content\/uploads\/2025\/01\/img_8934-1536x1152.jpg 1536w, https:\/\/usagers-transports.haut-allier.eu\/wp-content\/uploads\/2025\/01\/img_8934-2048x1536.jpg 2048w\" sizes=\"auto, (max-width: 2560px) 100vw, 2560px\" \/>\n\t\t\t\t<\/figure>\n\t\t\t<\/li>\n\t\t<\/ul>\n\t<\/figure>\n","protected":false},"excerpt":{"rendered":"<p>SNCF R\u00e9seau le confirme : l&rsquo;arr\u00eat de la circulation des trains est pr\u00e9vu avant la fin de l&rsquo;ann\u00e9e<\/p>\n","protected":false},"author":1,"featured_media":5489,"comment_status":"open","ping_status":"open","sticky":false,"template":"","format":"standard","meta":{"footnotes":""},"categories":[3],"tags":[],"class_list":["post-1175","post","type-post","status-publish","format-standard","has-post-thumbnail","hentry","category-en-train"],"_links":{"self":[{"href":"https:\/\/usagers-transports.haut-allier.eu\/index.php\/wp-json\/wp\/v2\/posts\/1175","targetHints":{"allow":["GET"]}}],"collection":[{"href":"https:\/\/usagers-transports.haut-allier.eu\/index.php\/wp-json\/wp\/v2\/posts"}],"about":[{"href":"https:\/\/usagers-transports.haut-allier.eu\/index.php\/wp-json\/wp\/v2\/types\/post"}],"author":[{"embeddable":true,"href":"https:\/\/usagers-transports.haut-allier.eu\/index.php\/wp-json\/wp\/v2\/users\/1"}],"replies":[{"embeddable":true,"href":"https:\/\/usagers-transports.haut-allier.eu\/index.php\/wp-json\/wp\/v2\/comments?post=1175"}],"version-history":[{"count":1,"href":"https:\/\/usagers-transports.haut-allier.eu\/index.php\/wp-json\/wp\/v2\/posts\/1175\/revisions"}],"predecessor-version":[{"id":5498,"href":"https:\/\/usagers-transports.haut-allier.eu\/index.php\/wp-json\/wp\/v2\/posts\/1175\/revisions\/5498"}],"wp:featuredmedia":[{"embeddable":true,"href":"https:\/\/usagers-transports.haut-allier.eu\/index.php\/wp-json\/wp\/v2\/media\/5489"}],"wp:attachment":[{"href":"https:\/\/usagers-transports.haut-allier.eu\/index.php\/wp-json\/wp\/v2\/media?parent=1175"}],"wp:term":[{"taxonomy":"category","embeddable":true,"href":"https:\/\/usagers-transports.haut-allier.eu\/index.php\/wp-json\/wp\/v2\/categories?post=1175"},{"taxonomy":"post_tag","embeddable":true,"href":"https:\/\/usagers-transports.haut-allier.eu\/index.php\/wp-json\/wp\/v2\/tags?post=1175"}],"curies":[{"name":"wp","href":"https:\/\/api.w.org\/{rel}","templated":true}]}}