{"id":1176,"date":"2025-01-24T10:05:17","date_gmt":"2025-01-24T09:05:17","guid":{"rendered":"http:\/\/5.45.101.177\/haut-allier\/usagers-transportse\/index.php\/2025\/01\/24\/tad-taxis-a-la-demande-pendant-les1176\/"},"modified":"2025-01-24T10:05:17","modified_gmt":"2025-01-24T09:05:17","slug":"tad-taxis-a-la-demande-pendant-les1176","status":"publish","type":"post","link":"https:\/\/usagers-transports.haut-allier.eu\/index.php\/2025\/01\/24\/tad-taxis-a-la-demande-pendant-les1176\/","title":{"rendered":"TAD (taxis \u00e0 la demande) pendant les travaux : la r\u00e9gion Auvergne Rh\u00f4ne Alpes les supprime par d\u00e9l\u00e9gation"},"content":{"rendered":"<p>La r\u00e9gion Auvergne Rh\u00f4ne Alpes vient de confier la gestion des Taxis \u00e0 la demande, dispositif mis en place en p\u00e9riode de travaux dans les gares non desservies par les bus de substitution, \u00e0 une entreprise \u00ab\u00a0\u00e9cran\u00a0\u00bb c&rsquo;est \u00e0 dire qui va disculper son commanditaire de tous al\u00e9as de service, <a href=\"https:\/\/www.allocab.com\/\"><em>Allocab<\/em><\/a> soit disant le R\u00e9seau Taxis &#038; VTC n\u00b01 en France. <\/p>\n<p>Une fa\u00e7on de d\u00e9l\u00e9guer les d\u00e9faillances, qui ne manquent pas on va le voir, \u00e0 quelqu&rsquo;un d&rsquo;autre. Si Allocab est num\u00e9ro un du taxi en France, la Haute-Loire est concr\u00e8tement \u00e0 l&rsquo;\u00e9tranger.<\/p>\n<p>Alors que les dits TAD n&rsquo;ont pas \u00e9t\u00e9 mis en place imm\u00e9diatement sur la ligne des C\u00e9vennes, notamment dans  les gares de Monistrol d&rsquo;Allier, Alleyras et Chapeauroux, apr\u00e8s le d\u00e9raillement du train TER \u00e0 Villefort fin octobre 2024, il a fallu attendre presque un mois pour les r\u00e9tablir en faisant intervenir le d\u00e9put\u00e9 local, Jean-Pierre Vigier, seul interlocuteur efficace aupr\u00e8s de la r\u00e9gion, dont la surdit\u00e9 envers les usagers du train devient l\u00e9gendaire.<\/p>\n<p>Voici le t\u00e9moignage \u00e9difiant des mauvaises exp\u00e9riences v\u00e9cues par ce voyageur de Monistrol d&rsquo;Allier dans sa derni\u00e8re lettre envoy\u00e9e \u00e0 l&rsquo;\u00e9dile local : <\/p>\n<blockquote class=\"poesie\"><p>\n<em>\u00ab\u00a0Je reviens vers vous apr\u00e8s nos \u00e9changes du mois de novembre.<br \/>\nUn service de taxi \u00e0 la demande a effectivement \u00e9t\u00e9 mis en place.<br \/>\nCependant, ayant voulu l&rsquo;utiliser \u00e0 2 reprises depuis avec ma compagne, nos demandes n&rsquo;ont pas \u00e9t\u00e9 satisfaites.<\/p>\n<p>&#8211; Le vendredi 10 janvier pour un trajet Paris Monistrol d&rsquo;Allier, un taxi a \u00e9t\u00e9 r\u00e9serv\u00e9 la veille. Nous avons \u00e9t\u00e9 avis\u00e9 par SMS de la part d&rsquo;AlloCab (startup nationale) la veille au soir que la course \u00e9tait annul\u00e9e suite \u00e0 une indisponibilit\u00e9 temporaire&#8230;<\/p>\n<p>&#8211; Hier, j&rsquo;ai r\u00e9serv\u00e9 un taxi aupr\u00e8s de TER AURA pour un trajet Paris Monistrol ce jour 23\/01 avec une prise en charge \u00e0 18h30 \u00e0 Langeac. \u00c0 19h00, Allocab m&rsquo;a avis\u00e9 dans les m\u00eames conditions et pour la m\u00eame raison que la course \u00e9tait annul\u00e9e&#8230;<\/p>\n<p>Dans les deux cas, nous nous sommes retourn\u00e9s vers TER AURA qui dit ne pouvoir rien faire et nous demande de r\u00e9gler directement le probl\u00e8me avec AlloCab !<\/p>\n<p>Il a bien sur \u00e9t\u00e9 impossible d&rsquo;obtenir gain de cause aupr\u00e8s de cette structure, sans parler des difficult\u00e9s \u00e0 la joindre.<\/p>\n<p>Nous trouvons quand m\u00eame anormal que TER AURA, donneur d&rsquo;ordre dans cette affaire, demande au client de r\u00e9gler un probl\u00e8me qui n&rsquo;est pas de son ressort et pour lequel il n&rsquo;a aucun moyen de pression.<\/p>\n<p>La direction d&rsquo;activit\u00e9 TER du Conseil R\u00e9gional peut-elle intervenir pour que ce service fonctionne de mani\u00e8re efficace ou qu&rsquo;une alternative locale \u00e0 AlloCab soit trouv\u00e9e en cas de difficult\u00e9 ?<\/p>\n<p>Merci de votre aide.\u00a0\u00bb<\/em>\n<\/p><\/blockquote>\n<p>Une nouvelle d\u00e9l\u00e9gation d&rsquo;un probl\u00e8me et d&rsquo;une responsabilit\u00e9 \u00e0 un tiers priv\u00e9 certainement tr\u00e8s pratique pour la collectivit\u00e9 r\u00e9gionale dans l&rsquo;objectif de faire des \u00e9conomies sur le dos des usagers ruraux.  <\/p>\n<p><em>En fait non, pas partout.<\/em><br \/>\n<img loading=\"lazy\" decoding=\"async\" class=\" aligncenter size-full wp-image-5500\" src=\"http:\/\/5.45.101.177\/haut-allier\/usagers-transportse\/wp-content\/uploads\/2025\/01\/iveco_bus_crossway_line_np_-_srt_-_montbrison_ligne_l11-jpg-4032_3024-01-24-2025_10_10_am.jpg\" alt=\"iveco_bus_crossway_line_np_-_srt_-_montbrison_ligne_l11-jpg-4032_3024--01-24-2025_10_10_am.jpg\" align=\"center\" width=\"489\" height=\"296\" srcset=\"https:\/\/usagers-transports.haut-allier.eu\/wp-content\/uploads\/2025\/01\/iveco_bus_crossway_line_np_-_srt_-_montbrison_ligne_l11-jpg-4032_3024-01-24-2025_10_10_am.jpg 489w, https:\/\/usagers-transports.haut-allier.eu\/wp-content\/uploads\/2025\/01\/iveco_bus_crossway_line_np_-_srt_-_montbrison_ligne_l11-jpg-4032_3024-01-24-2025_10_10_am-300x182.jpg 300w\" sizes=\"auto, (max-width: 489px) 100vw, 489px\" \/><\/p>\n","protected":false},"excerpt":{"rendered":"<p>La r\u00e9gion Auvergne Rh\u00f4ne Alpes vient de confier la gestion des Taxis \u00e0 la demande, dispositif mis en<\/p>\n","protected":false},"author":1,"featured_media":5499,"comment_status":"open","ping_status":"open","sticky":false,"template":"","format":"standard","meta":{"footnotes":""},"categories":[3],"tags":[],"class_list":["post-1176","post","type-post","status-publish","format-standard","has-post-thumbnail","hentry","category-en-train"],"_links":{"self":[{"href":"https:\/\/usagers-transports.haut-allier.eu\/index.php\/wp-json\/wp\/v2\/posts\/1176","targetHints":{"allow":["GET"]}}],"collection":[{"href":"https:\/\/usagers-transports.haut-allier.eu\/index.php\/wp-json\/wp\/v2\/posts"}],"about":[{"href":"https:\/\/usagers-transports.haut-allier.eu\/index.php\/wp-json\/wp\/v2\/types\/post"}],"author":[{"embeddable":true,"href":"https:\/\/usagers-transports.haut-allier.eu\/index.php\/wp-json\/wp\/v2\/users\/1"}],"replies":[{"embeddable":true,"href":"https:\/\/usagers-transports.haut-allier.eu\/index.php\/wp-json\/wp\/v2\/comments?post=1176"}],"version-history":[{"count":0,"href":"https:\/\/usagers-transports.haut-allier.eu\/index.php\/wp-json\/wp\/v2\/posts\/1176\/revisions"}],"wp:featuredmedia":[{"embeddable":true,"href":"https:\/\/usagers-transports.haut-allier.eu\/index.php\/wp-json\/wp\/v2\/media\/5499"}],"wp:attachment":[{"href":"https:\/\/usagers-transports.haut-allier.eu\/index.php\/wp-json\/wp\/v2\/media?parent=1176"}],"wp:term":[{"taxonomy":"category","embeddable":true,"href":"https:\/\/usagers-transports.haut-allier.eu\/index.php\/wp-json\/wp\/v2\/categories?post=1176"},{"taxonomy":"post_tag","embeddable":true,"href":"https:\/\/usagers-transports.haut-allier.eu\/index.php\/wp-json\/wp\/v2\/tags?post=1176"}],"curies":[{"name":"wp","href":"https:\/\/api.w.org\/{rel}","templated":true}]}}