{"id":1177,"date":"2025-01-24T12:31:04","date_gmt":"2025-01-24T11:31:04","guid":{"rendered":"http:\/\/5.45.101.177\/haut-allier\/usagers-transportse\/index.php\/2025\/01\/24\/disparition-de-la-ligne-felletin1177\/"},"modified":"2025-01-24T12:31:04","modified_gmt":"2025-01-24T11:31:04","slug":"disparition-de-la-ligne-felletin1177","status":"publish","type":"post","link":"https:\/\/usagers-transports.haut-allier.eu\/index.php\/2025\/01\/24\/disparition-de-la-ligne-felletin1177\/","title":{"rendered":"Disparition de la ligne Felletin Gu\u00e9ret : ne restons pas passifs !"},"content":{"rendered":"<p>Une op\u00e9ration que nous pouvons tous mener \u00e0 notre petit niveau de voyageurs solidaires, d\u00e8s maintenant pour faire remonter les statistiques d&#8217;emprunt de la ligne, qui sont actuellement tr\u00e8s basses malgr\u00e9 les ajustements horaires r\u00e9alis\u00e9s r\u00e9cemment, une d\u00e9marche fortement sugg\u00e9r\u00e9 par un usager militant originaire de la Creuse : la fr\u00e9quentation entre 2022 et 2023 selon les donn\u00e9es SNCF entre Aubusson et Felletin avoisinnait les 7 voyageurs par jour, nous pensons effectivement que c&rsquo;est tr\u00e8s bas.<\/p>\n<p><img loading=\"lazy\" decoding=\"async\" class=\" aligncenter size-full wp-image-5502\" src=\"http:\/\/5.45.101.177\/haut-allier\/usagers-transportse\/wp-content\/uploads\/2025\/01\/billet-aubusson-felletin.jpg\" alt=\"billet-aubusson-felletin.jpg\" align=\"center\" width=\"600\" height=\"488\" srcset=\"https:\/\/usagers-transports.haut-allier.eu\/wp-content\/uploads\/2025\/01\/billet-aubusson-felletin.jpg 600w, https:\/\/usagers-transports.haut-allier.eu\/wp-content\/uploads\/2025\/01\/billet-aubusson-felletin-300x244.jpg 300w\" sizes=\"auto, (max-width: 600px) 100vw, 600px\" \/><\/p>\n<p>Comment faire bondir ces statistiques ? L&rsquo;id\u00e9e est que l&rsquo;on ach\u00e8te durant quelques jours ou semaines r\u00e9guli\u00e8rement des billets Felletin &#8211; Aubusson \u00e0 bas prix, par exemple 4 ou 5 par jour, nous pourrions doper la fr\u00e9quentation de 400% !<\/p>\n<p>Voici les horaires des trains, il y a 2 allers &#8211; retours par jour.<\/p>\n<p>Dans le sens Felletin Aubusson sur le site <a href=\"https:\/\/www.thetrainline.com\"><em>theTrainline<\/em><\/a> :<br \/>\n<img loading=\"lazy\" decoding=\"async\" class=\" aligncenter size-full wp-image-5503\" src=\"http:\/\/5.45.101.177\/haut-allier\/usagers-transportse\/wp-content\/uploads\/2025\/01\/resultats-de-recherche-trainline-01-24-2025_11_23_am.jpg\" alt=\"resultats-de-recherche-trainline-01-24-2025_11_23_am.jpg\" align=\"center\" width=\"427\" height=\"287\" srcset=\"https:\/\/usagers-transports.haut-allier.eu\/wp-content\/uploads\/2025\/01\/resultats-de-recherche-trainline-01-24-2025_11_23_am.jpg 427w, https:\/\/usagers-transports.haut-allier.eu\/wp-content\/uploads\/2025\/01\/resultats-de-recherche-trainline-01-24-2025_11_23_am-300x202.jpg 300w\" sizes=\"auto, (max-width: 427px) 100vw, 427px\" \/><\/p>\n<p>Dans le sens Aubusson Felletin :<br \/>\n<img loading=\"lazy\" decoding=\"async\" class=\" aligncenter size-full wp-image-5504\" src=\"http:\/\/5.45.101.177\/haut-allier\/usagers-transportse\/wp-content\/uploads\/2025\/01\/resultats-de-recherche-trainline-01-24-2025_11_24_am.jpg\" alt=\"resultats-de-recherche-trainline-01-24-2025_11_24_am.jpg\" align=\"center\" width=\"428\" height=\"296\" srcset=\"https:\/\/usagers-transports.haut-allier.eu\/wp-content\/uploads\/2025\/01\/resultats-de-recherche-trainline-01-24-2025_11_24_am.jpg 428w, https:\/\/usagers-transports.haut-allier.eu\/wp-content\/uploads\/2025\/01\/resultats-de-recherche-trainline-01-24-2025_11_24_am-300x207.jpg 300w\" sizes=\"auto, (max-width: 428px) 100vw, 428px\" \/><\/p>\n<p>Mais c&rsquo;est sans compter sur les cartes de r\u00e9duction. Allons sur le site r\u00e9gional :<\/p>\n<p>https:\/\/www.ter.sncf.com\/nouvelle-aquitaine<\/p>\n<p>Choissons des billets \u00ab\u00a0solidaires\u00a0\u00bb \u00e0 1,2 euro. La proc\u00e9dure :<\/p>\n<p><img loading=\"lazy\" decoding=\"async\" class=\" aligncenter size-full wp-image-5505\" src=\"http:\/\/5.45.101.177\/haut-allier\/usagers-transportse\/wp-content\/uploads\/2025\/01\/horaires-de-trains-et-prix-de-votre-itineraire-sncf-ter-nouvelle-aquitaine-01-24-2025_11_40_am.jpg\" alt=\"horaires-de-trains-et-prix-de-votre-itineraire-sncf-ter-nouvelle-aquitaine-01-24-2025_11_40_am.jpg\" align=\"center\" width=\"913\" height=\"714\" srcset=\"https:\/\/usagers-transports.haut-allier.eu\/wp-content\/uploads\/2025\/01\/horaires-de-trains-et-prix-de-votre-itineraire-sncf-ter-nouvelle-aquitaine-01-24-2025_11_40_am.jpg 913w, https:\/\/usagers-transports.haut-allier.eu\/wp-content\/uploads\/2025\/01\/horaires-de-trains-et-prix-de-votre-itineraire-sncf-ter-nouvelle-aquitaine-01-24-2025_11_40_am-300x235.jpg 300w, https:\/\/usagers-transports.haut-allier.eu\/wp-content\/uploads\/2025\/01\/horaires-de-trains-et-prix-de-votre-itineraire-sncf-ter-nouvelle-aquitaine-01-24-2025_11_40_am-768x601.jpg 768w\" sizes=\"auto, (max-width: 913px) 100vw, 913px\" \/><\/p>\n<p><img loading=\"lazy\" decoding=\"async\" class=\" aligncenter size-full wp-image-5506\" src=\"http:\/\/5.45.101.177\/haut-allier\/usagers-transportse\/wp-content\/uploads\/2025\/01\/offres-de-felletin-vers-aubusson-pour-le-mardi-28-janvier-sncf-ter-nouvelle-aquitaine-01-24-2025_11_41_am.jpg\" alt=\"offres-de-felletin-vers-aubusson-pour-le-mardi-28-janvier-sncf-ter-nouvelle-aquitaine-01-24-2025_11_41_am.jpg\" align=\"center\" width=\"1296\" height=\"566\" srcset=\"https:\/\/usagers-transports.haut-allier.eu\/wp-content\/uploads\/2025\/01\/offres-de-felletin-vers-aubusson-pour-le-mardi-28-janvier-sncf-ter-nouvelle-aquitaine-01-24-2025_11_41_am.jpg 1296w, https:\/\/usagers-transports.haut-allier.eu\/wp-content\/uploads\/2025\/01\/offres-de-felletin-vers-aubusson-pour-le-mardi-28-janvier-sncf-ter-nouvelle-aquitaine-01-24-2025_11_41_am-300x131.jpg 300w, https:\/\/usagers-transports.haut-allier.eu\/wp-content\/uploads\/2025\/01\/offres-de-felletin-vers-aubusson-pour-le-mardi-28-janvier-sncf-ter-nouvelle-aquitaine-01-24-2025_11_41_am-1024x447.jpg 1024w, https:\/\/usagers-transports.haut-allier.eu\/wp-content\/uploads\/2025\/01\/offres-de-felletin-vers-aubusson-pour-le-mardi-28-janvier-sncf-ter-nouvelle-aquitaine-01-24-2025_11_41_am-768x335.jpg 768w\" sizes=\"auto, (max-width: 1296px) 100vw, 1296px\" \/><\/p>\n<p><img loading=\"lazy\" decoding=\"async\" class=\" aligncenter size-full wp-image-5507\" src=\"http:\/\/5.45.101.177\/haut-allier\/usagers-transportse\/wp-content\/uploads\/2025\/01\/panier-sncf-ter-nouvelle-aquitaine-01-24-2025_11_42_am.jpg\" alt=\"panier-sncf-ter-nouvelle-aquitaine-01-24-2025_11_42_am.jpg\" align=\"center\" width=\"549\" height=\"633\" srcset=\"https:\/\/usagers-transports.haut-allier.eu\/wp-content\/uploads\/2025\/01\/panier-sncf-ter-nouvelle-aquitaine-01-24-2025_11_42_am.jpg 549w, https:\/\/usagers-transports.haut-allier.eu\/wp-content\/uploads\/2025\/01\/panier-sncf-ter-nouvelle-aquitaine-01-24-2025_11_42_am-260x300.jpg 260w\" sizes=\"auto, (max-width: 549px) 100vw, 549px\" \/><\/p>\n<p>Remplissez avec un nom et un \u00e2ge :<br \/>\n<img loading=\"lazy\" decoding=\"async\" class=\" aligncenter size-full wp-image-5508\" src=\"http:\/\/5.45.101.177\/haut-allier\/usagers-transportse\/wp-content\/uploads\/2025\/01\/informations-voyageurs-du-panier-sncf-ter-nouvelle-aquitaine-01-24-2025_11_44_am.jpg\" alt=\"informations-voyageurs-du-panier-sncf-ter-nouvelle-aquitaine-01-24-2025_11_44_am.jpg\" align=\"center\" width=\"509\" height=\"593\" srcset=\"https:\/\/usagers-transports.haut-allier.eu\/wp-content\/uploads\/2025\/01\/informations-voyageurs-du-panier-sncf-ter-nouvelle-aquitaine-01-24-2025_11_44_am.jpg 509w, https:\/\/usagers-transports.haut-allier.eu\/wp-content\/uploads\/2025\/01\/informations-voyageurs-du-panier-sncf-ter-nouvelle-aquitaine-01-24-2025_11_44_am-258x300.jpg 258w\" sizes=\"auto, (max-width: 509px) 100vw, 509px\" \/><\/p>\n<p><img loading=\"lazy\" decoding=\"async\" class=\" aligncenter size-full wp-image-5509\" src=\"http:\/\/5.45.101.177\/haut-allier\/usagers-transportse\/wp-content\/uploads\/2025\/01\/details-du-paiement-sncf-ter-nouvelle-aquitaine-01-24-2025_11_46_am.jpg\" alt=\"details-du-paiement-sncf-ter-nouvelle-aquitaine-01-24-2025_11_46_am.jpg\" align=\"center\" width=\"498\" height=\"300\" srcset=\"https:\/\/usagers-transports.haut-allier.eu\/wp-content\/uploads\/2025\/01\/details-du-paiement-sncf-ter-nouvelle-aquitaine-01-24-2025_11_46_am.jpg 498w, https:\/\/usagers-transports.haut-allier.eu\/wp-content\/uploads\/2025\/01\/details-du-paiement-sncf-ter-nouvelle-aquitaine-01-24-2025_11_46_am-300x181.jpg 300w\" sizes=\"auto, (max-width: 498px) 100vw, 498px\" \/><\/p>\n<p><img loading=\"lazy\" decoding=\"async\" class=\" aligncenter size-full wp-image-5510\" src=\"http:\/\/5.45.101.177\/haut-allier\/usagers-transportse\/wp-content\/uploads\/2025\/01\/page-de-paiement-01-24-2025_11_49_am.jpg\" alt=\"page-de-paiement-01-24-2025_11_49_am.jpg\" align=\"center\" width=\"1240\" height=\"612\" srcset=\"https:\/\/usagers-transports.haut-allier.eu\/wp-content\/uploads\/2025\/01\/page-de-paiement-01-24-2025_11_49_am.jpg 1240w, https:\/\/usagers-transports.haut-allier.eu\/wp-content\/uploads\/2025\/01\/page-de-paiement-01-24-2025_11_49_am-300x148.jpg 300w, https:\/\/usagers-transports.haut-allier.eu\/wp-content\/uploads\/2025\/01\/page-de-paiement-01-24-2025_11_49_am-1024x505.jpg 1024w, https:\/\/usagers-transports.haut-allier.eu\/wp-content\/uploads\/2025\/01\/page-de-paiement-01-24-2025_11_49_am-768x379.jpg 768w\" sizes=\"auto, (max-width: 1240px) 100vw, 1240px\" \/><\/p>\n<p><img loading=\"lazy\" decoding=\"async\" class=\" aligncenter size-full wp-image-5511\" src=\"http:\/\/5.45.101.177\/haut-allier\/usagers-transportse\/wp-content\/uploads\/2025\/01\/merci-pour-votre-commande-sncf-ter-nouvelle-aquitaine-01-24-2025_11_51_am.jpg\" alt=\"merci-pour-votre-commande-sncf-ter-nouvelle-aquitaine-01-24-2025_11_51_am.jpg\" align=\"center\" width=\"504\" height=\"450\" srcset=\"https:\/\/usagers-transports.haut-allier.eu\/wp-content\/uploads\/2025\/01\/merci-pour-votre-commande-sncf-ter-nouvelle-aquitaine-01-24-2025_11_51_am.jpg 504w, https:\/\/usagers-transports.haut-allier.eu\/wp-content\/uploads\/2025\/01\/merci-pour-votre-commande-sncf-ter-nouvelle-aquitaine-01-24-2025_11_51_am-300x268.jpg 300w\" sizes=\"auto, (max-width: 504px) 100vw, 504px\" \/><\/p>\n<p>Mr DurandDurand a son billet.<br \/>\n<img loading=\"lazy\" decoding=\"async\" class=\" aligncenter size-full wp-image-5512\" src=\"http:\/\/5.45.101.177\/haut-allier\/usagers-transportse\/wp-content\/uploads\/2025\/01\/eto-c87cbbca-c28d-4f95-874b-90def70611f4-01-24-2025_11_52_am.jpg\" alt=\"eto-c87cbbca-c28d-4f95-874b-90def70611f4-01-24-2025_11_52_am.jpg\" align=\"center\" width=\"744\" height=\"369\" srcset=\"https:\/\/usagers-transports.haut-allier.eu\/wp-content\/uploads\/2025\/01\/eto-c87cbbca-c28d-4f95-874b-90def70611f4-01-24-2025_11_52_am.jpg 744w, https:\/\/usagers-transports.haut-allier.eu\/wp-content\/uploads\/2025\/01\/eto-c87cbbca-c28d-4f95-874b-90def70611f4-01-24-2025_11_52_am-300x149.jpg 300w\" sizes=\"auto, (max-width: 744px) 100vw, 744px\" \/><\/p>\n<p><strong>Ainsi si nous voulons faire oeuvre commune et si on a un petit budget de quelques euros par jour, nous allons faire bondir les statistiques de fr\u00e9quentation et sans doute \u00e9viter la fermeture.<\/strong><\/p>\n<p>Par exemple prenons un billet le matin Felletin Aubusson et un billet le soir pour le retour, c&rsquo;est 2,40 par jour d\u00e9pens\u00e9s pour la bonne cause. On fait \u00e7a durant deux semaines&#8230; A vos porte-monnaies. Bien entendu vous pouvez faire pareil \u00e0 tous les guichets. Il ne vous sera pas demand\u00e9 de justifier votre choix \u00ab\u00a0de billet solidaire\u00a0\u00bb. <\/p>\n","protected":false},"excerpt":{"rendered":"<p>Une op\u00e9ration que nous pouvons tous mener \u00e0 notre petit niveau de voyageurs solidaires, d\u00e8s maintenant pour faire<\/p>\n","protected":false},"author":1,"featured_media":5501,"comment_status":"open","ping_status":"open","sticky":false,"template":"","format":"standard","meta":{"footnotes":""},"categories":[3],"tags":[],"class_list":["post-1177","post","type-post","status-publish","format-standard","has-post-thumbnail","hentry","category-en-train"],"_links":{"self":[{"href":"https:\/\/usagers-transports.haut-allier.eu\/index.php\/wp-json\/wp\/v2\/posts\/1177","targetHints":{"allow":["GET"]}}],"collection":[{"href":"https:\/\/usagers-transports.haut-allier.eu\/index.php\/wp-json\/wp\/v2\/posts"}],"about":[{"href":"https:\/\/usagers-transports.haut-allier.eu\/index.php\/wp-json\/wp\/v2\/types\/post"}],"author":[{"embeddable":true,"href":"https:\/\/usagers-transports.haut-allier.eu\/index.php\/wp-json\/wp\/v2\/users\/1"}],"replies":[{"embeddable":true,"href":"https:\/\/usagers-transports.haut-allier.eu\/index.php\/wp-json\/wp\/v2\/comments?post=1177"}],"version-history":[{"count":0,"href":"https:\/\/usagers-transports.haut-allier.eu\/index.php\/wp-json\/wp\/v2\/posts\/1177\/revisions"}],"wp:featuredmedia":[{"embeddable":true,"href":"https:\/\/usagers-transports.haut-allier.eu\/index.php\/wp-json\/wp\/v2\/media\/5501"}],"wp:attachment":[{"href":"https:\/\/usagers-transports.haut-allier.eu\/index.php\/wp-json\/wp\/v2\/media?parent=1177"}],"wp:term":[{"taxonomy":"category","embeddable":true,"href":"https:\/\/usagers-transports.haut-allier.eu\/index.php\/wp-json\/wp\/v2\/categories?post=1177"},{"taxonomy":"post_tag","embeddable":true,"href":"https:\/\/usagers-transports.haut-allier.eu\/index.php\/wp-json\/wp\/v2\/tags?post=1177"}],"curies":[{"name":"wp","href":"https:\/\/api.w.org\/{rel}","templated":true}]}}